{"id":27952,"date":"2021-02-02T11:32:15","date_gmt":"2021-02-02T10:32:15","guid":{"rendered":"http:\/\/www.rwg-bayreuth.de\/home\/?p=27952"},"modified":"2021-02-02T16:53:37","modified_gmt":"2021-02-02T15:53:37","slug":"lateinischer-adventskalender","status":"publish","type":"post","link":"https:\/\/www.rwg-bayreuth.de\/home\/?p=27952","title":{"rendered":"Lateinischer Adventskalender &#8211; die Auswertung"},"content":{"rendered":"<p>Lange ist\u2019s her\u2026. \u2013 die Auswertung des lateinischen Adventskalenders steht fest!<\/p>\n<p><a href=\"https:\/\/www.rwg-bayreuth.de\/home\/wp-content\/uploads\/2021\/02\/Loesungen_Adventskalender.jpg\"><img loading=\"lazy\" decoding=\"async\" src=\"https:\/\/www.rwg-bayreuth.de\/home\/wp-content\/uploads\/2021\/02\/Loesungen_Adventskalender.jpg\" alt=\"\" width=\"800\" height=\"533\" class=\"aligncenter size-full wp-image-27954\" srcset=\"https:\/\/www.rwg-bayreuth.de\/home\/wp-content\/uploads\/2021\/02\/Loesungen_Adventskalender.jpg 800w, https:\/\/www.rwg-bayreuth.de\/home\/wp-content\/uploads\/2021\/02\/Loesungen_Adventskalender-450x300.jpg 450w, https:\/\/www.rwg-bayreuth.de\/home\/wp-content\/uploads\/2021\/02\/Loesungen_Adventskalender-768x512.jpg 768w, https:\/\/www.rwg-bayreuth.de\/home\/wp-content\/uploads\/2021\/02\/Loesungen_Adventskalender-250x167.jpg 250w\" sizes=\"(max-width: 800px) 100vw, 800px\" \/><\/a><\/p>\n<p>Vielleicht k\u00f6nnen sich nicht mehr alle von euch daran erinnern\u2026aber dieses Jahr gab es zum ersten Mal f\u00fcr alle Lateinlerner in unserer Schulfamilie \u2013 und auch solche, die es vielleicht noch werden wollen \u2013 einen lateinischen Adventskalender!<\/p>\n<p>Vom 1. Dezember bis Weihnachten (hier sogar bis zum 1.+2.Weichnachtsfeiertag) fand sich  t\u00e4glich eine durchaus knifflige Quizaufgabe rund um das Thema der antiken Kultur bzw. des Lebens in Rom oder aber der griechisch-r\u00f6mischen Geschichte in unserer RWG-Cloud eingestellt; es waren Fremdwortkenntnisse und literarisches Wissen gefragt, die Mitratenden mussten sich in den Nachbarf\u00e4chern der Mathematik, Religion\/Ethik und Philosophie auskennen, manchmal half schlie\u00dflich auch ein Blick in die aktuellen Nachrichten etc.<\/p>\n<p>Ob bei der Erstellung wohl auch eine Vorahnung dabei war? Denn genau zu dem Zeitpunkt, als im Adventskalender eine Frage zum Thema \u201ar\u00f6mische K\u00fcche\u2018 gestellt wurde, zeigten die Nachrichten einen neuen Fund aus Pompeji \u2013 man hatte doch tats\u00e4chlich einen r\u00f6mischen \u201aSchnellimbiss\u2018 ausgegraben\u2026<\/p>\n<ul class=\"linkliste\">\n<li><a href=\"https:\/\/www.tagesschau.de\/multimedia\/video\/video-801511.html\" rel=\"noopener\" target=\"_blank\">Hier findet sich der Link zum Beitrag der Tagesschau vom 26.12.2020<\/a><\/li>\n<\/ul>\n<p>Auch wenn die Aufgaben vom Prinzip her meist nach dem Single-Choice-Prinzip aufgebaut waren, d\u00fcrften die K\u00f6pfe insgesamt das eine oder andere Mal jedenfalls ganz sch\u00f6n geraucht haben!<\/p>\n<p>Die insgesamt 26 Antworten sollten mit dem jeweils ausgew\u00e4hlten Buchstaben bzw. einem Begriff in den eigens daf\u00fcr kreierten R\u00fccklaufzettel eingetragen werden, als Abgabetermin war der 6. Januar in den Weihnachtsferien terminiert.<\/p>\n<p>Umso erfreulicher war dann f\u00fcr die Fachschaftsleiterin Frau Track, die gleichzeitig auch das Projekt initiiert hatte, die Tatsache, dass insgesamt bis zum Abgabedatum fast 30 R\u00fcckmeldungen von unseren Sch\u00fcler*innen eingestellt waren \u2013 vielen Dank f\u00fcr das flei\u00dfige Mitraten! <\/p>\n<p>Leider kam dann die Phase der zweiten Schulschlie\u00dfung in die Quere, sodass die Auswertung der tollen Antworten und zum Teil kreativen Beitr\u00e4ge etwas auf sich warten hat lassen: Das Mitmachen und R\u00e4tseln \u2013 und auch das Warten! \u2013 hat sich f\u00fcr viele Lateinlerner am RWG definitiv gelohnt!<\/p>\n<p>Ausgelobt waren im Vorfeld mehrere Preise f\u00fcr unterschiedliche \u201aRategruppen\u2018: Neben den Gesamtsiegern der Schule gab es demnach noch zahlreiche Einzelwertungen\u2026<br \/>\nUnd damit steht das Ergebnis wie folgt fest:<\/p>\n<h6>Gesamtsieger:<\/h6>\n<p>Anna Maria Petschenig, 7c \/ Amelie Fuchs, 7a \/ Maxi Stadter, Q11<\/p>\n<h6>ratefreudigste Gruppe: <\/h6>\n<p>Lateingruppe der 7ac <\/p>\n<h6>erfolgreichster j\u00fcngster Lateinlerner (der 6. Klassen): <\/h6>\n<p>Lilly Mellenthin, 6d<\/p>\n<h6>bester Kandidat des Oberstufen-Lateinkurses (Q11\/12): <\/h6>\n<p>Maxi Stadter, Q11<\/p>\n<h6>\u201aSonderwertung\u2018: <\/h6>\n<p>Emilia Neise, 9c <\/p>\n<p>Wenn es die Hygienebestimmungen zulassen und der Pr\u00e4senzunterricht wieder aufgenommen ist, soll es nat\u00fcrlich auch eine entsprechende Preisverleihung geben! Ihr d\u00fcrft also gespannt sein\u2026<br \/>\nEin gro\u00dfes Dankesch\u00f6n nochmals an alle Sch\u00fcler\/innen f\u00fcr ihre engagierte Teilnahme! Die Durchsicht eurer R\u00fccklaufzettel hat nicht nur gro\u00dfen Spa\u00df gemacht, es war auch ersichtlich, dass ihr einiges \u00fcber die lateinische Sprache und das Leben im alten Rom  (abseits des regul\u00e4ren Lateinunterrichts) dazugelernt habt \u2013 bene fecistis!<\/p>\n<p><em>S. Track<\/em><\/p>\n","protected":false},"excerpt":{"rendered":"<p>Lange ist\u2019s her\u2026. \u2013 die Auswertung des lateinischen Adventskalenders steht fest! Vielleicht k\u00f6nnen sich nicht mehr alle von euch daran erinnern\u2026aber dieses Jahr gab es zum ersten Mal f\u00fcr alle Lateinlerner in unserer Schulfamilie \u2013 und auch solche, die es vielleicht noch werden wollen \u2013 einen lateinischen Adventskalender! Vom 1. Dezember bis Weihnachten (hier sogar&hellip;<\/p>\n","protected":false},"author":11,"featured_media":27954,"comment_status":"closed","ping_status":"closed","sticky":false,"template":"","format":"standard","meta":{"footnotes":""},"categories":[1],"tags":[51,67],"_links":{"self":[{"href":"https:\/\/www.rwg-bayreuth.de\/home\/index.php?rest_route=\/wp\/v2\/posts\/27952"}],"collection":[{"href":"https:\/\/www.rwg-bayreuth.de\/home\/index.php?rest_route=\/wp\/v2\/posts"}],"about":[{"href":"https:\/\/www.rwg-bayreuth.de\/home\/index.php?rest_route=\/wp\/v2\/types\/post"}],"author":[{"embeddable":true,"href":"https:\/\/www.rwg-bayreuth.de\/home\/index.php?rest_route=\/wp\/v2\/users\/11"}],"replies":[{"embeddable":true,"href":"https:\/\/www.rwg-bayreuth.de\/home\/index.php?rest_route=%2Fwp%2Fv2%2Fcomments&post=27952"}],"version-history":[{"count":6,"href":"https:\/\/www.rwg-bayreuth.de\/home\/index.php?rest_route=\/wp\/v2\/posts\/27952\/revisions"}],"predecessor-version":[{"id":27966,"href":"https:\/\/www.rwg-bayreuth.de\/home\/index.php?rest_route=\/wp\/v2\/posts\/27952\/revisions\/27966"}],"wp:featuredmedia":[{"embeddable":true,"href":"https:\/\/www.rwg-bayreuth.de\/home\/index.php?rest_route=\/wp\/v2\/media\/27954"}],"wp:attachment":[{"href":"https:\/\/www.rwg-bayreuth.de\/home\/index.php?rest_route=%2Fwp%2Fv2%2Fmedia&parent=27952"}],"wp:term":[{"taxonomy":"category","embeddable":true,"href":"https:\/\/www.rwg-bayreuth.de\/home\/index.php?rest_route=%2Fwp%2Fv2%2Fcategories&post=27952"},{"taxonomy":"post_tag","embeddable":true,"href":"https:\/\/www.rwg-bayreuth.de\/home\/index.php?rest_route=%2Fwp%2Fv2%2Ftags&post=27952"}],"curies":[{"name":"wp","href":"https:\/\/api.w.org\/{rel}","templated":true}]}}