{"id":27893,"date":"2021-01-22T07:31:00","date_gmt":"2021-01-22T06:31:00","guid":{"rendered":"http:\/\/www.rwg-bayreuth.de\/home\/?p=27893"},"modified":"2021-10-19T18:38:45","modified_gmt":"2021-10-19T16:38:45","slug":"22-01-2021-der-digitale-deutsch-franzoesische-tag-am-rwg","status":"publish","type":"post","link":"https:\/\/www.rwg-bayreuth.de\/home\/?p=27893","title":{"rendered":"22.01.2021: Der (digitale) deutsch-franz\u00f6sische Tag am RWG"},"content":{"rendered":"<p><a href=\"https:\/\/www.rwg-bayreuth.de\/home\/wp-content\/uploads\/2021\/01\/20-21-P-Sem-Franzoesich-DFT-br.jpg\"><img decoding=\"async\" src=\"https:\/\/www.rwg-bayreuth.de\/home\/wp-content\/uploads\/2021\/01\/20-21-P-Sem-Franzoesich-DFT-br.jpg\" alt=\"\" width=\"100%\" height=\"auto\" class=\"alignnone size-full wp-image-27904\" srcset=\"https:\/\/www.rwg-bayreuth.de\/home\/wp-content\/uploads\/2021\/01\/20-21-P-Sem-Franzoesich-DFT-br.jpg 1554w, https:\/\/www.rwg-bayreuth.de\/home\/wp-content\/uploads\/2021\/01\/20-21-P-Sem-Franzoesich-DFT-br-450x150.jpg 450w, https:\/\/www.rwg-bayreuth.de\/home\/wp-content\/uploads\/2021\/01\/20-21-P-Sem-Franzoesich-DFT-br-1024x341.jpg 1024w, https:\/\/www.rwg-bayreuth.de\/home\/wp-content\/uploads\/2021\/01\/20-21-P-Sem-Franzoesich-DFT-br-768x256.jpg 768w, https:\/\/www.rwg-bayreuth.de\/home\/wp-content\/uploads\/2021\/01\/20-21-P-Sem-Franzoesich-DFT-br-1536x512.jpg 1536w, https:\/\/www.rwg-bayreuth.de\/home\/wp-content\/uploads\/2021\/01\/20-21-P-Sem-Franzoesich-DFT-br-250x83.jpg 250w\" sizes=\"(max-width: 1554px) 100vw, 1554px\" \/><\/a><br \/>\n<!--<a href=\"https:\/\/www.rwg-bayreuth.de\/home\/wp-content\/uploads\/2021\/01\/20-21-P-Sem-Franzoesich-B.jpg\"><img loading=\"lazy\" decoding=\"async\" src=\"https:\/\/www.rwg-bayreuth.de\/home\/wp-content\/uploads\/2021\/01\/20-21-P-Sem-Franzoesich-B-450x300.jpg\" alt=\"\" width=\"450\" height=\"300\" class=\"aligncenter size-medium wp-image-27895\" srcset=\"https:\/\/www.rwg-bayreuth.de\/home\/wp-content\/uploads\/2021\/01\/20-21-P-Sem-Franzoesich-B-450x300.jpg 450w, https:\/\/www.rwg-bayreuth.de\/home\/wp-content\/uploads\/2021\/01\/20-21-P-Sem-Franzoesich-B-250x167.jpg 250w, https:\/\/www.rwg-bayreuth.de\/home\/wp-content\/uploads\/2021\/01\/20-21-P-Sem-Franzoesich-B.jpg 618w\" sizes=\"(max-width: 450px) 100vw, 450px\" \/><\/a>--><\/p>\n<p>Als wir uns im Rahmen unseres P-Seminars \u201eDeutsch-franz\u00f6sischer Tag am RWG\u201c im vergangenen Fr\u00fchjahr gerade in die Vorbereitungen geworfen hatten, mussten wir unsere Ideen bereits nach drei gemeinsamen Sitzungen wieder auf Eis legen; eigentlich wollten wir diesen Tag v\u00f6llig neu denken, malten uns gar einen Wochenendtrip nach Frankreich aus, auf dem wir einen Kurzfilm drehen und als Highlight am deutsch-franz\u00f6sischen Tag zeigen w\u00fcrden \u2013 es sollte in der Tat ein Tag f\u00fcr die Geschichtsb\u00fccher werden, ein Tag, wie es in noch nie vorher gab! Das wurde er letztlich auch, allerdings nicht (nur) wegen unserer bahnbrechenden Ideen\u2026<\/p>\n<p>Der erste Lockdown der Corona-Pandemie gab n\u00e4mlich fortan die Regeln vor und bereits im Sommer zeichnete sich ab, dass wir die urspr\u00fcnglich geplante Live-Veranstaltung mit all ihren Aktionen, Workshops und kulinarischen K\u00f6stlichkeiten an unserer Schule nicht w\u00fcrden durchf\u00fchren k\u00f6nnen.<\/p>\n<p>Daher beschlossen wir mit Beginn dieses Schuljahres, uns eine digitale und \u201eCorona-konforme\u201c Alternative zu \u00fcberlegen. So war \u2013 zumindest auf dem Papier \u2013 schnell ein Sendestudio erdacht, aus dem wir Bayreuth und der Welt unser Nachbarland auf unterhaltsame Weise n\u00e4herbringen w\u00fcrden. Doch auch der Plan, eine Veranstaltung im Livestream zu realisieren, fiel im Sp\u00e4therbst ins Wasser. Die Umsetzung war uns durch die versch\u00e4rften Corona-Ma\u00dfnahmen zu riskant, und als der zweite Lockdown verf\u00fcgt wurde, mussten wir im Dezember auch Projektvariante num\u00e9ro deux ad acta legen.<br \/>\nDie Zeit dr\u00e4ngte nun und schnell musste eine neue Idee her: wir entschlossen uns dazu, eine Reihe von Videos zu produzieren und diese dann online zu ver\u00f6ffentlichen \u2013 denn dagegen ist sogar Corona machtlos!<\/p>\n<p>Aber warum das ganze? Der deutsch-franz\u00f6sische Tag findet jedes Jahr am 22. Januar statt. Er erinnert an die deutsch-franz\u00f6sische Freundschaft und soll die Menschen in Deutschland und Frankreich mit ihrem jeweiligen Nachbarland bekannt machen. In den nun folgenden Videos lernt ihr einiges \u00fcber die franz\u00f6sische Kultur, die Geschichte der deutsch-franz\u00f6sischen Freundschaft, begebt euch auf die Spuren der Franzosen in Bayreuth, erfahrt allerhand interessantes und auch wissenswertes \u00fcber uns und unsere Nachbarn, bekommt einen Einblick in die St\u00e4dtepartnerschaft und unseren Sch\u00fcleraustausch mit Annecy und werdet am Ende vielleicht sogar noch echte Cr\u00eape-B\u00e4cker. Viel Spa\u00df mit unseren Videos! <\/p>\n<p><em>Euer P-Seminar Franz\u00f6sisch<br \/>\nunter der Leitung von Herrn Pensky<\/em><\/p>\n<hr\/>\n<h4>Deutsche und Franzosen, Klischees und Wahrheit<\/h4>\n<p> (Sophia und Johanna)<\/p>\n<div class=\"su-youtube su-u-responsive-media-yes\"><iframe loading=\"lazy\" width=\"600\" height=\"400\" src=\"https:\/\/www.youtube.com\/embed\/leYsdrcgBuI?\" frameborder=\"0\" allowfullscreen allow=\"autoplay; encrypted-media; picture-in-picture\" title=\"Deutsche und Franzosen, Klischees und Wahrheit\"><\/iframe><\/div>\n<hr\/>\n<h4>Auf den Spuren der Franzosen in Bayreuth<\/h4>\n<p> (Lea, Frederike und Pauline)<\/p>\n<div class=\"su-youtube su-u-responsive-media-yes\"><iframe loading=\"lazy\" width=\"600\" height=\"400\" src=\"https:\/\/www.youtube.com\/embed\/wx9739eCWH4?\" frameborder=\"0\" allowfullscreen allow=\"autoplay; encrypted-media; picture-in-picture\" title=\"Auf den Spuren der Franzosen in Bayreuth\"><\/iframe><\/div>\n<hr\/>\n<h4>Die St\u00e4dtepartnerschaft und der RWG-Sch\u00fcleraustausch mit Annecy<\/h4>\n<p> (Daniel)<\/p>\n<div class=\"su-youtube su-u-responsive-media-yes\"><iframe loading=\"lazy\" width=\"600\" height=\"400\" src=\"https:\/\/www.youtube.com\/embed\/xCKee3-JWHY?\" frameborder=\"0\" allowfullscreen allow=\"autoplay; encrypted-media; picture-in-picture\" title=\"Die St\u00e4dtepartnerschaft und der RWG-Sch\u00fcleraustausch mit Annecy\"><\/iframe><\/div>\n<hr\/>\n<h4>Lea und Veras Cr\u00eape-Backstudio<\/h4>\n<p> (Lea und Vera)<\/p>\n<div class=\"su-youtube su-u-responsive-media-yes\"><iframe loading=\"lazy\" width=\"600\" height=\"400\" src=\"https:\/\/www.youtube.com\/embed\/VL3J57FheaA?\" frameborder=\"0\" allowfullscreen allow=\"autoplay; encrypted-media; picture-in-picture\" title=\"Lea und Veras Cr\u00eape-Backstudio\"><\/iframe><\/div>\n<hr\/>\n<h4>Die Geschichte der deutsch-franz\u00f6sischen Freundschaft<\/h4>\n<p> (Lea)<\/p>\n<div class=\"su-youtube su-u-responsive-media-yes\"><iframe loading=\"lazy\" width=\"600\" height=\"400\" src=\"https:\/\/www.youtube.com\/embed\/YZKvcMEiKyw?\" frameborder=\"0\" allowfullscreen allow=\"autoplay; encrypted-media; picture-in-picture\" title=\"Die Geschichte der deutsch-franz\u00f6sischen Freundschaft\"><\/iframe><\/div>\n<hr\/>\n<h4>Frankreich \u2013 un quiz<\/h4>\n<p> (Amelie, Cindy, Mona)<\/p>\n<div class=\"su-youtube su-u-responsive-media-yes\"><iframe loading=\"lazy\" width=\"600\" height=\"400\" src=\"https:\/\/www.youtube.com\/embed\/69A4F3v4WQ0?\" frameborder=\"0\" allowfullscreen allow=\"autoplay; encrypted-media; picture-in-picture\" title=\"Frankreich \u2013 un quiz\"><\/iframe><\/div>\n<hr\/>\n","protected":false},"excerpt":{"rendered":"<p>Als wir uns im Rahmen unseres P-Seminars \u201eDeutsch-franz\u00f6sischer Tag am RWG\u201c im vergangenen Fr\u00fchjahr gerade in die Vorbereitungen geworfen hatten, mussten wir unsere Ideen bereits nach drei gemeinsamen Sitzungen wieder auf Eis legen; eigentlich wollten wir diesen Tag v\u00f6llig neu denken, malten uns gar einen Wochenendtrip nach Frankreich aus, auf dem wir einen Kurzfilm drehen&hellip;<\/p>\n","protected":false},"author":11,"featured_media":27895,"comment_status":"closed","ping_status":"closed","sticky":false,"template":"","format":"standard","meta":{"footnotes":""},"categories":[1],"tags":[93,51,64],"_links":{"self":[{"href":"https:\/\/www.rwg-bayreuth.de\/home\/index.php?rest_route=\/wp\/v2\/posts\/27893"}],"collection":[{"href":"https:\/\/www.rwg-bayreuth.de\/home\/index.php?rest_route=\/wp\/v2\/posts"}],"about":[{"href":"https:\/\/www.rwg-bayreuth.de\/home\/index.php?rest_route=\/wp\/v2\/types\/post"}],"author":[{"embeddable":true,"href":"https:\/\/www.rwg-bayreuth.de\/home\/index.php?rest_route=\/wp\/v2\/users\/11"}],"replies":[{"embeddable":true,"href":"https:\/\/www.rwg-bayreuth.de\/home\/index.php?rest_route=%2Fwp%2Fv2%2Fcomments&post=27893"}],"version-history":[{"count":8,"href":"https:\/\/www.rwg-bayreuth.de\/home\/index.php?rest_route=\/wp\/v2\/posts\/27893\/revisions"}],"predecessor-version":[{"id":29520,"href":"https:\/\/www.rwg-bayreuth.de\/home\/index.php?rest_route=\/wp\/v2\/posts\/27893\/revisions\/29520"}],"wp:featuredmedia":[{"embeddable":true,"href":"https:\/\/www.rwg-bayreuth.de\/home\/index.php?rest_route=\/wp\/v2\/media\/27895"}],"wp:attachment":[{"href":"https:\/\/www.rwg-bayreuth.de\/home\/index.php?rest_route=%2Fwp%2Fv2%2Fmedia&parent=27893"}],"wp:term":[{"taxonomy":"category","embeddable":true,"href":"https:\/\/www.rwg-bayreuth.de\/home\/index.php?rest_route=%2Fwp%2Fv2%2Fcategories&post=27893"},{"taxonomy":"post_tag","embeddable":true,"href":"https:\/\/www.rwg-bayreuth.de\/home\/index.php?rest_route=%2Fwp%2Fv2%2Ftags&post=27893"}],"curies":[{"name":"wp","href":"https:\/\/api.w.org\/{rel}","templated":true}]}}