{"id":27595,"date":"2020-12-14T06:01:18","date_gmt":"2020-12-14T05:01:18","guid":{"rendered":"http:\/\/www.rwg-bayreuth.de\/home\/?p=27595"},"modified":"2020-12-14T23:41:27","modified_gmt":"2020-12-14T22:41:27","slug":"menschen-des-tages","status":"publish","type":"post","link":"https:\/\/www.rwg-bayreuth.de\/home\/?p=27595","title":{"rendered":"Menschen des Tages"},"content":{"rendered":"<p><a href=\"https:\/\/www.rwg-bayreuth.de\/home\/wp-content\/uploads\/2020\/12\/20-21-RadioMainwelle.jpg\"><img loading=\"lazy\" decoding=\"async\" src=\"https:\/\/www.rwg-bayreuth.de\/home\/wp-content\/uploads\/2020\/12\/20-21-RadioMainwelle-450x300.jpg\" alt=\"\" width=\"450\" height=\"300\" class=\"aligncenter size-medium wp-image-27598\" srcset=\"https:\/\/www.rwg-bayreuth.de\/home\/wp-content\/uploads\/2020\/12\/20-21-RadioMainwelle-450x300.jpg 450w, https:\/\/www.rwg-bayreuth.de\/home\/wp-content\/uploads\/2020\/12\/20-21-RadioMainwelle-250x167.jpg 250w, https:\/\/www.rwg-bayreuth.de\/home\/wp-content\/uploads\/2020\/12\/20-21-RadioMainwelle.jpg 768w\" sizes=\"(max-width: 450px) 100vw, 450px\" \/><\/a><\/p>\n<div class=\"su-image-carousel  su-image-carousel-has-spacing su-image-carousel-crop su-image-carousel-crop-4-3 su-image-carousel-has-lightbox su-image-carousel-has-outline su-image-carousel-adaptive su-image-carousel-slides-style-minimal su-image-carousel-controls-style-light su-image-carousel-align-right\" style=\"max-width:450px\" data-flickity-options='{\"groupCells\":true,\"cellSelector\":\".su-image-carousel-item\",\"adaptiveHeight\":false,\"cellAlign\":\"left\",\"prevNextButtons\":false,\"pageDots\":false,\"autoPlay\":4000,\"imagesLoaded\":true,\"contain\":true,\"selectedAttraction\":0.14999999999999999,\"friction\":1}' id=\"su_image_carousel_69f1a1b844d7d\"><div class=\"su-image-carousel-item\"><div class=\"su-image-carousel-item-content\"><a href=\"https:\/\/www.rwg-bayreuth.de\/home\/wp-content\/uploads\/2020\/12\/20-21-Reli-MenschDesTages1.jpg\" data-caption=\"\"><img loading=\"lazy\" decoding=\"async\" width=\"768\" height=\"576\" src=\"https:\/\/www.rwg-bayreuth.de\/home\/wp-content\/uploads\/2020\/12\/20-21-Reli-MenschDesTages1-768x576.jpg\" class=\"\" alt=\"\" srcset=\"https:\/\/www.rwg-bayreuth.de\/home\/wp-content\/uploads\/2020\/12\/20-21-Reli-MenschDesTages1-768x576.jpg 768w, https:\/\/www.rwg-bayreuth.de\/home\/wp-content\/uploads\/2020\/12\/20-21-Reli-MenschDesTages1-450x338.jpg 450w, https:\/\/www.rwg-bayreuth.de\/home\/wp-content\/uploads\/2020\/12\/20-21-Reli-MenschDesTages1-250x188.jpg 250w, https:\/\/www.rwg-bayreuth.de\/home\/wp-content\/uploads\/2020\/12\/20-21-Reli-MenschDesTages1.jpg 1024w\" sizes=\"(max-width: 768px) 100vw, 768px\" \/><\/a><\/div><\/div><div class=\"su-image-carousel-item\"><div class=\"su-image-carousel-item-content\"><a href=\"https:\/\/www.rwg-bayreuth.de\/home\/wp-content\/uploads\/2020\/12\/20-21-Reli-MenschDesTages2.jpg\" data-caption=\"\"><img loading=\"lazy\" decoding=\"async\" width=\"768\" height=\"576\" src=\"https:\/\/www.rwg-bayreuth.de\/home\/wp-content\/uploads\/2020\/12\/20-21-Reli-MenschDesTages2-768x576.jpg\" class=\"\" alt=\"\" srcset=\"https:\/\/www.rwg-bayreuth.de\/home\/wp-content\/uploads\/2020\/12\/20-21-Reli-MenschDesTages2-768x576.jpg 768w, https:\/\/www.rwg-bayreuth.de\/home\/wp-content\/uploads\/2020\/12\/20-21-Reli-MenschDesTages2-450x338.jpg 450w, https:\/\/www.rwg-bayreuth.de\/home\/wp-content\/uploads\/2020\/12\/20-21-Reli-MenschDesTages2-250x188.jpg 250w, https:\/\/www.rwg-bayreuth.de\/home\/wp-content\/uploads\/2020\/12\/20-21-Reli-MenschDesTages2.jpg 1024w\" sizes=\"(max-width: 768px) 100vw, 768px\" \/><\/a><\/div><\/div><div class=\"su-image-carousel-item\"><div class=\"su-image-carousel-item-content\"><a href=\"https:\/\/www.rwg-bayreuth.de\/home\/wp-content\/uploads\/2020\/12\/20-21-Reli-MenschDesTages3.jpg\" data-caption=\"\"><img loading=\"lazy\" decoding=\"async\" width=\"768\" height=\"576\" src=\"https:\/\/www.rwg-bayreuth.de\/home\/wp-content\/uploads\/2020\/12\/20-21-Reli-MenschDesTages3-768x576.jpg\" class=\"\" alt=\"\" srcset=\"https:\/\/www.rwg-bayreuth.de\/home\/wp-content\/uploads\/2020\/12\/20-21-Reli-MenschDesTages3-768x576.jpg 768w, https:\/\/www.rwg-bayreuth.de\/home\/wp-content\/uploads\/2020\/12\/20-21-Reli-MenschDesTages3-450x338.jpg 450w, https:\/\/www.rwg-bayreuth.de\/home\/wp-content\/uploads\/2020\/12\/20-21-Reli-MenschDesTages3-250x188.jpg 250w, https:\/\/www.rwg-bayreuth.de\/home\/wp-content\/uploads\/2020\/12\/20-21-Reli-MenschDesTages3.jpg 1024w\" sizes=\"(max-width: 768px) 100vw, 768px\" \/><\/a><\/div><\/div><\/div><script id=\"su_image_carousel_69f1a1b844d7d_script\">if(window.SUImageCarousel){setTimeout(function() {window.SUImageCarousel.initGallery(document.getElementById(\"su_image_carousel_69f1a1b844d7d\"))}, 0);}var su_image_carousel_69f1a1b844d7d_script=document.getElementById(\"su_image_carousel_69f1a1b844d7d_script\");if(su_image_carousel_69f1a1b844d7d_script){su_image_carousel_69f1a1b844d7d_script.parentNode.removeChild(su_image_carousel_69f1a1b844d7d_script);}<\/script>\n<p>Gro\u00df war die Freude, als das RWG am 3.&nbsp;De&shy;zember 2020 von Radio Main&shy;welle als \u201eMensch des Tages\u201c geehrt wurde. Unsere \u201eAktion Hoff&shy;nungs&shy;schimmer\u201c soll gleich&shy;zeitig f\u00fcr ein bisschen Licht in dieser dunklen Corona-Zeit sorgen und unsere Partner&shy;schule, das PLCC in Nairobi, unter&shy;st\u00fctzen. <\/p>\n<p>Arwen, Cedric und Finja hatten begleitet von Frau Wagner und Frau K\u00f6rber die Gelegenheit, die Aktion im Interview mit Christian H\u00f6reth vorzustellen. Dabei konnte nat\u00fcrlich auch ein bisschen Studioluft geschnuppert werden und die Fragen der Sch\u00fclerInnen an die Radiomacher wurden geduldig beantwortet.<\/p>\n<p>Vielen Dank an Radio Mainwelle f\u00fcr diese tolle Auszeichnung! <\/p>\n<p>Wer die Sendung verpasst hat, findet den Mitschnitt an dieser Stelle noch einmal zum Nachh\u00f6ren. <div class=\"su-audio ohne\" data-id=\"su_audio_player_69f1a1b844d98\" data-audio=\"https:\/\/www.rwg-bayreuth.de\/home\/wp-content\/uploads\/2020\/12\/Mitschnitt-201203-16-Uhr-11.mp3\" data-swf=\"https:\/\/www.rwg-bayreuth.de\/home\/wp-content\/plugins\/shortcodes-ultimate-pro\/vendor\/jplayer\/jplayer.swf\" data-autoplay=\"no\" data-loop=\"no\" style=\"max-width:100%\"><div id=\"su_audio_player_69f1a1b844d98\" class=\"jp-jplayer\"><\/div><div id=\"su_audio_player_69f1a1b844d98_container\" class=\"jp-audio\"><div class=\"jp-type-single\"><div class=\"jp-gui jp-interface\"><div class=\"jp-controls\"><span class=\"jp-play\"><\/span><span class=\"jp-pause\"><\/span><span class=\"jp-stop\"><\/span><span class=\"jp-mute\"><\/span><span class=\"jp-unmute\"><\/span><span class=\"jp-volume-max\"><\/span><\/div><div class=\"jp-progress\"><div class=\"jp-seek-bar\"><div class=\"jp-play-bar\"><\/div><\/div><\/div><div class=\"jp-volume-bar\"><div class=\"jp-volume-bar-value\"><\/div><\/div><div class=\"jp-current-time\"><\/div><div class=\"jp-duration\"><\/div><\/div><div class=\"jp-title\"><\/div><\/div><\/div><\/div>\n<p><a href=\"https:\/\/www.rwg-bayreuth.de\/home\/wp-content\/uploads\/2020\/12\/20-21-Reli-Mensch-des-Tages-Licht.jpg\"><img decoding=\"async\" src=\"https:\/\/www.rwg-bayreuth.de\/home\/wp-content\/uploads\/2020\/12\/20-21-Reli-Mensch-des-Tages-Licht.jpg\" alt=\"\" width=\"100%\" height=\"auto\" class=\"alignnone size-full wp-image-27607\" srcset=\"https:\/\/www.rwg-bayreuth.de\/home\/wp-content\/uploads\/2020\/12\/20-21-Reli-Mensch-des-Tages-Licht.jpg 1280w, https:\/\/www.rwg-bayreuth.de\/home\/wp-content\/uploads\/2020\/12\/20-21-Reli-Mensch-des-Tages-Licht-450x253.jpg 450w, https:\/\/www.rwg-bayreuth.de\/home\/wp-content\/uploads\/2020\/12\/20-21-Reli-Mensch-des-Tages-Licht-1024x576.jpg 1024w, https:\/\/www.rwg-bayreuth.de\/home\/wp-content\/uploads\/2020\/12\/20-21-Reli-Mensch-des-Tages-Licht-768x432.jpg 768w, https:\/\/www.rwg-bayreuth.de\/home\/wp-content\/uploads\/2020\/12\/20-21-Reli-Mensch-des-Tages-Licht-250x141.jpg 250w, https:\/\/www.rwg-bayreuth.de\/home\/wp-content\/uploads\/2020\/12\/20-21-Reli-Mensch-des-Tages-Licht-1260x709.jpg 1260w, https:\/\/www.rwg-bayreuth.de\/home\/wp-content\/uploads\/2020\/12\/20-21-Reli-Mensch-des-Tages-Licht-800x450.jpg 800w\" sizes=\"(max-width: 1280px) 100vw, 1280px\" \/><\/a><\/p>\n<ul class=\"linkliste\">\n<li><a href=\"https:\/\/www.rwg-bayreuth.de\/home\/?p=27478\">Hier gibt&#8217;s mehr Infos zum Projekt &#8222;Hoffnungsschimmer&#8220;<\/a>\n<\/li>\n<\/ul>\n","protected":false},"excerpt":{"rendered":"<p>Gro\u00df war die Freude, als das RWG am 3.&nbsp;De&shy;zember 2020 von Radio Main&shy;welle als \u201eMensch des Tages\u201c geehrt wurde. Unsere \u201eAktion Hoff&shy;nungs&shy;schimmer\u201c soll gleich&shy;zeitig f\u00fcr ein bisschen Licht in dieser dunklen Corona-Zeit sorgen und unsere Partner&shy;schule, das PLCC in Nairobi, unter&shy;st\u00fctzen. Arwen, Cedric und Finja hatten begleitet von Frau Wagner und Frau K\u00f6rber die Gelegenheit,&hellip;<\/p>\n","protected":false},"author":11,"featured_media":27598,"comment_status":"closed","ping_status":"closed","sticky":false,"template":"","format":"standard","meta":{"footnotes":""},"categories":[1],"tags":[51,61,62],"_links":{"self":[{"href":"https:\/\/www.rwg-bayreuth.de\/home\/index.php?rest_route=\/wp\/v2\/posts\/27595"}],"collection":[{"href":"https:\/\/www.rwg-bayreuth.de\/home\/index.php?rest_route=\/wp\/v2\/posts"}],"about":[{"href":"https:\/\/www.rwg-bayreuth.de\/home\/index.php?rest_route=\/wp\/v2\/types\/post"}],"author":[{"embeddable":true,"href":"https:\/\/www.rwg-bayreuth.de\/home\/index.php?rest_route=\/wp\/v2\/users\/11"}],"replies":[{"embeddable":true,"href":"https:\/\/www.rwg-bayreuth.de\/home\/index.php?rest_route=%2Fwp%2Fv2%2Fcomments&post=27595"}],"version-history":[{"count":6,"href":"https:\/\/www.rwg-bayreuth.de\/home\/index.php?rest_route=\/wp\/v2\/posts\/27595\/revisions"}],"predecessor-version":[{"id":27629,"href":"https:\/\/www.rwg-bayreuth.de\/home\/index.php?rest_route=\/wp\/v2\/posts\/27595\/revisions\/27629"}],"wp:featuredmedia":[{"embeddable":true,"href":"https:\/\/www.rwg-bayreuth.de\/home\/index.php?rest_route=\/wp\/v2\/media\/27598"}],"wp:attachment":[{"href":"https:\/\/www.rwg-bayreuth.de\/home\/index.php?rest_route=%2Fwp%2Fv2%2Fmedia&parent=27595"}],"wp:term":[{"taxonomy":"category","embeddable":true,"href":"https:\/\/www.rwg-bayreuth.de\/home\/index.php?rest_route=%2Fwp%2Fv2%2Fcategories&post=27595"},{"taxonomy":"post_tag","embeddable":true,"href":"https:\/\/www.rwg-bayreuth.de\/home\/index.php?rest_route=%2Fwp%2Fv2%2Ftags&post=27595"}],"curies":[{"name":"wp","href":"https:\/\/api.w.org\/{rel}","templated":true}]}}