{"id":27547,"date":"2020-12-03T21:24:36","date_gmt":"2020-12-03T20:24:36","guid":{"rendered":"http:\/\/www.rwg-bayreuth.de\/home\/?p=27547"},"modified":"2020-12-03T22:12:37","modified_gmt":"2020-12-03T21:12:37","slug":"radio-mainwelle-rezeptwettbewerb-nachspeise","status":"publish","type":"post","link":"https:\/\/www.rwg-bayreuth.de\/home\/?p=27547","title":{"rendered":"Radio Mainwelle Rezeptwettbewerb &#8211; Nachspeise"},"content":{"rendered":"<p style=\"margin: 0px\"><img loading=\"lazy\" decoding=\"async\" src=\"https:\/\/www.rwg-bayreuth.de\/home\/wp-content\/uploads\/2020\/12\/20-21-Rezeptwettbewerb-AppleCrumble-s.jpg\" alt=\"\" width=\"1024\" height=\"501\" class=\"alignnone size-full wp-image-27535\" srcset=\"https:\/\/www.rwg-bayreuth.de\/home\/wp-content\/uploads\/2020\/12\/20-21-Rezeptwettbewerb-AppleCrumble-s.jpg 1024w, https:\/\/www.rwg-bayreuth.de\/home\/wp-content\/uploads\/2020\/12\/20-21-Rezeptwettbewerb-AppleCrumble-s-450x220.jpg 450w, https:\/\/www.rwg-bayreuth.de\/home\/wp-content\/uploads\/2020\/12\/20-21-Rezeptwettbewerb-AppleCrumble-s-768x376.jpg 768w, https:\/\/www.rwg-bayreuth.de\/home\/wp-content\/uploads\/2020\/12\/20-21-Rezeptwettbewerb-AppleCrumble-s-250x122.jpg 250w\" sizes=\"(max-width: 1024px) 100vw, 1024px\" \/><\/p>\n<div class=\"sue-panel\" data-url=\"\" data-target=\"self\" style=\"background-color:#ffffff;color:#1a1a1a;border-radius:0px;box-shadow:3px 5px 10px gray;border:1px solid #cccccc\"><div class=\"sue-panel-content su-u-trim\" style=\"padding:15px;text-align:left\">\n<h1>Apple Crumble<\/h1>\n<div class=\"su-row\"><div class=\"su-column su-column-size-2-5\"><div class=\"su-column-inner su-u-clearfix su-u-trim\">\n<h5>Zutaten:<\/h5>\n<table class=\"rezepte zutaten\">\n<tr>\r\n\t<td class=\"\">4&nbsp;gro\u00dfe<\/td>\r\n\t<td> \u00c4pfel (z.B. Boskop)<\/td>\r\n<\/tr>\n<tr>\r\n\t<td class=\"\">70&nbsp;g<\/td>\r\n\t<td> brauner Zucker<\/td>\r\n<\/tr>\n<tr>\r\n\t<td class=\"\">120&nbsp;g<\/td>\r\n\t<td> Mehl<\/td>\r\n<\/tr>\n<tr>\r\n\t<td class=\"\">70&nbsp;g<\/td>\r\n\t<td>  Butter<\/td>\r\n<\/tr>\n<tr>\r\n\t<td class=\"\">Etwas<\/td>\r\n\t<td> Zimt<\/td>\r\n<\/tr>\n<\/table>\n<\/div><\/div>\n<div class=\"su-column su-column-size-3-5\"><div class=\"su-column-inner su-u-clearfix su-u-trim\">\n<h5>Zubereitung:<\/h5>\n<table class=\"rezepte zubereitung\">\n<tr>\r\n\t<td><span class=\"su-dropcap su-dropcap-style-light\" style=\"font-size:1em\">1<\/span><\/td>\r\n\t<td>\nDie \u00c4pfel waschen, sch\u00e4len, in kleine St\u00fccke schneiden und auf kleine ofenfeste F\u00f6rmchen verteilen.<br \/>\n\r\n<\/td>\r\n<\/tr>\n<tr>\r\n\t<td><span class=\"su-dropcap su-dropcap-style-light\" style=\"font-size:1em\">2<\/span><\/td>\r\n\t<td>\nAus Zucker, Butter, Mehl und Zimt Streusel herstellen und auf den \u00c4pfeln verteilen.<br \/>\n\r\n<\/td>\r\n<\/tr>\n<tr>\r\n\t<td><span class=\"su-dropcap su-dropcap-style-light\" style=\"font-size:1em\">3<\/span><\/td>\r\n\t<td>\nBei 200\u00b0C 30 Minuten backen.<br \/>\n\r\n<\/td>\r\n<\/tr>\n<tr>\r\n\t<td><span class=\"su-dropcap su-dropcap-style-light\" style=\"font-size:1em\">4<\/span><\/td>\r\n\t<td>\nMit Sahne und Eis servieren.<br \/>\n\r\n<\/td>\r\n<\/tr>\n<\/table>\n<\/div><\/div>\n<\/div>\n<\/div><\/div>\n<div class=\"su-spacer\" style=\"height:30px\"><\/div>\n<p>&nbsp;<\/p>\n<ul class=\"linkliste\">\n<li><a href=\"https:\/\/www.rwg-bayreuth.de\/home\/wp-content\/uploads\/2020\/12\/Apple-Crumble.pdf\">Rezept (pdf)<\/a><\/li>\n<li><a href=\"https:\/\/www.rwg-bayreuth.de\/home\/?p=27550\n\">Bericht zum Rezeptwettbewerb<\/a><\/li>\n<\/ul>\n<p>&nbsp;<\/p>\n","protected":false},"excerpt":{"rendered":"<h6>Apple Crumble<\/h6>\n","protected":false},"author":11,"featured_media":27531,"comment_status":"closed","ping_status":"closed","sticky":false,"template":"","format":"standard","meta":{"footnotes":""},"categories":[1],"tags":[120,128],"_links":{"self":[{"href":"https:\/\/www.rwg-bayreuth.de\/home\/index.php?rest_route=\/wp\/v2\/posts\/27547"}],"collection":[{"href":"https:\/\/www.rwg-bayreuth.de\/home\/index.php?rest_route=\/wp\/v2\/posts"}],"about":[{"href":"https:\/\/www.rwg-bayreuth.de\/home\/index.php?rest_route=\/wp\/v2\/types\/post"}],"author":[{"embeddable":true,"href":"https:\/\/www.rwg-bayreuth.de\/home\/index.php?rest_route=\/wp\/v2\/users\/11"}],"replies":[{"embeddable":true,"href":"https:\/\/www.rwg-bayreuth.de\/home\/index.php?rest_route=%2Fwp%2Fv2%2Fcomments&post=27547"}],"version-history":[{"count":3,"href":"https:\/\/www.rwg-bayreuth.de\/home\/index.php?rest_route=\/wp\/v2\/posts\/27547\/revisions"}],"predecessor-version":[{"id":27570,"href":"https:\/\/www.rwg-bayreuth.de\/home\/index.php?rest_route=\/wp\/v2\/posts\/27547\/revisions\/27570"}],"wp:featuredmedia":[{"embeddable":true,"href":"https:\/\/www.rwg-bayreuth.de\/home\/index.php?rest_route=\/wp\/v2\/media\/27531"}],"wp:attachment":[{"href":"https:\/\/www.rwg-bayreuth.de\/home\/index.php?rest_route=%2Fwp%2Fv2%2Fmedia&parent=27547"}],"wp:term":[{"taxonomy":"category","embeddable":true,"href":"https:\/\/www.rwg-bayreuth.de\/home\/index.php?rest_route=%2Fwp%2Fv2%2Fcategories&post=27547"},{"taxonomy":"post_tag","embeddable":true,"href":"https:\/\/www.rwg-bayreuth.de\/home\/index.php?rest_route=%2Fwp%2Fv2%2Ftags&post=27547"}],"curies":[{"name":"wp","href":"https:\/\/api.w.org\/{rel}","templated":true}]}}