{"id":27472,"date":"2020-12-01T06:00:52","date_gmt":"2020-12-01T05:00:52","guid":{"rendered":"http:\/\/www.rwg-bayreuth.de\/home\/?p=27472"},"modified":"2020-12-01T16:04:51","modified_gmt":"2020-12-01T15:04:51","slug":"wir-sagen-euch-an-den-lieben-advent-oder-adest-adventus-tempus","status":"publish","type":"post","link":"https:\/\/www.rwg-bayreuth.de\/home\/?p=27472","title":{"rendered":"Wir sagen euch an den lieben Advent \u2013 oder: Adest adventus tempus\u2026"},"content":{"rendered":"<p><a href=\"https:\/\/www.rwg-bayreuth.de\/home\/wp-content\/uploads\/2020\/11\/20-21-Latein-Calendarium-Romanum.jpg\"><img loading=\"lazy\" decoding=\"async\" src=\"https:\/\/www.rwg-bayreuth.de\/home\/wp-content\/uploads\/2020\/11\/20-21-Latein-Calendarium-Romanum-450x300.jpg\" alt=\"\" width=\"450\" height=\"300\" class=\"aligncenter size-medium wp-image-27473\" srcset=\"https:\/\/www.rwg-bayreuth.de\/home\/wp-content\/uploads\/2020\/11\/20-21-Latein-Calendarium-Romanum-450x300.jpg 450w, https:\/\/www.rwg-bayreuth.de\/home\/wp-content\/uploads\/2020\/11\/20-21-Latein-Calendarium-Romanum-768x512.jpg 768w, https:\/\/www.rwg-bayreuth.de\/home\/wp-content\/uploads\/2020\/11\/20-21-Latein-Calendarium-Romanum-250x167.jpg 250w, https:\/\/www.rwg-bayreuth.de\/home\/wp-content\/uploads\/2020\/11\/20-21-Latein-Calendarium-Romanum-900x600.jpg 900w, https:\/\/www.rwg-bayreuth.de\/home\/wp-content\/uploads\/2020\/11\/20-21-Latein-Calendarium-Romanum.jpg 1024w\" sizes=\"(max-width: 450px) 100vw, 450px\" \/><\/a><br \/>\nMit der Adventszeit wird in Familien zuhause nicht nur flei\u00dfig Pl\u00e4tzchen gebacken, die Wohnung mit weihnachtlicher Dekoration geschm\u00fcckt etc. Je k\u00fcrzer die Tage werden, desto besinnlicher wirkt so langsam, aber sicher auch die Stimmung, die Vorfreude auf die Weihnachtsfeiertage steigt \u2013 nicht zuletzt aufgrund der unsicheren Zeit, welche die Corona-Pandemie jedem Einzelnen tagt\u00e4glich in der Schule vor Augen gef\u00fchrt hat mit teils wechselnden Regularien und Bestimmungen, sehnt sich jeder sicherlich nach der wohlverdienten Zeit der Ruhe und des Abschaltens vom Alltagsstress im Kreise der Familie bzw. Verwandtschaft. <\/p>\n<p>Um diese Zeit bis zum Weihnachtsfest selbst zu verk\u00fcrzen bzw. zu vers\u00fc\u00dfen, haben in vielen (Kinder)Zimmern l\u00e4ngst die beliebten Adventskalender ihren Platz gefunden \u2013 in den unterschiedlichsten Varianten, Tag f\u00fcr Tag hinter den einzelnen T\u00fcrchen vom 1. bis zum 24. Dezember gef\u00fcllt mit kleinen s\u00fc\u00dfen Leckereien, Bildern, Sinnspr\u00fcchen oder aber anderen \u00dcberraschungen. Besonderer Beliebtheit erfreuen sich dabei v.a. auch die liebevoll selbst gebastelten Varianten, die z.T. sehr aufwendig gestaltet sind. <\/p>\n<p>Doch seid ihr schon einmal auf die Idee gekommen, einzelne T\u00fcrchen zu gestalten, die mit interessanten und lehrreichen R\u00e4tselaufgaben rund um den Lateinunterricht bzw. die lateinische Sprache oder aber antike Themen gestaltet sind\u2026?!<\/p>\n<p>Schlie\u00dflich ist der Begriff des Advents f\u00fcr alle Christen eine aus dem Lateinischen stammende Vokabel, welche die Vorbereitungszeit auf die Ankunft Christi \u2013 adventus (domini) \u2013 bezeichnet, dessen Geburt in der Weihnachtsnacht gefeiert wird. <\/p>\n<p>Somit war gewisserma\u00dfen aus der Praxis des Lateinunterrichts die Idee geboren, in diesem Jahr f\u00fcr alle Lateinlernenden am RWG (und solche, die es vielleicht noch werden wollen \uf04a) einen Adventskalender zu kreieren; Tag f\u00fcr Tag findet ihr hierbei aufs Neue eine Quizaufgabe, die es mit (oder auch ohne) Hilfe der eigenen Lateinkenntnisse zu l\u00f6sen gilt.<\/p>\n<p>Als Plattform der Ver\u00f6ffentlichung soll ab dem 1. Dezember die RWG-Cloud genutzt werden, auf der die einzelnen \u201aT\u00fcrchen\u2018 sukzessive hochgeladen werden: Geteilt werden sollen die Inhalte dabei mit allen Sch\u00fcler\/innen, deren Lateinlehrerinnen sich f\u00fcr eine Teilnahme in der Klasse entschieden haben.<\/p>\n<p>Ihr d\u00fcrft also bereits jetzt gespannt sein auf die einzelnen Inhalte, die ein breites Spektrum der antiken, griechisch-r\u00f6mischen Kultur bzw. Sprache abdecken werden \u2013 Ratespa\u00df ist dabei garantiert! Vielleicht ja auch ein sch\u00f6ner Anlass, um in der Familie zuhause gemeinsam an den einzelnen Aufgaben zu knobeln? <\/p>\n<p>Anhand einer R\u00fcckmeldekarte kann dann auch das entsprechende Ergebnis der jeweiligen Raterunde festgehalten werden und am Ende erneut zur Bewertung in der Cloud eingestellt werden. Und es soll eine kleine Belohnung f\u00fcr die \u201aratefreudigste\u2018 Gruppe und\/oder die erfolgreichsten Teilnehmer\/innen geben\u2026 ihr d\u00fcrft euch auch hier \u00fcberraschen lassen.<\/p>\n<p>Los geht\u2019s \u2013 viel Spa\u00df beim Knobeln! Und am Ende gilt nat\u00fcrlich:  Quis victor erit? <\/p>\n<p><em>S. Track<\/em><\/p>\n","protected":false},"excerpt":{"rendered":"<p>Mit der Adventszeit wird in Familien zuhause nicht nur flei\u00dfig Pl\u00e4tzchen gebacken, die Wohnung mit weihnachtlicher Dekoration geschm\u00fcckt etc. Je k\u00fcrzer die Tage werden, desto besinnlicher wirkt so langsam, aber sicher auch die Stimmung, die Vorfreude auf die Weihnachtsfeiertage steigt \u2013 nicht zuletzt aufgrund der unsicheren Zeit, welche die Corona-Pandemie jedem Einzelnen tagt\u00e4glich in der&hellip;<\/p>\n","protected":false},"author":11,"featured_media":27473,"comment_status":"closed","ping_status":"closed","sticky":false,"template":"","format":"standard","meta":{"footnotes":""},"categories":[1],"tags":[51,67],"_links":{"self":[{"href":"https:\/\/www.rwg-bayreuth.de\/home\/index.php?rest_route=\/wp\/v2\/posts\/27472"}],"collection":[{"href":"https:\/\/www.rwg-bayreuth.de\/home\/index.php?rest_route=\/wp\/v2\/posts"}],"about":[{"href":"https:\/\/www.rwg-bayreuth.de\/home\/index.php?rest_route=\/wp\/v2\/types\/post"}],"author":[{"embeddable":true,"href":"https:\/\/www.rwg-bayreuth.de\/home\/index.php?rest_route=\/wp\/v2\/users\/11"}],"replies":[{"embeddable":true,"href":"https:\/\/www.rwg-bayreuth.de\/home\/index.php?rest_route=%2Fwp%2Fv2%2Fcomments&post=27472"}],"version-history":[{"count":4,"href":"https:\/\/www.rwg-bayreuth.de\/home\/index.php?rest_route=\/wp\/v2\/posts\/27472\/revisions"}],"predecessor-version":[{"id":27477,"href":"https:\/\/www.rwg-bayreuth.de\/home\/index.php?rest_route=\/wp\/v2\/posts\/27472\/revisions\/27477"}],"wp:featuredmedia":[{"embeddable":true,"href":"https:\/\/www.rwg-bayreuth.de\/home\/index.php?rest_route=\/wp\/v2\/media\/27473"}],"wp:attachment":[{"href":"https:\/\/www.rwg-bayreuth.de\/home\/index.php?rest_route=%2Fwp%2Fv2%2Fmedia&parent=27472"}],"wp:term":[{"taxonomy":"category","embeddable":true,"href":"https:\/\/www.rwg-bayreuth.de\/home\/index.php?rest_route=%2Fwp%2Fv2%2Fcategories&post=27472"},{"taxonomy":"post_tag","embeddable":true,"href":"https:\/\/www.rwg-bayreuth.de\/home\/index.php?rest_route=%2Fwp%2Fv2%2Ftags&post=27472"}],"curies":[{"name":"wp","href":"https:\/\/api.w.org\/{rel}","templated":true}]}}