{"id":27450,"date":"2020-11-29T09:16:31","date_gmt":"2020-11-29T08:16:31","guid":{"rendered":"http:\/\/www.rwg-bayreuth.de\/home\/?p=27450"},"modified":"2020-11-29T11:54:10","modified_gmt":"2020-11-29T10:54:10","slug":"schule-ohne-rassismus-schule-mit-courage","status":"publish","type":"post","link":"https:\/\/www.rwg-bayreuth.de\/home\/?p=27450","title":{"rendered":"Schule ohne Rassismus \u2013 Schule mit Courage"},"content":{"rendered":"<p><a href=\"https:\/\/www.rwg-bayreuth.de\/home\/wp-content\/uploads\/2020\/11\/20-21-Sozi-P-Seminar1.jpg\"><img loading=\"lazy\" decoding=\"async\" src=\"https:\/\/www.rwg-bayreuth.de\/home\/wp-content\/uploads\/2020\/11\/20-21-Sozi-P-Seminar1-450x300.jpg\" alt=\"\" width=\"450\" height=\"300\" class=\"aligncenter size-medium wp-image-27452\" srcset=\"https:\/\/www.rwg-bayreuth.de\/home\/wp-content\/uploads\/2020\/11\/20-21-Sozi-P-Seminar1-450x300.jpg 450w, https:\/\/www.rwg-bayreuth.de\/home\/wp-content\/uploads\/2020\/11\/20-21-Sozi-P-Seminar1-768x512.jpg 768w, https:\/\/www.rwg-bayreuth.de\/home\/wp-content\/uploads\/2020\/11\/20-21-Sozi-P-Seminar1-250x167.jpg 250w, https:\/\/www.rwg-bayreuth.de\/home\/wp-content\/uploads\/2020\/11\/20-21-Sozi-P-Seminar1-900x600.jpg 900w, https:\/\/www.rwg-bayreuth.de\/home\/wp-content\/uploads\/2020\/11\/20-21-Sozi-P-Seminar1.jpg 1024w, https:\/\/www.rwg-bayreuth.de\/home\/wp-content\/uploads\/2020\/11\/20-21-Sozi-P-Seminar1-600x400.jpg 600w\" sizes=\"(max-width: 450px) 100vw, 450px\" \/><\/a><\/p>\n<p>Im Rahmen des P-Seminars \u201eSchule ohne Rassismus &#8211; Schule mit Courage\u201c des Jahres 2020\/21 veranstalten wir eine Aktionswoche zum Thema \u201eDiskriminierung aufgrund sexueller Orientierung\u201c vom 14.-19. Dezember 2020. Neben einer spannenden Ausstellung \u00fcber die Geschichte der LGBTIQ und deren momentane Situation sowie die verschiedenen sexuellen Orientierungen, die Geschlechtsidentit\u00e4ten, <a href=\"https:\/\/www.rwg-bayreuth.de\/home\/wp-content\/uploads\/2020\/11\/20-21-Sozi-P-Seminar2.jpg\"><img loading=\"lazy\" decoding=\"async\" src=\"https:\/\/www.rwg-bayreuth.de\/home\/wp-content\/uploads\/2020\/11\/20-21-Sozi-P-Seminar2-450x450.jpg\" alt=\"\" width=\"450\" height=\"450\" class=\"alignright size-medium wp-image-27451\" srcset=\"https:\/\/www.rwg-bayreuth.de\/home\/wp-content\/uploads\/2020\/11\/20-21-Sozi-P-Seminar2-450x450.jpg 450w, https:\/\/www.rwg-bayreuth.de\/home\/wp-content\/uploads\/2020\/11\/20-21-Sozi-P-Seminar2-150x150.jpg 150w, https:\/\/www.rwg-bayreuth.de\/home\/wp-content\/uploads\/2020\/11\/20-21-Sozi-P-Seminar2-768x768.jpg 768w, https:\/\/www.rwg-bayreuth.de\/home\/wp-content\/uploads\/2020\/11\/20-21-Sozi-P-Seminar2-250x250.jpg 250w, https:\/\/www.rwg-bayreuth.de\/home\/wp-content\/uploads\/2020\/11\/20-21-Sozi-P-Seminar2.jpg 1024w\" sizes=\"(max-width: 450px) 100vw, 450px\" \/><\/a>die Formen der Diskriminierung und was man genau dagegen tun kann, einer an&shy;sprechen&shy;den Sammlung an B\u00fcchern und DVDs, die sich rund um Rassismus, Sexualit\u00e4t, Vorurteile etc. drehen, einer Zusammen&shy;stellung an Zeitung&shy;artikel, welche unter&shy;streichen soll, dass derartige Themen immer noch von gro\u00dfer Bedeutung sind und Workshops f\u00fcr die 10.&nbsp;Klassen, bieten wir in dieser Woche am Montag und Dienstag in der oberen Pausenhalle verschiedene Mitmachaktionen f\u00fcr die Mittel- und Oberstufe wie die individuelle Gestaltung eines Jutebeutels an.<\/p>\n<p>Rassismus ist ein aktuelles Thema, welches schon lange Zeit diskutiert und mit dem jeder Mensch konfrontiert wird. Menschen werden von ihren Mitmenschen ausgegrenzt und abgewertet,- egal ob in der Schule, dem Beruf oder in der \u00d6ffentlichkeit. Zudem treten immer wieder rassistische \u00c4u\u00dferungen durch Medien, Politiker*innen usw. auf, denen rassistische Gewalttaten folgen.<br \/>\nMit dieser Aktion wollen wir erreichen, dass Klischees und Vorurteile aufgebrochen, Meinungen hinterfragt werden und allgemein ein offener Austausch stattfindet.<\/p>\n<p>Wir hoffen auf euer zahlreiches Erscheinen!<\/p>\n<p><em>P-Seminar SOR-SMC 2020<\/em><\/p>\n","protected":false},"excerpt":{"rendered":"<p>Im Rahmen des P-Seminars \u201eSchule ohne Rassismus &#8211; Schule mit Courage\u201c des Jahres 2020\/21 veranstalten wir eine Aktionswoche zum Thema \u201eDiskriminierung aufgrund sexueller Orientierung\u201c vom 14.-19. Dezember 2020. Neben einer spannenden Ausstellung \u00fcber die Geschichte der LGBTIQ und deren momentane Situation sowie die verschiedenen sexuellen Orientierungen, die Geschlechtsidentit\u00e4ten, die Formen der Diskriminierung und was man&hellip;<\/p>\n","protected":false},"author":11,"featured_media":27452,"comment_status":"closed","ping_status":"closed","sticky":false,"template":"","format":"standard","meta":{"footnotes":""},"categories":[1],"tags":[51,64,52,118],"_links":{"self":[{"href":"https:\/\/www.rwg-bayreuth.de\/home\/index.php?rest_route=\/wp\/v2\/posts\/27450"}],"collection":[{"href":"https:\/\/www.rwg-bayreuth.de\/home\/index.php?rest_route=\/wp\/v2\/posts"}],"about":[{"href":"https:\/\/www.rwg-bayreuth.de\/home\/index.php?rest_route=\/wp\/v2\/types\/post"}],"author":[{"embeddable":true,"href":"https:\/\/www.rwg-bayreuth.de\/home\/index.php?rest_route=\/wp\/v2\/users\/11"}],"replies":[{"embeddable":true,"href":"https:\/\/www.rwg-bayreuth.de\/home\/index.php?rest_route=%2Fwp%2Fv2%2Fcomments&post=27450"}],"version-history":[{"count":3,"href":"https:\/\/www.rwg-bayreuth.de\/home\/index.php?rest_route=\/wp\/v2\/posts\/27450\/revisions"}],"predecessor-version":[{"id":27455,"href":"https:\/\/www.rwg-bayreuth.de\/home\/index.php?rest_route=\/wp\/v2\/posts\/27450\/revisions\/27455"}],"wp:featuredmedia":[{"embeddable":true,"href":"https:\/\/www.rwg-bayreuth.de\/home\/index.php?rest_route=\/wp\/v2\/media\/27452"}],"wp:attachment":[{"href":"https:\/\/www.rwg-bayreuth.de\/home\/index.php?rest_route=%2Fwp%2Fv2%2Fmedia&parent=27450"}],"wp:term":[{"taxonomy":"category","embeddable":true,"href":"https:\/\/www.rwg-bayreuth.de\/home\/index.php?rest_route=%2Fwp%2Fv2%2Fcategories&post=27450"},{"taxonomy":"post_tag","embeddable":true,"href":"https:\/\/www.rwg-bayreuth.de\/home\/index.php?rest_route=%2Fwp%2Fv2%2Ftags&post=27450"}],"curies":[{"name":"wp","href":"https:\/\/api.w.org\/{rel}","templated":true}]}}