{"id":2712,"date":"2013-10-11T09:12:50","date_gmt":"2013-10-11T08:12:50","guid":{"rendered":"http:\/\/www.rwg-bayreuth.de\/home\/?p=2712"},"modified":"2020-02-16T15:50:18","modified_gmt":"2020-02-16T14:50:18","slug":"comeniusfahrt-nach-polen","status":"publish","type":"post","link":"https:\/\/www.rwg-bayreuth.de\/home\/?p=2712","title":{"rendered":"Comeniusfahrt nach Polen"},"content":{"rendered":"<p><a href=\"https:\/\/www.rwg-bayreuth.de\/home\/wp-content\/uploads\/2013\/10\/2013_Polen.jpg\"><img loading=\"lazy\" decoding=\"async\" src=\"https:\/\/www.rwg-bayreuth.de\/home\/wp-content\/uploads\/2013\/10\/2013_Polen.jpg\" alt=\"2013_Polen\" width=\"559\" height=\"223\" class=\"aligncenter size-full wp-image-2749\" srcset=\"https:\/\/www.rwg-bayreuth.de\/home\/wp-content\/uploads\/2013\/10\/2013_Polen.jpg 559w, https:\/\/www.rwg-bayreuth.de\/home\/wp-content\/uploads\/2013\/10\/2013_Polen-150x60.jpg 150w, https:\/\/www.rwg-bayreuth.de\/home\/wp-content\/uploads\/2013\/10\/2013_Polen-450x180.jpg 450w, https:\/\/www.rwg-bayreuth.de\/home\/wp-content\/uploads\/2013\/10\/2013_Polen-250x100.jpg 250w\" sizes=\"(max-width: 559px) 100vw, 559px\" \/><\/a><br \/>\n&#8222;Die ersten Konflikte sind gel\u00f6st!&#8220;<\/p>\n<p>Beste Gr\u00fc\u00dfe aus Gliwice in Polen senden euch die Comeniusteilnehmer!<\/p>\n<p>Nach einer 11 st\u00fcndigen Zugfahrt, einem arbeitsintensiven und begegnungsreichen Tag in der Schule besichtigten wir heute Krakau, die geschichtstr\u00e4chtige fr\u00fchere\u00a0 Hauptstadt Polens, mit den anderen Comenius-Teilnehmern aus der T\u00fcrkei, Polen und Italien. (Auch der deutsche\u00a0 Bundespr\u00e4sident Gauck war hier heute zu Gast!)<\/p>\n<p>Bilder von unseren Besuchen in Krakau und Auschwitz<\/p>\n<p>Gabi, Maria, Uschi und die Sch\u00fclerinnen Annika, Ramona, Marlene, Vicki, Mona, Meike<\/p>\n","protected":false},"excerpt":{"rendered":"<p>&#8222;Die ersten Konflikte sind gel\u00f6st!&#8220; Beste Gr\u00fc\u00dfe aus Gliwice in Polen senden euch die Comeniusteilnehmer! Nach einer 11 st\u00fcndigen Zugfahrt, einem arbeitsintensiven und begegnungsreichen Tag in der Schule besichtigten wir heute Krakau, die geschichtstr\u00e4chtige fr\u00fchere\u00a0 Hauptstadt Polens, mit den anderen Comenius-Teilnehmern aus der T\u00fcrkei, Polen und Italien. (Auch der deutsche\u00a0 Bundespr\u00e4sident Gauck war hier heute&hellip;<\/p>\n","protected":false},"author":8,"featured_media":0,"comment_status":"closed","ping_status":"closed","sticky":false,"template":"","format":"standard","meta":{"footnotes":""},"categories":[1],"tags":[],"_links":{"self":[{"href":"https:\/\/www.rwg-bayreuth.de\/home\/index.php?rest_route=\/wp\/v2\/posts\/2712"}],"collection":[{"href":"https:\/\/www.rwg-bayreuth.de\/home\/index.php?rest_route=\/wp\/v2\/posts"}],"about":[{"href":"https:\/\/www.rwg-bayreuth.de\/home\/index.php?rest_route=\/wp\/v2\/types\/post"}],"author":[{"embeddable":true,"href":"https:\/\/www.rwg-bayreuth.de\/home\/index.php?rest_route=\/wp\/v2\/users\/8"}],"replies":[{"embeddable":true,"href":"https:\/\/www.rwg-bayreuth.de\/home\/index.php?rest_route=%2Fwp%2Fv2%2Fcomments&post=2712"}],"version-history":[{"count":9,"href":"https:\/\/www.rwg-bayreuth.de\/home\/index.php?rest_route=\/wp\/v2\/posts\/2712\/revisions"}],"predecessor-version":[{"id":24128,"href":"https:\/\/www.rwg-bayreuth.de\/home\/index.php?rest_route=\/wp\/v2\/posts\/2712\/revisions\/24128"}],"wp:attachment":[{"href":"https:\/\/www.rwg-bayreuth.de\/home\/index.php?rest_route=%2Fwp%2Fv2%2Fmedia&parent=2712"}],"wp:term":[{"taxonomy":"category","embeddable":true,"href":"https:\/\/www.rwg-bayreuth.de\/home\/index.php?rest_route=%2Fwp%2Fv2%2Fcategories&post=2712"},{"taxonomy":"post_tag","embeddable":true,"href":"https:\/\/www.rwg-bayreuth.de\/home\/index.php?rest_route=%2Fwp%2Fv2%2Ftags&post=2712"}],"curies":[{"name":"wp","href":"https:\/\/api.w.org\/{rel}","templated":true}]}}