{"id":27080,"date":"2020-09-30T10:13:33","date_gmt":"2020-09-30T08:13:33","guid":{"rendered":"http:\/\/www.rwg-bayreuth.de\/home\/?p=27080"},"modified":"2020-11-10T16:03:29","modified_gmt":"2020-11-10T15:03:29","slug":"the-greenebeene-das-neue-rwg-unternehmen","status":"publish","type":"post","link":"https:\/\/www.rwg-bayreuth.de\/home\/?p=27080","title":{"rendered":"The GreeneBeene &#8211; DAS neue RWG-Unternehmen"},"content":{"rendered":"<p><img loading=\"lazy\" decoding=\"async\" src=\"https:\/\/www.rwg-bayreuth.de\/home\/wp-content\/uploads\/2020\/09\/20-21-thegreenebeene-q.jpg\" alt=\"\" width=\"320\" height=\"320\" class=\"alignright size-full wp-image-27084\" srcset=\"https:\/\/www.rwg-bayreuth.de\/home\/wp-content\/uploads\/2020\/09\/20-21-thegreenebeene-q.jpg 640w, https:\/\/www.rwg-bayreuth.de\/home\/wp-content\/uploads\/2020\/09\/20-21-thegreenebeene-q-450x450.jpg 450w, https:\/\/www.rwg-bayreuth.de\/home\/wp-content\/uploads\/2020\/09\/20-21-thegreenebeene-q-150x150.jpg 150w, https:\/\/www.rwg-bayreuth.de\/home\/wp-content\/uploads\/2020\/09\/20-21-thegreenebeene-q-250x250.jpg 250w\" sizes=\"(max-width: 320px) 100vw, 320px\" \/><br \/>\nEndlich k\u00f6nnen wir produzieren und uns wieder ganz normal im Unterricht treffen.<br \/>\nAber erst einmal von vorne. Wie alles begann\u2026<\/p>\n<p>Ein Unternehmen gr\u00fcnden! Das war unser Ziel.<br \/>\nAber wie kann man ein Unternehmen gr\u00fcnden, wenn man sich nicht treffen darf?<br \/>\nWenn eine Pandemie alle bisherigen Erfahrungs- und Erwartungswerte in Frage stellt?<\/p>\n<p>\u201eThe GreeneBeene\u201c ist ein Sch\u00fclerunternehmen, entstanden im M\u00e4rz 2020 in unserem P-Seminar Wirtschaft und Recht. <\/p>\n<p>Ein Unternehmen ist in verschiedene Arbeitsbereiche untergliedert. Wir haben uns f\u00fcr folgende entschieden:<br \/>\nProduktentwicklung, Technik-, Marketing-, Verwaltungs- und Finanzbereich.  Das Ganze zu koordinieren ist die Aufgabe des Vorstands.<br \/>\nIn der einzigen P-Seminarstunde, die wir vor der Corona bedingten Schulschlie\u00dfung hatten, haben wir uns diesen verschiedenen Arbeitsfeldern zugeordnet, je nach Interesse und K\u00f6nnen. <\/p>\n<p>Die wichtigste Frage, die am Anfang zu kl\u00e4ren war: Dienstleistung oder Produkt?<br \/>\nDa zu Zeiten eines umgehenden Virus man den k\u00f6rperlichen Kontakt zu anderen Personen meidet, haben wir uns dazu entschieden, ein Produkt zu verkaufen und keine Dienstleistung anzubieten.<\/p>\n<p>Unsere \u00dcberlegung war es, einen Beitrag f\u00fcr eine bessere Umwelt zu leisten.<br \/>\nAufgrund der schockierenden Bilder von Plastikm\u00fcll in den Meeren und dem hohen Grad an Umweltverschmutzung waren wir der \u00dcberzeugung, dass sich dringend etwas \u00e4ndern muss. Deshalb kamen wir auf die Idee Bienenwachst\u00fccher zu produzieren, um so eine Plastikalternative anzubieten und unserer Umwelt somit zu helfen.<\/p>\n<p>Nachdem wir die Gesch\u00e4ftsidee gekl\u00e4rt hatten, stellte sich die n\u00e4chste Frage: Wie sollte unser Unternehmen eigentlich hei\u00dfen. Nach einigen R\u00fcckschl\u00e4gen und langem hin und her stand auch endlich der Name fest \u2013 The GreeneBeene.<\/p>\n<p>Mit der Gesch\u00e4ftsidee und unserem Unternehmernamen stellten wir den Kontakt zur Werbeagentur GMK her. Der Gesch\u00e4ftsf\u00fchrer, Herr Lichtenegger und sein Team erarbeiteten f\u00fcr uns ein Logo und pr\u00e4sentierten dieses unserem Marketing Chef, Luca Bocka, und den beiden Vorst\u00e4nden, Luca Kreger und Nils Ankenbrand, per Viedeokonferenz. Die drei Sch\u00fcler waren begeistert von der Arbeit der Werbeagentur. Endlich konnte man mal reale Arbeitswelt schnuppern.<\/p>\n<p>Da man ohne Startkapital nur schwer ein Unternehmen gr\u00fcnden kann, haben sich die beiden Abteilungsleiterinnen der Verwaltung, Nele Feger, und der Buchf\u00fchrung, Leonie Knaus, um den Verkauf von Anteilsscheinen gek\u00fcmmert, damit Geld f\u00fcr die Materialien und andere Kosten auf unser Konto kam. <\/p>\n<p>Die Kommunikation im Unternehmen findet online \u00fcber Next Cloud Talk, der RWG-Cloud oder per Videokonferenzen statt. So wird alles miteinander abgesprochen und geregelt. Das erschwert die Planung, die zuf\u00e4lligen Gespr\u00e4che im Schulflur fehlen und die Bef\u00fcrchtung leicht etwas zu \u00fcbersehen ist gro\u00df. Was im Klassenzimmer schnell gekl\u00e4rt w\u00e4re, dauert nun um einiges l\u00e4nger.<\/p>\n<p>Unser Unternehmen wird begleitet durch das JUNIOR Projekt. Tr\u00e4ger der JUNIOR Programme ist die IW JUNIOR gGmbH. Als Tochter des Instituts der deutschen Wirtschaft steht die IW JUNIOR f\u00fcr \u00f6konomische und finanzielle Bildung mit hohem Nachhaltigkeitsanspruch. Sie bringen Sch\u00fclern die Themen Wirtschaft und Finanzen praxisnah und handlungsorientiert unter dem Motto &#8222;learning by doing&#8220; n\u00e4her. Der Anspruch der JUNIOR Programme besteht darin Jugendlichen das komplexe Thema Wirtschaft realit\u00e4tsnah zug\u00e4nglich zu machen. Sch\u00fcler*innen haben dabei die M\u00f6glichkeit ein eigenes Unternehmen zu gr\u00fcnden. In ihren bundesweiten JUNIOR Sch\u00fclerfirmenprogrammen werden seit 1994 Sch\u00fcler zu Unternehmern, erproben im Team unternehmerisches Handeln und lernen, verantwortlich Entscheidungen zu treffen. So werden wichtige Kompetenzen gest\u00e4rkt, die Jugendliche fit f\u00fcr die Zukunft machen.<br \/>\nUnser Bestreben ist es, ein Unternehmen aufzubauen, welches das Potential h\u00e4tte, nach dem Seminarende erfolgreich weiter zu bestehen.<\/p>\n<p>Aber wie schwer es ist ein eigenes Unternehmen zu gr\u00fcnden und welche H\u00fcrden man nehmen muss, bis das Unternehmen auch tats\u00e4chlich Gewinn abwirft, das haben wir bereits erlebt.<\/p>\n<p>Seit diesem Schuljahr finden wieder regelm\u00e4\u00dfige Seminarsitzungen in der Schule statt und dar\u00fcber sind wir alle sehr froh. Denn endlich k\u00f6nnen wir unsere Ware auch verkaufen und unsere ersten Ums\u00e4tze verbuchen.<\/p>\n<p><strong>Nat\u00fcrlich w\u00fcrden wir uns sehr freuen, wenn auch Sie unser Unternehmen durch Ihren Kauf unterst\u00fctzen w\u00fcrden.<\/strong> Wie das funktioniert, das sehen sie hier:<br \/>\nSchreiben Sie uns eine E-Mail an &#8222;<a href=\"mailto:thegreenebeene@rwg-bayreuth.de\"  style=\"text-decoration: none; \"><span style=\"color: #97C01C; \">thegreenebeene@rwg-bayreuth.de<\/span><\/a>&ldquo;.<\/p>\n<p>In dieser geben Sie bitte Folgendes, in der richtigen Reihenfolge an:<br \/>\n&#8222;Name&#8220;, &#8222;Vorname&#8220; &#8211; Mustermann, Max<br \/>\n&#8222;Klasse\u201c \u2013 7b<br \/>\n&#8222;Anzahl&#8220; &#8211; 1<br \/>\n&#8222;Gr\u00f6\u00dfe&#8220; &#8211; mittel<br \/>\n&#8222;Muster&#8220; \u2013 gelb mit Sternen<\/p>\n<p>Bei einer Bestellung erhalten Sie per E-Mail eine R\u00fcckmeldung von uns, in der Sie erfahren, wann Sie die entsprechenden T\u00fccher geliefert bekommen.<br \/>\nIhre Bestellung k\u00f6nnen Sie <strong>bis sp\u00e4testens zum 29.10.2020<\/strong> bei uns einreichen.<\/p>\n<p>Unsere Bienenwachst\u00fccher bieten wir in verschiedenen Gr\u00f6\u00dfen und Stoffmustern an:<\/p>\n<ul>\n<li>S (18&#215;20 cm)<\/li>\n<li>M (24&#215;24 cm)<\/li>\n<li>L (33&#215;35 cm)<\/li>\n<\/ul>\n<p>Die Preise f\u00fcr die jeweiligen Gr\u00f6\u00dfen sind folgende:<\/p>\n<ul>\n<li>S (4,00 \u20ac)<\/li>\n<li>M (5,00 \u20ac)<\/li>\n<li>L (6,00 \u20ac)<\/li>\n<\/ul>\n<p><a href=\"https:\/\/www.rwg-bayreuth.de\/home\/wp-content\/uploads\/2020\/09\/20-21-thegreenebeene-Farben.jpg\"><img loading=\"lazy\" decoding=\"async\" src=\"https:\/\/www.rwg-bayreuth.de\/home\/wp-content\/uploads\/2020\/09\/20-21-thegreenebeene-Farben.jpg\" alt=\"\" width=\"1024\" height=\"430\" class=\"alignnone size-full wp-image-27082\" srcset=\"https:\/\/www.rwg-bayreuth.de\/home\/wp-content\/uploads\/2020\/09\/20-21-thegreenebeene-Farben.jpg 1024w, https:\/\/www.rwg-bayreuth.de\/home\/wp-content\/uploads\/2020\/09\/20-21-thegreenebeene-Farben-450x189.jpg 450w, https:\/\/www.rwg-bayreuth.de\/home\/wp-content\/uploads\/2020\/09\/20-21-thegreenebeene-Farben-768x323.jpg 768w, https:\/\/www.rwg-bayreuth.de\/home\/wp-content\/uploads\/2020\/09\/20-21-thegreenebeene-Farben-250x105.jpg 250w\" sizes=\"(max-width: 1024px) 100vw, 1024px\" \/><\/a><\/p>\n<p>Zudem k\u00f6nnen Sie uns auf unserer Homepage &#8222;<a href=\"http:\/\/thegreenebeene.de\/index.html\">thegreenebeene.de<\/a>&#8220; oder auf unserer Instagram Seite &#8222;<a href=\"https:\/\/www.instagram.com\/thegreenebeene\/\">thegreenebeene<\/a>&#8220; besuchen.<\/p>\n<p>Anna Vogelsberg, Q12<\/p>\n","protected":false},"excerpt":{"rendered":"<p>Endlich k\u00f6nnen wir produzieren und uns wieder ganz normal im Unterricht treffen. Aber erst einmal von vorne. Wie alles begann\u2026 Ein Unternehmen gr\u00fcnden! Das war unser Ziel. Aber wie kann man ein Unternehmen gr\u00fcnden, wenn man sich nicht treffen darf? Wenn eine Pandemie alle bisherigen Erfahrungs- und Erwartungswerte in Frage stellt? \u201eThe GreeneBeene\u201c ist ein&hellip;<\/p>\n","protected":false},"author":11,"featured_media":27081,"comment_status":"closed","ping_status":"closed","sticky":false,"template":"","format":"standard","meta":{"footnotes":""},"categories":[1],"tags":[51,64,53],"_links":{"self":[{"href":"https:\/\/www.rwg-bayreuth.de\/home\/index.php?rest_route=\/wp\/v2\/posts\/27080"}],"collection":[{"href":"https:\/\/www.rwg-bayreuth.de\/home\/index.php?rest_route=\/wp\/v2\/posts"}],"about":[{"href":"https:\/\/www.rwg-bayreuth.de\/home\/index.php?rest_route=\/wp\/v2\/types\/post"}],"author":[{"embeddable":true,"href":"https:\/\/www.rwg-bayreuth.de\/home\/index.php?rest_route=\/wp\/v2\/users\/11"}],"replies":[{"embeddable":true,"href":"https:\/\/www.rwg-bayreuth.de\/home\/index.php?rest_route=%2Fwp%2Fv2%2Fcomments&post=27080"}],"version-history":[{"count":10,"href":"https:\/\/www.rwg-bayreuth.de\/home\/index.php?rest_route=\/wp\/v2\/posts\/27080\/revisions"}],"predecessor-version":[{"id":27327,"href":"https:\/\/www.rwg-bayreuth.de\/home\/index.php?rest_route=\/wp\/v2\/posts\/27080\/revisions\/27327"}],"wp:featuredmedia":[{"embeddable":true,"href":"https:\/\/www.rwg-bayreuth.de\/home\/index.php?rest_route=\/wp\/v2\/media\/27081"}],"wp:attachment":[{"href":"https:\/\/www.rwg-bayreuth.de\/home\/index.php?rest_route=%2Fwp%2Fv2%2Fmedia&parent=27080"}],"wp:term":[{"taxonomy":"category","embeddable":true,"href":"https:\/\/www.rwg-bayreuth.de\/home\/index.php?rest_route=%2Fwp%2Fv2%2Fcategories&post=27080"},{"taxonomy":"post_tag","embeddable":true,"href":"https:\/\/www.rwg-bayreuth.de\/home\/index.php?rest_route=%2Fwp%2Fv2%2Ftags&post=27080"}],"curies":[{"name":"wp","href":"https:\/\/api.w.org\/{rel}","templated":true}]}}