{"id":27053,"date":"2020-09-28T10:31:47","date_gmt":"2020-09-28T08:31:47","guid":{"rendered":"http:\/\/www.rwg-bayreuth.de\/home\/?p=27053"},"modified":"2022-10-03T21:53:20","modified_gmt":"2022-10-03T19:53:20","slug":"mountainbike-nachmittag-fuer-die-5-klassen","status":"publish","type":"post","link":"https:\/\/www.rwg-bayreuth.de\/home\/?p=27053","title":{"rendered":"Mountainbike-Nachmittag f\u00fcr die 5.&nbsp;Klassen"},"content":{"rendered":"<p><a href=\"https:\/\/www.rwg-bayreuth.de\/home\/wp-content\/uploads\/2020\/09\/20-21-P-Seminar-Mountainbike-Flyer.jpg\"><img loading=\"lazy\" decoding=\"async\" src=\"https:\/\/www.rwg-bayreuth.de\/home\/wp-content\/uploads\/2020\/09\/20-21-P-Seminar-Mountainbike-450x300.jpg\" alt=\"\" width=\"450\" height=\"300\" class=\"aligncenter size-medium wp-image-27055\" srcset=\"https:\/\/www.rwg-bayreuth.de\/home\/wp-content\/uploads\/2020\/09\/20-21-P-Seminar-Mountainbike-450x300.jpg 450w, https:\/\/www.rwg-bayreuth.de\/home\/wp-content\/uploads\/2020\/09\/20-21-P-Seminar-Mountainbike-768x512.jpg 768w, https:\/\/www.rwg-bayreuth.de\/home\/wp-content\/uploads\/2020\/09\/20-21-P-Seminar-Mountainbike-250x167.jpg 250w, https:\/\/www.rwg-bayreuth.de\/home\/wp-content\/uploads\/2020\/09\/20-21-P-Seminar-Mountainbike-900x600.jpg 900w, https:\/\/www.rwg-bayreuth.de\/home\/wp-content\/uploads\/2020\/09\/20-21-P-Seminar-Mountainbike.jpg 1024w\" sizes=\"(max-width: 450px) 100vw, 450px\" \/><\/a><\/p>\n<h3>&hellip; in die Pedale &#8211; fertig, los!<\/h3>\n<p>Unter diesem Motto m\u00f6chten wir euch, liebe 5.-Kl\u00e4ssler, herzlich zu einer Mountainbike-Tour im Rahmen unseres P-Seminars einladen.<br \/>\nWir wollen mit euch am <strong>Montag, dem 12.10.2020, ab 13.30&nbsp;Uhr<\/strong> einen coolen Nachmittag auf den Mountainbikes am Buchstein verbringen.<br \/>\nGeplant haben wir f\u00fcr euch eine Tour \u00fcber insgesamt 10&nbsp;km zum Buchstein und zur\u00fcck zum RWG mit einem anschlie\u00dfenden Parcours auf dem Schulhof.<br \/>\nAu\u00dferdem haben wir f\u00fcr euch Spa\u00df und Spiel auf dem Buchstein vorbereitet \ud83d\ude09.<br \/>\n<strong>Alles wird selbstverst\u00e4ndlich unter Beachtung der Hygiene- und Abstandsregeln stattfinden. <\/strong><\/p>\n<h6>Voraussetzungen:<\/h6>\n<ul>\n<li>Mitnahme eines Mund-Nase-Schutzes<\/li>\n<li>Eigenes, funktionst\u00fcchtiges Mountainbike &#8211; bitte von den Eltern \u00fcberpr\u00fcfen lassen<\/li>\n<li>Helm<\/li>\n<li>Weitere Schutzausr\u00fcstung (z.B. Handschuhe, R\u00fcckenprotector, Brille) optional<\/li>\n<\/ul>\n<p>Zur St\u00e4rkung haben wir Wasser, isotonische Getr\u00e4nke und M\u00fcsliriegel geplant. Hierf\u00fcr w\u00fcrden wir uns sehr \u00fcber eine kleine Spende freuen \u2026<\/p>\n<p>Nur f\u00fcr alle F\u00e4lle \u2013 gebt uns bitte den Namen und eine Telefonnummer eurer Eltern, damit wir im Notfall jemanden verst\u00e4ndigen k\u00f6nnen. <\/p>\n<p>Am <strong>Dienstag<\/strong>, den <strong>29.9.2020<\/strong>, kommen wir in eure Klassen, um euch die Anmeldeformulare auszuteilen und euch nochmals genau \u00fcber die Aktion zu informieren.<\/p>\n<p>Die <strong>Anmeldung<\/strong> (inkl. einer Spende) erfolgt bitte bis zum <strong>2.10.2020<\/strong> direkt bei uns. Dazu kommen wir an folgenden Terminen nochmal zu euch ins Klassenzimmer: <strong>Freitag<\/strong>, den <strong>2.10.2020<\/strong>. Sollte jemand aus irgendeinem Grund am Freitag nicht anwesend sein oder den Zettel vergessen haben, kommen wir am <strong>Montag<\/strong>, den <strong>5.10.2020<\/strong>, nochmal zu euch.<br \/>\nWir freuen uns auf Euch, das wird ein toller Nachmittag &hellip;<\/p>\n<p><strong>Eure M\u00e4dels vom P-Seminar Mountainbike<br \/>\nMerle, Vanessa, Jana, Susan, Chrissi und Stella<\/strong>\ud83d\ude0a<\/p>\n<ul class=\"linkliste\">\n<li><a href=\"https:\/\/www.rwg-bayreuth.de\/home\/wp-content\/uploads\/2020\/09\/20-21-P-Seminar-Mountainbike-Flyer.jpg\">Flyer der Mountainbike-Tour<\/a><\/li>\n<\/ul>\n","protected":false},"excerpt":{"rendered":"<p>&hellip; in die Pedale &#8211; fertig, los! Unter diesem Motto m\u00f6chten wir euch, liebe 5.-Kl\u00e4ssler, herzlich zu einer Mountainbike-Tour im Rahmen unseres P-Seminars einladen. Wir wollen mit euch am Montag, dem 12.10.2020, ab 13.30&nbsp;Uhr einen coolen Nachmittag auf den Mountainbikes am Buchstein verbringen. Geplant haben wir f\u00fcr euch eine Tour \u00fcber insgesamt 10&nbsp;km zum Buchstein&hellip;<\/p>\n","protected":false},"author":11,"featured_media":27055,"comment_status":"closed","ping_status":"closed","sticky":false,"template":"","format":"standard","meta":{"footnotes":""},"categories":[1],"tags":[51,135,64,63],"_links":{"self":[{"href":"https:\/\/www.rwg-bayreuth.de\/home\/index.php?rest_route=\/wp\/v2\/posts\/27053"}],"collection":[{"href":"https:\/\/www.rwg-bayreuth.de\/home\/index.php?rest_route=\/wp\/v2\/posts"}],"about":[{"href":"https:\/\/www.rwg-bayreuth.de\/home\/index.php?rest_route=\/wp\/v2\/types\/post"}],"author":[{"embeddable":true,"href":"https:\/\/www.rwg-bayreuth.de\/home\/index.php?rest_route=\/wp\/v2\/users\/11"}],"replies":[{"embeddable":true,"href":"https:\/\/www.rwg-bayreuth.de\/home\/index.php?rest_route=%2Fwp%2Fv2%2Fcomments&post=27053"}],"version-history":[{"count":15,"href":"https:\/\/www.rwg-bayreuth.de\/home\/index.php?rest_route=\/wp\/v2\/posts\/27053\/revisions"}],"predecessor-version":[{"id":27094,"href":"https:\/\/www.rwg-bayreuth.de\/home\/index.php?rest_route=\/wp\/v2\/posts\/27053\/revisions\/27094"}],"wp:featuredmedia":[{"embeddable":true,"href":"https:\/\/www.rwg-bayreuth.de\/home\/index.php?rest_route=\/wp\/v2\/media\/27055"}],"wp:attachment":[{"href":"https:\/\/www.rwg-bayreuth.de\/home\/index.php?rest_route=%2Fwp%2Fv2%2Fmedia&parent=27053"}],"wp:term":[{"taxonomy":"category","embeddable":true,"href":"https:\/\/www.rwg-bayreuth.de\/home\/index.php?rest_route=%2Fwp%2Fv2%2Fcategories&post=27053"},{"taxonomy":"post_tag","embeddable":true,"href":"https:\/\/www.rwg-bayreuth.de\/home\/index.php?rest_route=%2Fwp%2Fv2%2Ftags&post=27053"}],"curies":[{"name":"wp","href":"https:\/\/api.w.org\/{rel}","templated":true}]}}