{"id":27037,"date":"2020-09-25T12:14:47","date_gmt":"2020-09-25T10:14:47","guid":{"rendered":"http:\/\/www.rwg-bayreuth.de\/home\/?p=27037"},"modified":"2022-12-31T17:59:35","modified_gmt":"2022-12-31T16:59:35","slug":"das-cafe-%cf%80-ist-zurueck","status":"publish","type":"post","link":"https:\/\/www.rwg-bayreuth.de\/home\/?p=27037","title":{"rendered":"Das Caf\u00e9 \u03c0 ist zur\u00fcck!"},"content":{"rendered":"<p><img loading=\"lazy\" decoding=\"async\" src=\"https:\/\/www.rwg-bayreuth.de\/home\/wp-content\/uploads\/2020\/09\/20-21-Cafe-Pi-3-2-450x300.jpg\" alt=\"\" width=\"450\" height=\"300\" class=\"aligncenter size-medium wp-image-27038\" srcset=\"https:\/\/www.rwg-bayreuth.de\/home\/wp-content\/uploads\/2020\/09\/20-21-Cafe-Pi-3-2-450x300.jpg 450w, https:\/\/www.rwg-bayreuth.de\/home\/wp-content\/uploads\/2020\/09\/20-21-Cafe-Pi-3-2-768x512.jpg 768w, https:\/\/www.rwg-bayreuth.de\/home\/wp-content\/uploads\/2020\/09\/20-21-Cafe-Pi-3-2-250x167.jpg 250w, https:\/\/www.rwg-bayreuth.de\/home\/wp-content\/uploads\/2020\/09\/20-21-Cafe-Pi-3-2-900x600.jpg 900w, https:\/\/www.rwg-bayreuth.de\/home\/wp-content\/uploads\/2020\/09\/20-21-Cafe-Pi-3-2.jpg 1024w\" sizes=\"(max-width: 450px) 100vw, 450px\" \/><\/p>\n<p>Nach der langen Sommerpause in den Ferien und w\u00e4hrend der Corona-Quarant\u00e4ne, \u00f6ffnet unser Mathe-Schulcaf\u00e9, das Caf\u00e9 \u03c0, nun wieder seine Pforten.<\/p>\n<p><a href=\"https:\/\/www.rwg-bayreuth.de\/home\/wp-content\/uploads\/2020\/05\/Cafe-Pi.jpg\"><img loading=\"lazy\" decoding=\"async\" src=\"https:\/\/www.rwg-bayreuth.de\/home\/wp-content\/uploads\/2020\/05\/Cafe-Pi-450x300.jpg\" alt=\"\" width=\"450\" height=\"300\" class=\"alignright size-medium wp-image-26455\" srcset=\"https:\/\/www.rwg-bayreuth.de\/home\/wp-content\/uploads\/2020\/05\/Cafe-Pi-450x300.jpg 450w, https:\/\/www.rwg-bayreuth.de\/home\/wp-content\/uploads\/2020\/05\/Cafe-Pi-768x512.jpg 768w, https:\/\/www.rwg-bayreuth.de\/home\/wp-content\/uploads\/2020\/05\/Cafe-Pi-250x167.jpg 250w, https:\/\/www.rwg-bayreuth.de\/home\/wp-content\/uploads\/2020\/05\/Cafe-Pi-900x600.jpg 900w, https:\/\/www.rwg-bayreuth.de\/home\/wp-content\/uploads\/2020\/05\/Cafe-Pi.jpg 1025w\" sizes=\"(max-width: 450px) 100vw, 450px\" \/><\/a>Wir sind ein sieben&shy;k\u00f6pfiges, mathe-interes&shy;siertes Team von Sch\u00fclern aus der Q12, die montags sowie donners&shy;tags Hilfe im Fach Mathe anbieten. Zu uns kann jeder Sch\u00fcler der 5. Und 6. Klasse ganz spontan kommen, der Fragen hat, sich auf eine Schulaufgabe vorbereiten will oder einfach in entspannter Atmosph\u00e4re Mathehausaufgaben machen m\u00f6chte.<\/p>\n<p>Leider d\u00fcrfen wir aufgrund des Coronavirus keine Nahrungsmittel verkaufen, aber es darf gerne das eigene Pausenbrot mitgebracht werden! Au\u00dferdem m\u00fcssen au\u00dferhalb des Sitzplatzes die Mundschutze getragen werden, und die Kinder werden nach Jahrgangsstufen und Klassen verteilt sitzen. F\u00fcr Sicherheit ist also gesorgt!<\/p>\n<p>Unser Caf\u00e9 hat montags und donnerstags in der 7. Stunde ge\u00f6ffnet, f\u00fcr Sch\u00fcler aus der Ganztagsbetreuung stehen wir donnerstags ab 13:30 Uhr zu Verf\u00fcgung. Es befindet sich in Raum 218 im Altbau, direkt neben dem Geographieraum.<br \/>\n\u00dcber einen Besuch w\u00fcrden wir uns freuen!<\/p>\n<p>P.S.: Werft doch auch einmal einen Blick auf unsere Mathe-Erkl\u00e4rvideos! Ihr findet sie <a href=\"https:\/\/www.rwg-bayreuth.de\/home\/?page_id=26795\">hier auf der Homepage<\/a> sowie auf unserem RWG-YouTube-Kanal.<\/p>\n<h4>\u00d6ffnungszeiten:<\/h4>\n<table>\n<tr>\n<td>Montag<\/td>\n<td>12.45 \u2013 13.30 Uhr<\/td>\n<td>mit  Andrey, Antonia und Angelina<\/td>\n<\/tr>\n<tr>\n<td>Donnerstag<\/td>\n<td>12.45 \u2013 13.30 Uhr<\/td>\n<td>mit Larissa und Johanna<\/td>\n<\/tr>\n<tr>\n<td>Donnerstag<\/td>\n<td>13.30 &#8211; 14.15 Uhr (nur OGS)<\/td>\n<td>mit Nesma, und Vanessa<\/td>\n<\/tr>\n<\/table>\n","protected":false},"excerpt":{"rendered":"<p>Nach der langen Sommerpause in den Ferien und w\u00e4hrend der Corona-Quarant\u00e4ne, \u00f6ffnet unser Mathe-Schulcaf\u00e9, das Caf\u00e9 \u03c0, nun wieder seine Pforten. Wir sind ein sieben&shy;k\u00f6pfiges, mathe-interes&shy;siertes Team von Sch\u00fclern aus der Q12, die montags sowie donners&shy;tags Hilfe im Fach Mathe anbieten. Zu uns kann jeder Sch\u00fcler der 5. Und 6. Klasse ganz spontan kommen, der&hellip;<\/p>\n","protected":false},"author":11,"featured_media":27038,"comment_status":"closed","ping_status":"closed","sticky":false,"template":"","format":"standard","meta":{"footnotes":""},"categories":[1],"tags":[99,51,70,96,64],"_links":{"self":[{"href":"https:\/\/www.rwg-bayreuth.de\/home\/index.php?rest_route=\/wp\/v2\/posts\/27037"}],"collection":[{"href":"https:\/\/www.rwg-bayreuth.de\/home\/index.php?rest_route=\/wp\/v2\/posts"}],"about":[{"href":"https:\/\/www.rwg-bayreuth.de\/home\/index.php?rest_route=\/wp\/v2\/types\/post"}],"author":[{"embeddable":true,"href":"https:\/\/www.rwg-bayreuth.de\/home\/index.php?rest_route=\/wp\/v2\/users\/11"}],"replies":[{"embeddable":true,"href":"https:\/\/www.rwg-bayreuth.de\/home\/index.php?rest_route=%2Fwp%2Fv2%2Fcomments&post=27037"}],"version-history":[{"count":3,"href":"https:\/\/www.rwg-bayreuth.de\/home\/index.php?rest_route=\/wp\/v2\/posts\/27037\/revisions"}],"predecessor-version":[{"id":27052,"href":"https:\/\/www.rwg-bayreuth.de\/home\/index.php?rest_route=\/wp\/v2\/posts\/27037\/revisions\/27052"}],"wp:featuredmedia":[{"embeddable":true,"href":"https:\/\/www.rwg-bayreuth.de\/home\/index.php?rest_route=\/wp\/v2\/media\/27038"}],"wp:attachment":[{"href":"https:\/\/www.rwg-bayreuth.de\/home\/index.php?rest_route=%2Fwp%2Fv2%2Fmedia&parent=27037"}],"wp:term":[{"taxonomy":"category","embeddable":true,"href":"https:\/\/www.rwg-bayreuth.de\/home\/index.php?rest_route=%2Fwp%2Fv2%2Fcategories&post=27037"},{"taxonomy":"post_tag","embeddable":true,"href":"https:\/\/www.rwg-bayreuth.de\/home\/index.php?rest_route=%2Fwp%2Fv2%2Ftags&post=27037"}],"curies":[{"name":"wp","href":"https:\/\/api.w.org\/{rel}","templated":true}]}}