{"id":26937,"date":"2020-09-08T19:45:18","date_gmt":"2020-09-08T17:45:18","guid":{"rendered":"http:\/\/www.rwg-bayreuth.de\/home\/?p=26937"},"modified":"2020-09-13T12:17:44","modified_gmt":"2020-09-13T10:17:44","slug":"es-bleibt-alles-andersunser-schuljahr-beginnt","status":"publish","type":"post","link":"https:\/\/www.rwg-bayreuth.de\/home\/?p=26937","title":{"rendered":"Es bleibt (alles) anders \u2026 Unser Schuljahr beginnt!"},"content":{"rendered":"<div class=\"su-image-carousel  su-image-carousel-has-lightbox su-image-carousel-has-outline su-image-carousel-adaptive su-image-carousel-slides-style-minimal su-image-carousel-controls-style-light su-image-carousel-align-center\" style=\"max-width:450px\" data-flickity-options='{\"groupCells\":true,\"cellSelector\":\".su-image-carousel-item\",\"adaptiveHeight\":true,\"cellAlign\":\"left\",\"prevNextButtons\":true,\"pageDots\":false,\"autoPlay\":4000,\"imagesLoaded\":true,\"contain\":false,\"selectedAttraction\":0.025000000000000001,\"friction\":0.28000000000000003}' id=\"su_image_carousel_69f1a0de89354\"><div class=\"su-image-carousel-item\"><div class=\"su-image-carousel-item-content\"><a href=\"https:\/\/www.rwg-bayreuth.de\/home\/wp-content\/uploads\/2020\/09\/20-21-Klasse-5a.jpg\" data-caption=\"\"><img loading=\"lazy\" decoding=\"async\" width=\"768\" height=\"512\" src=\"https:\/\/www.rwg-bayreuth.de\/home\/wp-content\/uploads\/2020\/09\/20-21-Klasse-5a-768x512.jpg\" class=\"\" alt=\"\" srcset=\"https:\/\/www.rwg-bayreuth.de\/home\/wp-content\/uploads\/2020\/09\/20-21-Klasse-5a-768x512.jpg 768w, https:\/\/www.rwg-bayreuth.de\/home\/wp-content\/uploads\/2020\/09\/20-21-Klasse-5a-450x300.jpg 450w, https:\/\/www.rwg-bayreuth.de\/home\/wp-content\/uploads\/2020\/09\/20-21-Klasse-5a-250x167.jpg 250w, https:\/\/www.rwg-bayreuth.de\/home\/wp-content\/uploads\/2020\/09\/20-21-Klasse-5a-900x600.jpg 900w, https:\/\/www.rwg-bayreuth.de\/home\/wp-content\/uploads\/2020\/09\/20-21-Klasse-5a.jpg 1024w\" sizes=\"(max-width: 768px) 100vw, 768px\" \/><\/a><\/div><\/div><div class=\"su-image-carousel-item\"><div class=\"su-image-carousel-item-content\"><a href=\"https:\/\/www.rwg-bayreuth.de\/home\/wp-content\/uploads\/2020\/09\/20-21-Klasse-5b.jpg\" data-caption=\"\"><img loading=\"lazy\" decoding=\"async\" width=\"768\" height=\"512\" src=\"https:\/\/www.rwg-bayreuth.de\/home\/wp-content\/uploads\/2020\/09\/20-21-Klasse-5b-768x512.jpg\" class=\"\" alt=\"\" srcset=\"https:\/\/www.rwg-bayreuth.de\/home\/wp-content\/uploads\/2020\/09\/20-21-Klasse-5b-768x512.jpg 768w, https:\/\/www.rwg-bayreuth.de\/home\/wp-content\/uploads\/2020\/09\/20-21-Klasse-5b-450x300.jpg 450w, https:\/\/www.rwg-bayreuth.de\/home\/wp-content\/uploads\/2020\/09\/20-21-Klasse-5b-250x167.jpg 250w, https:\/\/www.rwg-bayreuth.de\/home\/wp-content\/uploads\/2020\/09\/20-21-Klasse-5b-900x600.jpg 900w, https:\/\/www.rwg-bayreuth.de\/home\/wp-content\/uploads\/2020\/09\/20-21-Klasse-5b.jpg 1024w\" sizes=\"(max-width: 768px) 100vw, 768px\" \/><\/a><\/div><\/div><div class=\"su-image-carousel-item\"><div class=\"su-image-carousel-item-content\"><a href=\"https:\/\/www.rwg-bayreuth.de\/home\/wp-content\/uploads\/2020\/09\/20-21-Klasse-5c-1.jpg\" data-caption=\"\"><img loading=\"lazy\" decoding=\"async\" width=\"768\" height=\"512\" src=\"https:\/\/www.rwg-bayreuth.de\/home\/wp-content\/uploads\/2020\/09\/20-21-Klasse-5c-1-768x512.jpg\" class=\"\" alt=\"\" srcset=\"https:\/\/www.rwg-bayreuth.de\/home\/wp-content\/uploads\/2020\/09\/20-21-Klasse-5c-1-768x512.jpg 768w, https:\/\/www.rwg-bayreuth.de\/home\/wp-content\/uploads\/2020\/09\/20-21-Klasse-5c-1-450x300.jpg 450w, https:\/\/www.rwg-bayreuth.de\/home\/wp-content\/uploads\/2020\/09\/20-21-Klasse-5c-1-250x167.jpg 250w, https:\/\/www.rwg-bayreuth.de\/home\/wp-content\/uploads\/2020\/09\/20-21-Klasse-5c-1-900x600.jpg 900w, https:\/\/www.rwg-bayreuth.de\/home\/wp-content\/uploads\/2020\/09\/20-21-Klasse-5c-1-600x400.jpg 600w, https:\/\/www.rwg-bayreuth.de\/home\/wp-content\/uploads\/2020\/09\/20-21-Klasse-5c-1.jpg 1024w\" sizes=\"(max-width: 768px) 100vw, 768px\" \/><\/a><\/div><\/div><div class=\"su-image-carousel-item\"><div class=\"su-image-carousel-item-content\"><a href=\"https:\/\/www.rwg-bayreuth.de\/home\/wp-content\/uploads\/2020\/09\/20-21-Klasse-5d.jpg\" data-caption=\"\"><img loading=\"lazy\" decoding=\"async\" width=\"768\" height=\"512\" src=\"https:\/\/www.rwg-bayreuth.de\/home\/wp-content\/uploads\/2020\/09\/20-21-Klasse-5d-768x512.jpg\" class=\"\" alt=\"\" srcset=\"https:\/\/www.rwg-bayreuth.de\/home\/wp-content\/uploads\/2020\/09\/20-21-Klasse-5d-768x512.jpg 768w, https:\/\/www.rwg-bayreuth.de\/home\/wp-content\/uploads\/2020\/09\/20-21-Klasse-5d-450x300.jpg 450w, https:\/\/www.rwg-bayreuth.de\/home\/wp-content\/uploads\/2020\/09\/20-21-Klasse-5d-250x167.jpg 250w, https:\/\/www.rwg-bayreuth.de\/home\/wp-content\/uploads\/2020\/09\/20-21-Klasse-5d-900x600.jpg 900w, https:\/\/www.rwg-bayreuth.de\/home\/wp-content\/uploads\/2020\/09\/20-21-Klasse-5d.jpg 1024w\" sizes=\"(max-width: 768px) 100vw, 768px\" \/><\/a><\/div><\/div><div class=\"su-image-carousel-item\"><div class=\"su-image-carousel-item-content\"><a href=\"https:\/\/www.rwg-bayreuth.de\/home\/wp-content\/uploads\/2020\/09\/20-21-Klasse-5e.jpg\" data-caption=\"\"><img loading=\"lazy\" decoding=\"async\" width=\"768\" height=\"512\" src=\"https:\/\/www.rwg-bayreuth.de\/home\/wp-content\/uploads\/2020\/09\/20-21-Klasse-5e-768x512.jpg\" class=\"\" alt=\"\" srcset=\"https:\/\/www.rwg-bayreuth.de\/home\/wp-content\/uploads\/2020\/09\/20-21-Klasse-5e-768x512.jpg 768w, https:\/\/www.rwg-bayreuth.de\/home\/wp-content\/uploads\/2020\/09\/20-21-Klasse-5e-450x300.jpg 450w, https:\/\/www.rwg-bayreuth.de\/home\/wp-content\/uploads\/2020\/09\/20-21-Klasse-5e-250x167.jpg 250w, https:\/\/www.rwg-bayreuth.de\/home\/wp-content\/uploads\/2020\/09\/20-21-Klasse-5e-900x600.jpg 900w, https:\/\/www.rwg-bayreuth.de\/home\/wp-content\/uploads\/2020\/09\/20-21-Klasse-5e.jpg 1024w\" sizes=\"(max-width: 768px) 100vw, 768px\" \/><\/a><\/div><\/div><div class=\"su-image-carousel-item\"><div class=\"su-image-carousel-item-content\"><a href=\"https:\/\/www.rwg-bayreuth.de\/home\/wp-content\/uploads\/2020\/09\/20-21-Klasse-5f.jpg\" data-caption=\"\"><img loading=\"lazy\" decoding=\"async\" width=\"768\" height=\"512\" src=\"https:\/\/www.rwg-bayreuth.de\/home\/wp-content\/uploads\/2020\/09\/20-21-Klasse-5f-768x512.jpg\" class=\"\" alt=\"\" srcset=\"https:\/\/www.rwg-bayreuth.de\/home\/wp-content\/uploads\/2020\/09\/20-21-Klasse-5f-768x512.jpg 768w, https:\/\/www.rwg-bayreuth.de\/home\/wp-content\/uploads\/2020\/09\/20-21-Klasse-5f-450x300.jpg 450w, https:\/\/www.rwg-bayreuth.de\/home\/wp-content\/uploads\/2020\/09\/20-21-Klasse-5f-250x167.jpg 250w, https:\/\/www.rwg-bayreuth.de\/home\/wp-content\/uploads\/2020\/09\/20-21-Klasse-5f-900x600.jpg 900w, https:\/\/www.rwg-bayreuth.de\/home\/wp-content\/uploads\/2020\/09\/20-21-Klasse-5f.jpg 1024w\" sizes=\"(max-width: 768px) 100vw, 768px\" \/><\/a><\/div><\/div><div class=\"su-image-carousel-item\"><div class=\"su-image-carousel-item-content\"><a href=\"https:\/\/www.rwg-bayreuth.de\/home\/wp-content\/uploads\/2020\/09\/20-21-Klasse-5c.jpg\" data-caption=\"\"><img loading=\"lazy\" decoding=\"async\" width=\"768\" height=\"512\" src=\"https:\/\/www.rwg-bayreuth.de\/home\/wp-content\/uploads\/2020\/09\/20-21-Klasse-5c-768x512.jpg\" class=\"\" alt=\"\" srcset=\"https:\/\/www.rwg-bayreuth.de\/home\/wp-content\/uploads\/2020\/09\/20-21-Klasse-5c-768x512.jpg 768w, https:\/\/www.rwg-bayreuth.de\/home\/wp-content\/uploads\/2020\/09\/20-21-Klasse-5c-450x300.jpg 450w, https:\/\/www.rwg-bayreuth.de\/home\/wp-content\/uploads\/2020\/09\/20-21-Klasse-5c-250x167.jpg 250w, https:\/\/www.rwg-bayreuth.de\/home\/wp-content\/uploads\/2020\/09\/20-21-Klasse-5c-900x600.jpg 900w, https:\/\/www.rwg-bayreuth.de\/home\/wp-content\/uploads\/2020\/09\/20-21-Klasse-5c.jpg 1024w\" sizes=\"(max-width: 768px) 100vw, 768px\" \/><\/a><\/div><\/div><\/div><script id=\"su_image_carousel_69f1a0de89354_script\">if(window.SUImageCarousel){setTimeout(function() {window.SUImageCarousel.initGallery(document.getElementById(\"su_image_carousel_69f1a0de89354\"))}, 0);}var su_image_carousel_69f1a0de89354_script=document.getElementById(\"su_image_carousel_69f1a0de89354_script\");if(su_image_carousel_69f1a0de89354_script){su_image_carousel_69f1a0de89354_script.parentNode.removeChild(su_image_carousel_69f1a0de89354_script);}<\/script>\n<p>Alles beim Alten: Wir starten mit der ersten gro\u00dfen Lehrer&shy;kon&shy;ferenz, die F\u00fcnft&shy;klass&shy;lehr&shy;kr\u00e4fte treffen sich zur KOMPASS-Sitzung am Nachmittag und dann geht\u00b4s los mit der Begr\u00fc\u00dfung unserer neuen Sch\u00fclerinnen und Sch\u00fcler in den f\u00fcnften Klassen.<\/p>\n<p><a href=\"https:\/\/www.rwg-bayreuth.de\/home\/wp-content\/uploads\/2020\/09\/20-21-Corona-Teststation.jpg\"><img loading=\"lazy\" decoding=\"async\" src=\"https:\/\/www.rwg-bayreuth.de\/home\/wp-content\/uploads\/2020\/09\/20-21-Corona-Teststation-450x300.jpg\" alt=\"\" width=\"450\" height=\"300\" class=\"alignright size-medium wp-image-26974\" srcset=\"https:\/\/www.rwg-bayreuth.de\/home\/wp-content\/uploads\/2020\/09\/20-21-Corona-Teststation-450x300.jpg 450w, https:\/\/www.rwg-bayreuth.de\/home\/wp-content\/uploads\/2020\/09\/20-21-Corona-Teststation-768x512.jpg 768w, https:\/\/www.rwg-bayreuth.de\/home\/wp-content\/uploads\/2020\/09\/20-21-Corona-Teststation-250x167.jpg 250w, https:\/\/www.rwg-bayreuth.de\/home\/wp-content\/uploads\/2020\/09\/20-21-Corona-Teststation-900x600.jpg 900w, https:\/\/www.rwg-bayreuth.de\/home\/wp-content\/uploads\/2020\/09\/20-21-Corona-Teststation.jpg 1024w, https:\/\/www.rwg-bayreuth.de\/home\/wp-content\/uploads\/2020\/09\/20-21-Corona-Teststation-600x400.jpg 600w\" sizes=\"(max-width: 450px) 100vw, 450px\" \/><\/a>Und doch ist heuer vieles anders: Auf dem Schulhof gibt es nach der Konferenz f\u00fcr alle Lehrerinnen und Lehrer eine mobile Covid-19-Teststation, auf dem Schulgel\u00e4nde herrscht Masken&shy;pflicht und unsere neuen begr\u00fc\u00dfen wir auf dem Pausen&shy;hof statt in in der Turn&shy;halle.<\/p>\n<p class=\"clear\"><a href=\"https:\/\/www.rwg-bayreuth.de\/home\/wp-content\/uploads\/2020\/09\/20-21-Pausenhof.jpg\"><img loading=\"lazy\" decoding=\"async\" src=\"https:\/\/www.rwg-bayreuth.de\/home\/wp-content\/uploads\/2020\/09\/20-21-Pausenhof-450x300.jpg\" alt=\"\" width=\"450\" height=\"300\" class=\"alignleft size-medium wp-image-26944 clear\" srcset=\"https:\/\/www.rwg-bayreuth.de\/home\/wp-content\/uploads\/2020\/09\/20-21-Pausenhof-450x300.jpg 450w, https:\/\/www.rwg-bayreuth.de\/home\/wp-content\/uploads\/2020\/09\/20-21-Pausenhof-768x512.jpg 768w, https:\/\/www.rwg-bayreuth.de\/home\/wp-content\/uploads\/2020\/09\/20-21-Pausenhof-250x167.jpg 250w, https:\/\/www.rwg-bayreuth.de\/home\/wp-content\/uploads\/2020\/09\/20-21-Pausenhof-900x600.jpg 900w, https:\/\/www.rwg-bayreuth.de\/home\/wp-content\/uploads\/2020\/09\/20-21-Pausenhof.jpg 1024w\" sizes=\"(max-width: 450px) 100vw, 450px\" \/><\/a>Sicher&shy;lich gleich geblieben trotz Corona ist dagegen die Auf&shy;regung am ersten Schul&shy;tag in der neuen Schule. \u201eSind die Lehrer*innen nett?\u201c \u201eNeben wem werde ich sitzen?\u201c \u201eFinde ich mich in diesem Riesen&shy;schul&shy;haus zurecht?\u201c \u2013 Fragen, die wohl die meisten besch\u00e4f&shy;tigen. Zum Gl\u00fcck gibt\u00b4s unsere Tutor*innen aus den zehnten Klassen, die mit den Klassen&shy;leiter*innen die Neu-RWGler*innen an die Hand nehmen und zun\u00e4chst mal den Weg zum Klassenzimmer gehen, bevor bei zeit&shy;versetzten Schul&shy;haus&shy;rallyes in Klein&shy;gruppen das Schulhaus vom Keller bis zum Dach erkundet wird.<\/p>\n<div class=\"su-image-carousel  su-image-carousel-has-lightbox su-image-carousel-has-outline su-image-carousel-adaptive su-image-carousel-slides-style-minimal su-image-carousel-controls-style-light su-image-carousel-align-right\" style=\"max-width:450px\" data-flickity-options='{\"groupCells\":true,\"cellSelector\":\".su-image-carousel-item\",\"adaptiveHeight\":true,\"cellAlign\":\"left\",\"prevNextButtons\":false,\"pageDots\":false,\"autoPlay\":4000,\"imagesLoaded\":true,\"contain\":false,\"selectedAttraction\":0.025000000000000001,\"friction\":0.28000000000000003}' id=\"su_image_carousel_69f1a0de896b4\"><div class=\"su-image-carousel-item\"><div class=\"su-image-carousel-item-content\"><a href=\"https:\/\/www.rwg-bayreuth.de\/home\/wp-content\/uploads\/2020\/09\/20-21-Schulanfangsgottesdienst1.jpg\" data-caption=\"\"><img loading=\"lazy\" decoding=\"async\" width=\"768\" height=\"512\" src=\"https:\/\/www.rwg-bayreuth.de\/home\/wp-content\/uploads\/2020\/09\/20-21-Schulanfangsgottesdienst1-768x512.jpg\" class=\"\" alt=\"\" srcset=\"https:\/\/www.rwg-bayreuth.de\/home\/wp-content\/uploads\/2020\/09\/20-21-Schulanfangsgottesdienst1-768x512.jpg 768w, https:\/\/www.rwg-bayreuth.de\/home\/wp-content\/uploads\/2020\/09\/20-21-Schulanfangsgottesdienst1-450x300.jpg 450w, https:\/\/www.rwg-bayreuth.de\/home\/wp-content\/uploads\/2020\/09\/20-21-Schulanfangsgottesdienst1-250x167.jpg 250w, https:\/\/www.rwg-bayreuth.de\/home\/wp-content\/uploads\/2020\/09\/20-21-Schulanfangsgottesdienst1-900x600.jpg 900w, https:\/\/www.rwg-bayreuth.de\/home\/wp-content\/uploads\/2020\/09\/20-21-Schulanfangsgottesdienst1.jpg 1024w\" sizes=\"(max-width: 768px) 100vw, 768px\" \/><\/a><\/div><\/div><div class=\"su-image-carousel-item\"><div class=\"su-image-carousel-item-content\"><a href=\"https:\/\/www.rwg-bayreuth.de\/home\/wp-content\/uploads\/2020\/09\/20-21-Schulanfangsgottesdienst3.jpg\" data-caption=\"\"><img loading=\"lazy\" decoding=\"async\" width=\"768\" height=\"512\" src=\"https:\/\/www.rwg-bayreuth.de\/home\/wp-content\/uploads\/2020\/09\/20-21-Schulanfangsgottesdienst3-768x512.jpg\" class=\"\" alt=\"\" srcset=\"https:\/\/www.rwg-bayreuth.de\/home\/wp-content\/uploads\/2020\/09\/20-21-Schulanfangsgottesdienst3-768x512.jpg 768w, https:\/\/www.rwg-bayreuth.de\/home\/wp-content\/uploads\/2020\/09\/20-21-Schulanfangsgottesdienst3-450x300.jpg 450w, https:\/\/www.rwg-bayreuth.de\/home\/wp-content\/uploads\/2020\/09\/20-21-Schulanfangsgottesdienst3-250x167.jpg 250w, https:\/\/www.rwg-bayreuth.de\/home\/wp-content\/uploads\/2020\/09\/20-21-Schulanfangsgottesdienst3-900x600.jpg 900w, https:\/\/www.rwg-bayreuth.de\/home\/wp-content\/uploads\/2020\/09\/20-21-Schulanfangsgottesdienst3.jpg 1024w\" sizes=\"(max-width: 768px) 100vw, 768px\" \/><\/a><\/div><\/div><div class=\"su-image-carousel-item\"><div class=\"su-image-carousel-item-content\"><a href=\"https:\/\/www.rwg-bayreuth.de\/home\/wp-content\/uploads\/2020\/09\/20-21-Schulanfangsgottesdienst2.jpg\" data-caption=\"\"><img loading=\"lazy\" decoding=\"async\" width=\"768\" height=\"512\" src=\"https:\/\/www.rwg-bayreuth.de\/home\/wp-content\/uploads\/2020\/09\/20-21-Schulanfangsgottesdienst2-768x512.jpg\" class=\"\" alt=\"\" srcset=\"https:\/\/www.rwg-bayreuth.de\/home\/wp-content\/uploads\/2020\/09\/20-21-Schulanfangsgottesdienst2-768x512.jpg 768w, https:\/\/www.rwg-bayreuth.de\/home\/wp-content\/uploads\/2020\/09\/20-21-Schulanfangsgottesdienst2-450x300.jpg 450w, https:\/\/www.rwg-bayreuth.de\/home\/wp-content\/uploads\/2020\/09\/20-21-Schulanfangsgottesdienst2-250x167.jpg 250w, https:\/\/www.rwg-bayreuth.de\/home\/wp-content\/uploads\/2020\/09\/20-21-Schulanfangsgottesdienst2-900x600.jpg 900w, https:\/\/www.rwg-bayreuth.de\/home\/wp-content\/uploads\/2020\/09\/20-21-Schulanfangsgottesdienst2.jpg 1024w\" sizes=\"(max-width: 768px) 100vw, 768px\" \/><\/a><\/div><\/div><\/div><script id=\"su_image_carousel_69f1a0de896b4_script\">if(window.SUImageCarousel){setTimeout(function() {window.SUImageCarousel.initGallery(document.getElementById(\"su_image_carousel_69f1a0de896b4\"))}, 0);}var su_image_carousel_69f1a0de896b4_script=document.getElementById(\"su_image_carousel_69f1a0de896b4_script\");if(su_image_carousel_69f1a0de896b4_script){su_image_carousel_69f1a0de896b4_script.parentNode.removeChild(su_image_carousel_69f1a0de896b4_script);}<\/script>\n<p>Mit dem An&shy;fangs&shy;gottes&shy;dienst, der f\u00fcr die 5. Jahr&shy;gangs&shy;stufe in der Stadt&shy;kirche und f\u00fcr die Gr\u00f6\u00dferen via Panel digital in der Schule stattfindet, beginnt der zweite Tag, an dem viele viel&shy;leicht zun\u00e4chst zaghaft, aber dann mit gro\u00dfer Erleich&shy;terung fest&shy;stellen k\u00f6nnen, dass die neuen Lehrer*innen ebenso wie die unbe&shy;kannten Sitz&shy;nachbar*innen eigentlich ganz nett sind und das Schulhaus dann doch nicht so gro\u00df ist\u2026<\/p>\n<p  class=\"clear\">Liebe Sch\u00fclerinnen und Sch\u00fcler, sch\u00f6n, dass ihr alle wieder da seid!<br \/>\nLiebe F\u00fcnftis, herzlich willkommen bei uns am RWG!<\/p>\n","protected":false},"excerpt":{"rendered":"<p>Alles beim Alten: Wir starten mit der ersten gro\u00dfen Lehrer&shy;kon&shy;ferenz, die F\u00fcnft&shy;klass&shy;lehr&shy;kr\u00e4fte treffen sich zur KOMPASS-Sitzung am Nachmittag und dann geht\u00b4s los mit der Begr\u00fc\u00dfung unserer neuen Sch\u00fclerinnen und Sch\u00fcler in den f\u00fcnften Klassen. Und doch ist heuer vieles anders: Auf dem Schulhof gibt es nach der Konferenz f\u00fcr alle Lehrerinnen und Lehrer eine mobile&hellip;<\/p>\n","protected":false},"author":11,"featured_media":26944,"comment_status":"closed","ping_status":"closed","sticky":false,"template":"","format":"standard","meta":{"footnotes":""},"categories":[1],"tags":[51],"_links":{"self":[{"href":"https:\/\/www.rwg-bayreuth.de\/home\/index.php?rest_route=\/wp\/v2\/posts\/26937"}],"collection":[{"href":"https:\/\/www.rwg-bayreuth.de\/home\/index.php?rest_route=\/wp\/v2\/posts"}],"about":[{"href":"https:\/\/www.rwg-bayreuth.de\/home\/index.php?rest_route=\/wp\/v2\/types\/post"}],"author":[{"embeddable":true,"href":"https:\/\/www.rwg-bayreuth.de\/home\/index.php?rest_route=\/wp\/v2\/users\/11"}],"replies":[{"embeddable":true,"href":"https:\/\/www.rwg-bayreuth.de\/home\/index.php?rest_route=%2Fwp%2Fv2%2Fcomments&post=26937"}],"version-history":[{"count":20,"href":"https:\/\/www.rwg-bayreuth.de\/home\/index.php?rest_route=\/wp\/v2\/posts\/26937\/revisions"}],"predecessor-version":[{"id":26980,"href":"https:\/\/www.rwg-bayreuth.de\/home\/index.php?rest_route=\/wp\/v2\/posts\/26937\/revisions\/26980"}],"wp:featuredmedia":[{"embeddable":true,"href":"https:\/\/www.rwg-bayreuth.de\/home\/index.php?rest_route=\/wp\/v2\/media\/26944"}],"wp:attachment":[{"href":"https:\/\/www.rwg-bayreuth.de\/home\/index.php?rest_route=%2Fwp%2Fv2%2Fmedia&parent=26937"}],"wp:term":[{"taxonomy":"category","embeddable":true,"href":"https:\/\/www.rwg-bayreuth.de\/home\/index.php?rest_route=%2Fwp%2Fv2%2Fcategories&post=26937"},{"taxonomy":"post_tag","embeddable":true,"href":"https:\/\/www.rwg-bayreuth.de\/home\/index.php?rest_route=%2Fwp%2Fv2%2Ftags&post=26937"}],"curies":[{"name":"wp","href":"https:\/\/api.w.org\/{rel}","templated":true}]}}