{"id":26762,"date":"2020-07-16T19:46:15","date_gmt":"2020-07-16T17:46:15","guid":{"rendered":"http:\/\/www.rwg-bayreuth.de\/home\/?p=26762"},"modified":"2020-09-15T15:46:40","modified_gmt":"2020-09-15T13:46:40","slug":"videouebertragung-der-entlassungsfeier-unserer-abiturientinnen-und-abiturienten","status":"publish","type":"post","link":"https:\/\/www.rwg-bayreuth.de\/home\/?p=26762","title":{"rendered":"Abitur in einem denkw\u00fcrdigen Jahr &#8211; <br> Verabschie&shy;dung der Abi&shy;tu&shy;ri&shy;en&shy;tinnen und Abiturienten 2020"},"content":{"rendered":"<p><img decoding=\"async\" class=\"alignnone size-full wp-image-26879\" src=\"https:\/\/www.rwg-bayreuth.de\/home\/wp-content\/uploads\/2020\/07\/Abi2020-Balloon-Stein.jpg\" alt=\"\" width=\"100%\" height=\"uto\" srcset=\"https:\/\/www.rwg-bayreuth.de\/home\/wp-content\/uploads\/2020\/07\/Abi2020-Balloon-Stein.jpg 1024w, https:\/\/www.rwg-bayreuth.de\/home\/wp-content\/uploads\/2020\/07\/Abi2020-Balloon-Stein-450x300.jpg 450w, https:\/\/www.rwg-bayreuth.de\/home\/wp-content\/uploads\/2020\/07\/Abi2020-Balloon-Stein-768x512.jpg 768w, https:\/\/www.rwg-bayreuth.de\/home\/wp-content\/uploads\/2020\/07\/Abi2020-Balloon-Stein-250x167.jpg 250w, https:\/\/www.rwg-bayreuth.de\/home\/wp-content\/uploads\/2020\/07\/Abi2020-Balloon-Stein-900x600.jpg 900w, https:\/\/www.rwg-bayreuth.de\/home\/wp-content\/uploads\/2020\/07\/Abi2020-Balloon-Stein-600x400.jpg 600w\" sizes=\"(max-width: 1024px) 100vw, 1024px\" \/><\/p>\n<p><!--<img decoding=\"async\" class=\"alignnone size-full wp-image-26774\" src=\"https:\/\/www.rwg-bayreuth.de\/home\/wp-content\/uploads\/2020\/07\/Abi2020-B.jpg\" alt=\"\" width=\"100%\" height=\"auto\" srcset=\"https:\/\/www.rwg-bayreuth.de\/home\/wp-content\/uploads\/2020\/07\/Abi2020-B.jpg 1024w, https:\/\/www.rwg-bayreuth.de\/home\/wp-content\/uploads\/2020\/07\/Abi2020-B-450x300.jpg 450w, https:\/\/www.rwg-bayreuth.de\/home\/wp-content\/uploads\/2020\/07\/Abi2020-B-768x512.jpg 768w, https:\/\/www.rwg-bayreuth.de\/home\/wp-content\/uploads\/2020\/07\/Abi2020-B-250x167.jpg 250w, https:\/\/www.rwg-bayreuth.de\/home\/wp-content\/uploads\/2020\/07\/Abi2020-B-900x600.jpg 900w, https:\/\/www.rwg-bayreuth.de\/home\/wp-content\/uploads\/2020\/07\/Abi2020-B-600x400.jpg 600w\" sizes=\"(max-width: 1024px) 100vw, 1024px\" \/>--><\/p>\n<p>Am Freitag, den 17. Juli 2020, war es endlich soweit: Der Abiturjahrgang 2020 des Richard-Wagner-Gymnasiums erhielt die Abschlusszeugnisse.<\/p>\n<p><a href=\"https:\/\/www.rwg-bayreuth.de\/home\/?p=26865\"><img loading=\"lazy\" decoding=\"async\" class=\"alignright size-full wp-image-26866\" src=\"https:\/\/www.rwg-bayreuth.de\/home\/wp-content\/uploads\/2020\/07\/Abi2020-Dl.jpg\" alt=\"\" width=\"300\" height=\"200\" srcset=\"https:\/\/www.rwg-bayreuth.de\/home\/wp-content\/uploads\/2020\/07\/Abi2020-Dl.jpg 1024w, https:\/\/www.rwg-bayreuth.de\/home\/wp-content\/uploads\/2020\/07\/Abi2020-Dl-450x300.jpg 450w, https:\/\/www.rwg-bayreuth.de\/home\/wp-content\/uploads\/2020\/07\/Abi2020-Dl-768x512.jpg 768w, https:\/\/www.rwg-bayreuth.de\/home\/wp-content\/uploads\/2020\/07\/Abi2020-Dl-250x167.jpg 250w, https:\/\/www.rwg-bayreuth.de\/home\/wp-content\/uploads\/2020\/07\/Abi2020-Dl-900x600.jpg 900w\" sizes=\"(max-width: 300px) 100vw, 300px\" \/><\/a>Die Abitur-Feier war in vielen Punkten buchenswert, vermutlich sogar einzigartig. Denn sie lief in einem kleineren Rahmen ab. Schon der Abiturgottesdienst, w\u00fcrdig zelebriert von Herrn Pfarrer Dietrich Rusam, fand wie alle derzeitigen Versammlungen nur in kleinem Kreis statt, und alle hielten den geb\u00fchrenden und vorgeschriebenen Abstand. Und dies setzte sich dann in der Turnhalle des RWG fort: In der gro\u00dfen Halle waren 100 Sitzpl\u00e4tze weitr\u00e4umig verteilt, auf denen die 80 Abiturientinnen und Abiturienten und etwa zwanzig zugelassene Lehrer und G\u00e4ste Platz fanden. Die Eltern konnten wenigstens per Videoschaltung teilnehmen: Musik-Lehrer und PC-Spezialist Florian Mehling hatte es so eingerichtet, dass man von au\u00dferhalb der Schule per Videostream live zusehen konnte.<\/p>\n<p>Der Grund f\u00fcr diese besonderen Umst\u00e4nde war in diesem Sommer 2020 nat\u00fcrlich die immer noch grassierende Pandemie, ausgel\u00f6st durch den Corona-Virus und dessen weltweite Ausbreitung. Ab dem 16. M\u00e4rz 2020 musste das Richard-Wagner-Gymnasium wie die anderen Schulen geschlossen werden, Unterricht fand nur noch als Homeschooling statt, an Ostern 2020 stand dann fast die gesamte Erde still: Der Lockdown in immer mehr L\u00e4ndern unterband alle Aktivit\u00e4ten.<\/p>\n<p>Erst ab dem 27. April durften die &#8222;Abschlussklassen&#8220;, also auch die Abiturklassen, wieder an ihre Schulen zur\u00fcck, die anderen Klassen folgten sp\u00e4ter, und der Unterricht der Abiturienten fand bis zu seinem Ende in den A- und B-Gruppen statt &#8211; eine Gruppe musste jeweils daheim eine Woche online lernen, um die Zahl der Kontakte im Schulhaus und damit der m\u00f6glichen Infektionen zu reduzieren. Die schriftlichen Abiturpr\u00fcfungen konnten dann endlich mit einer vorgeschriebenen dreiw\u00f6chigen Verz\u00f6gerung ab dem 20. Mai beginnen, ab dem 15. Juni folgten die m\u00fcndlichen Pr\u00fcfungen &#8211; und schlie\u00dflich, wenige Tage vor der Abiturfeier, waren dann auch die letzten &#8222;Nachz\u00fcgler&#8220; durch.<\/p>\n<p>Dass unter diesen Umst\u00e4nden 2020 also doch ein (fast) normales Abitur stattfinden konnte &#8211; die Erleichterung dar\u00fcber war an diesem Freitag bei der Entlassungsfeier bei allen Betroffenen zu sp\u00fcren, nicht nur bei den Sch\u00fclerinnen und Sch\u00fclern, sondern auch bei den Lehrern, der Schulleitung und wohl auch ganz besonders bei den nicht anwesenden Eltern.<\/p>\n<p><img loading=\"lazy\" decoding=\"async\" class=\"alignleft size-full wp-image-26890\" src=\"https:\/\/www.rwg-bayreuth.de\/home\/wp-content\/uploads\/2020\/07\/Abi2020-Str\u00f6hla.jpg\" alt=\"\" width=\"200\" height=\"300\" srcset=\"https:\/\/www.rwg-bayreuth.de\/home\/wp-content\/uploads\/2020\/07\/Abi2020-Str\u00f6hla.jpg 683w, https:\/\/www.rwg-bayreuth.de\/home\/wp-content\/uploads\/2020\/07\/Abi2020-Str\u00f6hla-300x450.jpg 300w, https:\/\/www.rwg-bayreuth.de\/home\/wp-content\/uploads\/2020\/07\/Abi2020-Str\u00f6hla-250x375.jpg 250w, https:\/\/www.rwg-bayreuth.de\/home\/wp-content\/uploads\/2020\/07\/Abi2020-Str\u00f6hla-400x600.jpg 400w\" sizes=\"(max-width: 200px) 100vw, 200px\" \/>Dem stellvertretenden Schulleiter Christian Stroehla oblag es die Sch\u00fcler und G\u00e4ste zu begr\u00fc\u00dfen. Nach etwa &#8222;20 000 Stunden Unterricht&#8220;, wie er genau nachgerechnet hatte, durften sich nun alle auf ihre Zeugnisse freuen, und alle sollten sich nun des Ereignisses w\u00fcrdig erweisen. <img loading=\"lazy\" decoding=\"async\" class=\"alignright size-full wp-image-26886\" src=\"https:\/\/www.rwg-bayreuth.de\/home\/wp-content\/uploads\/2020\/07\/Abi2020-Rupp.jpg\" alt=\"\" width=\"200\" height=\"300\" srcset=\"https:\/\/www.rwg-bayreuth.de\/home\/wp-content\/uploads\/2020\/07\/Abi2020-Rupp.jpg 683w, https:\/\/www.rwg-bayreuth.de\/home\/wp-content\/uploads\/2020\/07\/Abi2020-Rupp-300x450.jpg 300w, https:\/\/www.rwg-bayreuth.de\/home\/wp-content\/uploads\/2020\/07\/Abi2020-Rupp-250x375.jpg 250w, https:\/\/www.rwg-bayreuth.de\/home\/wp-content\/uploads\/2020\/07\/Abi2020-Rupp-400x600.jpg 400w\" sizes=\"(max-width: 200px) 100vw, 200px\" \/>Frau Rupp, die verdiente und geplagte Oberstufen-Koordinatorin des Jahrgangs, erinnerte an die besondere Ruhe, die w\u00e4hrend der letzten Monate im Schulhaus geherrscht hatte, wo es kein L\u00e4rmen und kein Gedr\u00e4nge mehr gab: Es war nach ihren Worten &#8222;die Stille des Corona-Abiturs&#8220;. Und sie erinnerte die Abiturientinnen und Abiturienten daran, dass sie nun bereits vieles gelernt h\u00e4tten, was sich fr\u00fchere Jahrg\u00e4nge erst sp\u00e4ter aneignen mussten: die F\u00e4higkeit zur Selbstdisziplin, zum selbstverantwortlichen Lernen im Online-Unterricht.<\/p>\n<p><img loading=\"lazy\" decoding=\"async\" class=\"alignleft size-full wp-image-26885\" src=\"https:\/\/www.rwg-bayreuth.de\/home\/wp-content\/uploads\/2020\/07\/Abi2020-Oberstufensprecher.jpg\" alt=\"\" width=\"300\" height=\"200\" srcset=\"https:\/\/www.rwg-bayreuth.de\/home\/wp-content\/uploads\/2020\/07\/Abi2020-Oberstufensprecher.jpg 1024w, https:\/\/www.rwg-bayreuth.de\/home\/wp-content\/uploads\/2020\/07\/Abi2020-Oberstufensprecher-450x300.jpg 450w, https:\/\/www.rwg-bayreuth.de\/home\/wp-content\/uploads\/2020\/07\/Abi2020-Oberstufensprecher-768x512.jpg 768w, https:\/\/www.rwg-bayreuth.de\/home\/wp-content\/uploads\/2020\/07\/Abi2020-Oberstufensprecher-250x167.jpg 250w, https:\/\/www.rwg-bayreuth.de\/home\/wp-content\/uploads\/2020\/07\/Abi2020-Oberstufensprecher-900x600.jpg 900w, https:\/\/www.rwg-bayreuth.de\/home\/wp-content\/uploads\/2020\/07\/Abi2020-Oberstufensprecher-600x400.jpg 600w\" sizes=\"(max-width: 300px) 100vw, 300px\" \/>In ihrer kurzen, launigen, aber auch nachdenklichen Abituransprache gaben die Jahrgangsstufen-Sprecherinnen Elena und \u00d6mer dann einen kurzen R\u00fcckblick auf die (normalerweise) achtj\u00e4hrige Schulzeit, riefen nochmals die besten Sch\u00fclerstreiche in Erinnerung, hinterfragten den Wert und die Bedeutsamkeit gewisser Lehrplaninhalte (etwa den des Schw\u00e4nzeltanzes der Bienen) und gaben Tipps f\u00fcr die in der Berufswahl noch Unentschlossenen: Vor allem ein Bachelor-Studiengang Fl\u00f6te in N\u00fcrnberg wurde den Mitsch\u00fclern ans Herz gelegt. Der Dank an alle Lehrerinnen und Lehrer und auch an die Referendare, den sie im Namen ihrer Mitsch\u00fcler ausrichteten, war dann wieder sehr ernst und aufrichtig gemeint.<\/p>\n<p><img loading=\"lazy\" decoding=\"async\" class=\"alignleft size-full wp-image-26900 clear\" src=\"https:\/\/www.rwg-bayreuth.de\/home\/wp-content\/uploads\/2020\/07\/Abi2020-F\u00e4rber.jpg\" alt=\"\" width=\"200\" height=\"300\" srcset=\"https:\/\/www.rwg-bayreuth.de\/home\/wp-content\/uploads\/2020\/07\/Abi2020-F\u00e4rber.jpg 683w, https:\/\/www.rwg-bayreuth.de\/home\/wp-content\/uploads\/2020\/07\/Abi2020-F\u00e4rber-300x450.jpg 300w, https:\/\/www.rwg-bayreuth.de\/home\/wp-content\/uploads\/2020\/07\/Abi2020-F\u00e4rber-250x375.jpg 250w\" sizes=\"(max-width: 200px) 100vw, 200px\" \/>Herr F\u00e4rber, der Vorsitzende des Elternbeirats, \u00fcberbrachte den Abiturientinnen und Abiturienten die Gl\u00fcckw\u00fcnsche des Beirats und dankte allen f\u00fcr die gelungene und durchaus feierliche Gestaltung der Corona-Abiturfeier. Sein Dank galt auch den Eltern f\u00fcr die geduldige und nervenstarke Begleitung ihrer Abitur-Kinder w\u00e4hrend der Corona-Krise. Als Lebensmotto gab er den Sch\u00fclern das Zitat eines ber\u00fchmten Abiturienten des Altst\u00e4dter Gymnasiums in Prag mit auf den Weg: &#8222;Wege entstehen dadurch, dass wir sie gehen.&#8220; (Franz Kafka)<\/p>\n<p><img loading=\"lazy\" decoding=\"async\" class=\"alignright size-full wp-image-26901\" src=\"https:\/\/www.rwg-bayreuth.de\/home\/wp-content\/uploads\/2020\/07\/Abi2020-Graf.jpg\" alt=\"\" width=\"200\" height=\"300\" srcset=\"https:\/\/www.rwg-bayreuth.de\/home\/wp-content\/uploads\/2020\/07\/Abi2020-Graf.jpg 683w, https:\/\/www.rwg-bayreuth.de\/home\/wp-content\/uploads\/2020\/07\/Abi2020-Graf-300x450.jpg 300w, https:\/\/www.rwg-bayreuth.de\/home\/wp-content\/uploads\/2020\/07\/Abi2020-Graf-250x375.jpg 250w\" sizes=\"(max-width: 200px) 100vw, 200px\" \/>Schulleiterin Frau Graf fand freundliche Worte daf\u00fcr, dass nun doch noch ein pers\u00f6nlicher Abschied an der Schule f\u00fcr den Abiturjahrgang m\u00f6glich war und dass die Eltern wenigstens daheim an den Bildschirmen die Feier mitverfolgen konnten &#8211; angesichts der andauernden Pandemie keine Selbstverst\u00e4ndlichkeit, hatte es doch die Bef\u00fcrchtung gegeben, die Zeugnisse m\u00fcssten per Post verschickt werden. Sie erinnerte daran, dass in der Turnhalle vor acht Jahren die Schulzeit dieses Jahrgangs mit einer kleinen Feier begonnen hatte, und dass nun alles in dieser Turnhalle ein gutes Ende finden sollte. (Auch ihr eigenes Berufsleben am RWG hatte vor acht Jahren mit der Begr\u00fc\u00dfung der damaligen F\u00fcnftkl\u00e4ssler begonnen.) Sie lie\u00df in ihrer Rede noch einmal H\u00f6hepunkte der achtj\u00e4hrigen Schulzeit der Abiturienten passieren und erinnerte an Fahrten, Sportereignisse, Theaterauff\u00fchrungen, das Jubil\u00e4um der Schule im Jahr 2017, an Skikurse und an die gemeinsame Oberstufe. Dann wurde das Motto der Abi-Zeitung gew\u00fcrdigt (&#8222;Die Goldenen Zwanziger &#8211; vor uns der Boom, nach uns die Krise!&#8220;), wobei die Schulleiterin der Hoffnung Ausdruck verlieh, dass auch dieser Jahrgang wie die gesamte Menschheit noch mit einem blauen Auge davonkommen werde. Die zwanziger Jahre des 20. Jahrhunderts seien spannend gewesen, sie endeten dann allerdings in einer Katastrophe. Die zwanziger Jahre des 21. Jahrhunderts verspr\u00e4chen ebenfalls Spannung; aber der Friede, der nun seit 75 Jahre herrsche, sei Ansporn f\u00fcr die jungen Leute, dass auch alles so bleibe.<\/p>\n<p><img loading=\"lazy\" decoding=\"async\" class=\"alignleft size-full wp-image-26913\" src=\"https:\/\/www.rwg-bayreuth.de\/home\/wp-content\/uploads\/2020\/07\/Abi2020-Besten.jpg\" alt=\"\" width=\"300\" height=\"200\" srcset=\"https:\/\/www.rwg-bayreuth.de\/home\/wp-content\/uploads\/2020\/07\/Abi2020-Besten.jpg 1025w, https:\/\/www.rwg-bayreuth.de\/home\/wp-content\/uploads\/2020\/07\/Abi2020-Besten-450x300.jpg 450w, https:\/\/www.rwg-bayreuth.de\/home\/wp-content\/uploads\/2020\/07\/Abi2020-Besten-768x512.jpg 768w, https:\/\/www.rwg-bayreuth.de\/home\/wp-content\/uploads\/2020\/07\/Abi2020-Besten-250x167.jpg 250w, https:\/\/www.rwg-bayreuth.de\/home\/wp-content\/uploads\/2020\/07\/Abi2020-Besten-900x600.jpg 900w\" sizes=\"(max-width: 300px) 100vw, 300px\" \/>Und so n\u00e4herte sich die Verabschiedung ihrem H\u00f6hepunkt und ihrem Ende. Die 80 Sch\u00fclerinnen und Sch\u00fcler erhielten ihre Abiturzeugnisse. Der Abitur-Durchschnitt lag bei sehr erfreulichen 2,22, und drei Sch\u00fcler erreichten sogar die Traum-Note 1,0. Corona-bedingt wurde wegen des gew\u00fcnschten Abstands die B\u00fchne von den Sch\u00fclerinnen und Sch\u00fclern einzeln von rechts und von links betreten, aufs H\u00e4ndesch\u00fctteln wurde verzichtet &#8211; aber das konnte die strahlenden Gesichter aller Beteiligten auch nicht verfinstern.<\/p>\n<p><img loading=\"lazy\" decoding=\"async\" class=\"alignright size-full wp-image-26903\" src=\"https:\/\/www.rwg-bayreuth.de\/home\/wp-content\/uploads\/2020\/07\/Abi2020-Hof2.jpg\" alt=\"\" width=\"200\" height=\"300\" srcset=\"https:\/\/www.rwg-bayreuth.de\/home\/wp-content\/uploads\/2020\/07\/Abi2020-Hof2.jpg 683w, https:\/\/www.rwg-bayreuth.de\/home\/wp-content\/uploads\/2020\/07\/Abi2020-Hof2-300x450.jpg 300w, https:\/\/www.rwg-bayreuth.de\/home\/wp-content\/uploads\/2020\/07\/Abi2020-Hof2-250x375.jpg 250w\" sizes=\"(max-width: 200px) 100vw, 200px\" \/>Herr F\u00e4rber vom Elternbeirat zeichnete zudem Sch\u00fclerinnen und Sch\u00fcler f\u00fcr besonders gelungene Aktivit\u00e4ten aus. Die Abiturienten ihrerseits bedankten sich mit Geschenken bei den Oberstufen-Koordinatorinnen Frau Schmidt und Frau Rupp, bei Herrn F\u00e4rber sowie bei den Mitgliedern der Schulleitung Frau Fr\u00f6ber, Herrn Str\u00f6hla und Frau Graf. Ein gemeinsamer Abschluss-Gesang war in diesem Schuljahr leider nicht erlaubt, aber alle schnappten sich dann ihre mit Helium gef\u00fcllten Luftballons und zogen in den Schulhof, um sie aufsteigen zu lassen. Und am Schulhof-Tor hatten sich dann schon viele Eltern eingefunden, die nicht mehr warten wollten und ihre Kinder endlich zu privaten Feiern abholten.<\/p>\n<div class=\"su-image-carousel  su-image-carousel-has-lightbox su-image-carousel-has-outline su-image-carousel-adaptive su-image-carousel-slides-style-default su-image-carousel-controls-style-light su-image-carousel-align-center\" style=\"max-width:500px\" data-flickity-options='{\"groupCells\":true,\"cellSelector\":\".su-image-carousel-item\",\"adaptiveHeight\":true,\"cellAlign\":\"left\",\"prevNextButtons\":true,\"pageDots\":false,\"autoPlay\":4000,\"imagesLoaded\":true,\"contain\":false,\"selectedAttraction\":0.025000000000000001,\"friction\":0.28000000000000003}' id=\"su_image_carousel_69f1ca481008a\"><div class=\"su-image-carousel-item\"><div class=\"su-image-carousel-item-content\"><a href=\"https:\/\/www.rwg-bayreuth.de\/home\/wp-content\/uploads\/2020\/07\/Abi2020-Balloon-Stein.jpg\" data-caption=\"\"><img loading=\"lazy\" decoding=\"async\" width=\"768\" height=\"512\" src=\"https:\/\/www.rwg-bayreuth.de\/home\/wp-content\/uploads\/2020\/07\/Abi2020-Balloon-Stein-768x512.jpg\" class=\"\" alt=\"\" srcset=\"https:\/\/www.rwg-bayreuth.de\/home\/wp-content\/uploads\/2020\/07\/Abi2020-Balloon-Stein-768x512.jpg 768w, https:\/\/www.rwg-bayreuth.de\/home\/wp-content\/uploads\/2020\/07\/Abi2020-Balloon-Stein-450x300.jpg 450w, https:\/\/www.rwg-bayreuth.de\/home\/wp-content\/uploads\/2020\/07\/Abi2020-Balloon-Stein-250x167.jpg 250w, https:\/\/www.rwg-bayreuth.de\/home\/wp-content\/uploads\/2020\/07\/Abi2020-Balloon-Stein-900x600.jpg 900w, https:\/\/www.rwg-bayreuth.de\/home\/wp-content\/uploads\/2020\/07\/Abi2020-Balloon-Stein-600x400.jpg 600w, https:\/\/www.rwg-bayreuth.de\/home\/wp-content\/uploads\/2020\/07\/Abi2020-Balloon-Stein.jpg 1024w\" sizes=\"(max-width: 768px) 100vw, 768px\" \/><\/a><\/div><\/div><div class=\"su-image-carousel-item\"><div class=\"su-image-carousel-item-content\"><a href=\"https:\/\/www.rwg-bayreuth.de\/home\/wp-content\/uploads\/2020\/07\/Abi2020-Saal1.jpg\" data-caption=\"\"><img loading=\"lazy\" decoding=\"async\" width=\"768\" height=\"512\" src=\"https:\/\/www.rwg-bayreuth.de\/home\/wp-content\/uploads\/2020\/07\/Abi2020-Saal1-768x512.jpg\" class=\"\" alt=\"\" srcset=\"https:\/\/www.rwg-bayreuth.de\/home\/wp-content\/uploads\/2020\/07\/Abi2020-Saal1-768x512.jpg 768w, https:\/\/www.rwg-bayreuth.de\/home\/wp-content\/uploads\/2020\/07\/Abi2020-Saal1-450x300.jpg 450w, https:\/\/www.rwg-bayreuth.de\/home\/wp-content\/uploads\/2020\/07\/Abi2020-Saal1-250x167.jpg 250w, https:\/\/www.rwg-bayreuth.de\/home\/wp-content\/uploads\/2020\/07\/Abi2020-Saal1-900x600.jpg 900w, https:\/\/www.rwg-bayreuth.de\/home\/wp-content\/uploads\/2020\/07\/Abi2020-Saal1.jpg 1024w\" sizes=\"(max-width: 768px) 100vw, 768px\" \/><\/a><\/div><\/div><div class=\"su-image-carousel-item\"><div class=\"su-image-carousel-item-content\"><a href=\"https:\/\/www.rwg-bayreuth.de\/home\/wp-content\/uploads\/2020\/07\/Abi2020-Str\u00f6hla.jpg\" data-caption=\"\"><img loading=\"lazy\" decoding=\"async\" width=\"683\" height=\"1024\" src=\"https:\/\/www.rwg-bayreuth.de\/home\/wp-content\/uploads\/2020\/07\/Abi2020-Str\u00f6hla.jpg\" class=\"\" alt=\"\" srcset=\"https:\/\/www.rwg-bayreuth.de\/home\/wp-content\/uploads\/2020\/07\/Abi2020-Str\u00f6hla.jpg 683w, https:\/\/www.rwg-bayreuth.de\/home\/wp-content\/uploads\/2020\/07\/Abi2020-Str\u00f6hla-300x450.jpg 300w, https:\/\/www.rwg-bayreuth.de\/home\/wp-content\/uploads\/2020\/07\/Abi2020-Str\u00f6hla-250x375.jpg 250w, https:\/\/www.rwg-bayreuth.de\/home\/wp-content\/uploads\/2020\/07\/Abi2020-Str\u00f6hla-400x600.jpg 400w\" sizes=\"(max-width: 683px) 100vw, 683px\" \/><\/a><\/div><\/div><div class=\"su-image-carousel-item\"><div class=\"su-image-carousel-item-content\"><a href=\"https:\/\/www.rwg-bayreuth.de\/home\/wp-content\/uploads\/2020\/07\/Abi2020-Ballons.jpg\" data-caption=\"\"><img loading=\"lazy\" decoding=\"async\" width=\"683\" height=\"1024\" src=\"https:\/\/www.rwg-bayreuth.de\/home\/wp-content\/uploads\/2020\/07\/Abi2020-Ballons.jpg\" class=\"\" alt=\"\" srcset=\"https:\/\/www.rwg-bayreuth.de\/home\/wp-content\/uploads\/2020\/07\/Abi2020-Ballons.jpg 683w, https:\/\/www.rwg-bayreuth.de\/home\/wp-content\/uploads\/2020\/07\/Abi2020-Ballons-300x450.jpg 300w, https:\/\/www.rwg-bayreuth.de\/home\/wp-content\/uploads\/2020\/07\/Abi2020-Ballons-250x375.jpg 250w\" sizes=\"(max-width: 683px) 100vw, 683px\" \/><\/a><\/div><\/div><div class=\"su-image-carousel-item\"><div class=\"su-image-carousel-item-content\"><a href=\"https:\/\/www.rwg-bayreuth.de\/home\/wp-content\/uploads\/2020\/07\/Abi2020-Rupp.jpg\" data-caption=\"\"><img loading=\"lazy\" decoding=\"async\" width=\"683\" height=\"1024\" src=\"https:\/\/www.rwg-bayreuth.de\/home\/wp-content\/uploads\/2020\/07\/Abi2020-Rupp.jpg\" class=\"\" alt=\"\" srcset=\"https:\/\/www.rwg-bayreuth.de\/home\/wp-content\/uploads\/2020\/07\/Abi2020-Rupp.jpg 683w, https:\/\/www.rwg-bayreuth.de\/home\/wp-content\/uploads\/2020\/07\/Abi2020-Rupp-300x450.jpg 300w, https:\/\/www.rwg-bayreuth.de\/home\/wp-content\/uploads\/2020\/07\/Abi2020-Rupp-250x375.jpg 250w, https:\/\/www.rwg-bayreuth.de\/home\/wp-content\/uploads\/2020\/07\/Abi2020-Rupp-400x600.jpg 400w\" sizes=\"(max-width: 683px) 100vw, 683px\" \/><\/a><\/div><\/div><div class=\"su-image-carousel-item\"><div class=\"su-image-carousel-item-content\"><a href=\"https:\/\/www.rwg-bayreuth.de\/home\/wp-content\/uploads\/2020\/07\/Abi2020-Saal4.jpg\" data-caption=\"\"><img loading=\"lazy\" decoding=\"async\" width=\"768\" height=\"449\" src=\"https:\/\/www.rwg-bayreuth.de\/home\/wp-content\/uploads\/2020\/07\/Abi2020-Saal4-768x449.jpg\" class=\"\" alt=\"\" srcset=\"https:\/\/www.rwg-bayreuth.de\/home\/wp-content\/uploads\/2020\/07\/Abi2020-Saal4-768x449.jpg 768w, https:\/\/www.rwg-bayreuth.de\/home\/wp-content\/uploads\/2020\/07\/Abi2020-Saal4-450x263.jpg 450w, https:\/\/www.rwg-bayreuth.de\/home\/wp-content\/uploads\/2020\/07\/Abi2020-Saal4-250x146.jpg 250w, https:\/\/www.rwg-bayreuth.de\/home\/wp-content\/uploads\/2020\/07\/Abi2020-Saal4.jpg 1024w\" sizes=\"(max-width: 768px) 100vw, 768px\" \/><\/a><\/div><\/div><div class=\"su-image-carousel-item\"><div class=\"su-image-carousel-item-content\"><a href=\"https:\/\/www.rwg-bayreuth.de\/home\/wp-content\/uploads\/2020\/07\/Abi2020-Oberstufensprecher.jpg\" data-caption=\"\"><img loading=\"lazy\" decoding=\"async\" width=\"768\" height=\"512\" src=\"https:\/\/www.rwg-bayreuth.de\/home\/wp-content\/uploads\/2020\/07\/Abi2020-Oberstufensprecher-768x512.jpg\" class=\"\" alt=\"\" srcset=\"https:\/\/www.rwg-bayreuth.de\/home\/wp-content\/uploads\/2020\/07\/Abi2020-Oberstufensprecher-768x512.jpg 768w, https:\/\/www.rwg-bayreuth.de\/home\/wp-content\/uploads\/2020\/07\/Abi2020-Oberstufensprecher-450x300.jpg 450w, https:\/\/www.rwg-bayreuth.de\/home\/wp-content\/uploads\/2020\/07\/Abi2020-Oberstufensprecher-250x167.jpg 250w, https:\/\/www.rwg-bayreuth.de\/home\/wp-content\/uploads\/2020\/07\/Abi2020-Oberstufensprecher-900x600.jpg 900w, https:\/\/www.rwg-bayreuth.de\/home\/wp-content\/uploads\/2020\/07\/Abi2020-Oberstufensprecher-600x400.jpg 600w, https:\/\/www.rwg-bayreuth.de\/home\/wp-content\/uploads\/2020\/07\/Abi2020-Oberstufensprecher.jpg 1024w\" sizes=\"(max-width: 768px) 100vw, 768px\" \/><\/a><\/div><\/div><div class=\"su-image-carousel-item\"><div class=\"su-image-carousel-item-content\"><a href=\"https:\/\/www.rwg-bayreuth.de\/home\/wp-content\/uploads\/2020\/07\/Abi2020-Saal3.jpg\" data-caption=\"\"><img loading=\"lazy\" decoding=\"async\" width=\"768\" height=\"512\" src=\"https:\/\/www.rwg-bayreuth.de\/home\/wp-content\/uploads\/2020\/07\/Abi2020-Saal3-768x512.jpg\" class=\"\" alt=\"\" srcset=\"https:\/\/www.rwg-bayreuth.de\/home\/wp-content\/uploads\/2020\/07\/Abi2020-Saal3-768x512.jpg 768w, https:\/\/www.rwg-bayreuth.de\/home\/wp-content\/uploads\/2020\/07\/Abi2020-Saal3-450x300.jpg 450w, https:\/\/www.rwg-bayreuth.de\/home\/wp-content\/uploads\/2020\/07\/Abi2020-Saal3-250x167.jpg 250w, https:\/\/www.rwg-bayreuth.de\/home\/wp-content\/uploads\/2020\/07\/Abi2020-Saal3-900x600.jpg 900w, https:\/\/www.rwg-bayreuth.de\/home\/wp-content\/uploads\/2020\/07\/Abi2020-Saal3.jpg 1024w\" sizes=\"(max-width: 768px) 100vw, 768px\" \/><\/a><\/div><\/div><div class=\"su-image-carousel-item\"><div class=\"su-image-carousel-item-content\"><a href=\"https:\/\/www.rwg-bayreuth.de\/home\/wp-content\/uploads\/2020\/07\/Abi2020-F\u00e4rber.jpg\" data-caption=\"\"><img loading=\"lazy\" decoding=\"async\" width=\"683\" height=\"1024\" src=\"https:\/\/www.rwg-bayreuth.de\/home\/wp-content\/uploads\/2020\/07\/Abi2020-F\u00e4rber.jpg\" class=\"\" alt=\"\" srcset=\"https:\/\/www.rwg-bayreuth.de\/home\/wp-content\/uploads\/2020\/07\/Abi2020-F\u00e4rber.jpg 683w, https:\/\/www.rwg-bayreuth.de\/home\/wp-content\/uploads\/2020\/07\/Abi2020-F\u00e4rber-300x450.jpg 300w, https:\/\/www.rwg-bayreuth.de\/home\/wp-content\/uploads\/2020\/07\/Abi2020-F\u00e4rber-250x375.jpg 250w\" sizes=\"(max-width: 683px) 100vw, 683px\" \/><\/a><\/div><\/div><div class=\"su-image-carousel-item\"><div class=\"su-image-carousel-item-content\"><a href=\"https:\/\/www.rwg-bayreuth.de\/home\/wp-content\/uploads\/2020\/07\/Abi2020-Graf.jpg\" data-caption=\"\"><img loading=\"lazy\" decoding=\"async\" width=\"683\" height=\"1024\" src=\"https:\/\/www.rwg-bayreuth.de\/home\/wp-content\/uploads\/2020\/07\/Abi2020-Graf.jpg\" class=\"\" alt=\"\" srcset=\"https:\/\/www.rwg-bayreuth.de\/home\/wp-content\/uploads\/2020\/07\/Abi2020-Graf.jpg 683w, https:\/\/www.rwg-bayreuth.de\/home\/wp-content\/uploads\/2020\/07\/Abi2020-Graf-300x450.jpg 300w, https:\/\/www.rwg-bayreuth.de\/home\/wp-content\/uploads\/2020\/07\/Abi2020-Graf-250x375.jpg 250w\" sizes=\"(max-width: 683px) 100vw, 683px\" \/><\/a><\/div><\/div><div class=\"su-image-carousel-item\"><div class=\"su-image-carousel-item-content\"><a href=\"https:\/\/www.rwg-bayreuth.de\/home\/wp-content\/uploads\/2020\/07\/Abi2020-Besten.jpg\" data-caption=\"\"><img loading=\"lazy\" decoding=\"async\" width=\"768\" height=\"512\" src=\"https:\/\/www.rwg-bayreuth.de\/home\/wp-content\/uploads\/2020\/07\/Abi2020-Besten-768x512.jpg\" class=\"\" alt=\"\" srcset=\"https:\/\/www.rwg-bayreuth.de\/home\/wp-content\/uploads\/2020\/07\/Abi2020-Besten-768x512.jpg 768w, https:\/\/www.rwg-bayreuth.de\/home\/wp-content\/uploads\/2020\/07\/Abi2020-Besten-450x300.jpg 450w, https:\/\/www.rwg-bayreuth.de\/home\/wp-content\/uploads\/2020\/07\/Abi2020-Besten-250x167.jpg 250w, https:\/\/www.rwg-bayreuth.de\/home\/wp-content\/uploads\/2020\/07\/Abi2020-Besten-900x600.jpg 900w, https:\/\/www.rwg-bayreuth.de\/home\/wp-content\/uploads\/2020\/07\/Abi2020-Besten.jpg 1025w\" sizes=\"(max-width: 768px) 100vw, 768px\" \/><\/a><\/div><\/div><div class=\"su-image-carousel-item\"><div class=\"su-image-carousel-item-content\"><a href=\"https:\/\/www.rwg-bayreuth.de\/home\/wp-content\/uploads\/2020\/07\/Abi2020-Hof1.jpg\" data-caption=\"\"><img loading=\"lazy\" decoding=\"async\" width=\"768\" height=\"512\" src=\"https:\/\/www.rwg-bayreuth.de\/home\/wp-content\/uploads\/2020\/07\/Abi2020-Hof1-768x512.jpg\" class=\"\" alt=\"\" srcset=\"https:\/\/www.rwg-bayreuth.de\/home\/wp-content\/uploads\/2020\/07\/Abi2020-Hof1-768x512.jpg 768w, https:\/\/www.rwg-bayreuth.de\/home\/wp-content\/uploads\/2020\/07\/Abi2020-Hof1-450x300.jpg 450w, https:\/\/www.rwg-bayreuth.de\/home\/wp-content\/uploads\/2020\/07\/Abi2020-Hof1-250x167.jpg 250w, https:\/\/www.rwg-bayreuth.de\/home\/wp-content\/uploads\/2020\/07\/Abi2020-Hof1-900x600.jpg 900w, https:\/\/www.rwg-bayreuth.de\/home\/wp-content\/uploads\/2020\/07\/Abi2020-Hof1.jpg 1024w\" sizes=\"(max-width: 768px) 100vw, 768px\" \/><\/a><\/div><\/div><div class=\"su-image-carousel-item\"><div class=\"su-image-carousel-item-content\"><a href=\"https:\/\/www.rwg-bayreuth.de\/home\/wp-content\/uploads\/2020\/07\/Abi2020-Abiturienten.jpg\" data-caption=\"\"><img loading=\"lazy\" decoding=\"async\" width=\"768\" height=\"512\" src=\"https:\/\/www.rwg-bayreuth.de\/home\/wp-content\/uploads\/2020\/07\/Abi2020-Abiturienten-768x512.jpg\" class=\"\" alt=\"\" srcset=\"https:\/\/www.rwg-bayreuth.de\/home\/wp-content\/uploads\/2020\/07\/Abi2020-Abiturienten-768x512.jpg 768w, https:\/\/www.rwg-bayreuth.de\/home\/wp-content\/uploads\/2020\/07\/Abi2020-Abiturienten-450x300.jpg 450w, https:\/\/www.rwg-bayreuth.de\/home\/wp-content\/uploads\/2020\/07\/Abi2020-Abiturienten-250x167.jpg 250w, https:\/\/www.rwg-bayreuth.de\/home\/wp-content\/uploads\/2020\/07\/Abi2020-Abiturienten-900x600.jpg 900w, https:\/\/www.rwg-bayreuth.de\/home\/wp-content\/uploads\/2020\/07\/Abi2020-Abiturienten.jpg 1024w\" sizes=\"(max-width: 768px) 100vw, 768px\" \/><\/a><\/div><\/div><div class=\"su-image-carousel-item\"><div class=\"su-image-carousel-item-content\"><a href=\"https:\/\/www.rwg-bayreuth.de\/home\/wp-content\/uploads\/2020\/07\/Abi2020-Hof2.jpg\" data-caption=\"\"><img loading=\"lazy\" decoding=\"async\" width=\"683\" height=\"1024\" src=\"https:\/\/www.rwg-bayreuth.de\/home\/wp-content\/uploads\/2020\/07\/Abi2020-Hof2.jpg\" class=\"\" alt=\"\" srcset=\"https:\/\/www.rwg-bayreuth.de\/home\/wp-content\/uploads\/2020\/07\/Abi2020-Hof2.jpg 683w, https:\/\/www.rwg-bayreuth.de\/home\/wp-content\/uploads\/2020\/07\/Abi2020-Hof2-300x450.jpg 300w, https:\/\/www.rwg-bayreuth.de\/home\/wp-content\/uploads\/2020\/07\/Abi2020-Hof2-250x375.jpg 250w\" sizes=\"(max-width: 683px) 100vw, 683px\" \/><\/a><\/div><\/div><div class=\"su-image-carousel-item\"><div class=\"su-image-carousel-item-content\"><a href=\"https:\/\/www.rwg-bayreuth.de\/home\/wp-content\/uploads\/2020\/07\/Abi2020-Abiturienten2.jpg\" data-caption=\"\"><img loading=\"lazy\" decoding=\"async\" width=\"683\" height=\"1024\" src=\"https:\/\/www.rwg-bayreuth.de\/home\/wp-content\/uploads\/2020\/07\/Abi2020-Abiturienten2.jpg\" class=\"\" alt=\"\" srcset=\"https:\/\/www.rwg-bayreuth.de\/home\/wp-content\/uploads\/2020\/07\/Abi2020-Abiturienten2.jpg 683w, https:\/\/www.rwg-bayreuth.de\/home\/wp-content\/uploads\/2020\/07\/Abi2020-Abiturienten2-300x450.jpg 300w, https:\/\/www.rwg-bayreuth.de\/home\/wp-content\/uploads\/2020\/07\/Abi2020-Abiturienten2-250x375.jpg 250w\" sizes=\"(max-width: 683px) 100vw, 683px\" \/><\/a><\/div><\/div><div class=\"su-image-carousel-item\"><div class=\"su-image-carousel-item-content\"><a href=\"https:\/\/www.rwg-bayreuth.de\/home\/wp-content\/uploads\/2020\/07\/Abi2020-Hof3.jpg\" data-caption=\"\"><img loading=\"lazy\" decoding=\"async\" width=\"768\" height=\"458\" src=\"https:\/\/www.rwg-bayreuth.de\/home\/wp-content\/uploads\/2020\/07\/Abi2020-Hof3-768x458.jpg\" class=\"\" alt=\"\" srcset=\"https:\/\/www.rwg-bayreuth.de\/home\/wp-content\/uploads\/2020\/07\/Abi2020-Hof3-768x458.jpg 768w, https:\/\/www.rwg-bayreuth.de\/home\/wp-content\/uploads\/2020\/07\/Abi2020-Hof3-450x268.jpg 450w, https:\/\/www.rwg-bayreuth.de\/home\/wp-content\/uploads\/2020\/07\/Abi2020-Hof3-250x149.jpg 250w, https:\/\/www.rwg-bayreuth.de\/home\/wp-content\/uploads\/2020\/07\/Abi2020-Hof3.jpg 1024w\" sizes=\"(max-width: 768px) 100vw, 768px\" \/><\/a><\/div><\/div><div class=\"su-image-carousel-item\"><div class=\"su-image-carousel-item-content\"><a href=\"https:\/\/www.rwg-bayreuth.de\/home\/wp-content\/uploads\/2020\/07\/Abi2020-Ballon.jpg\" data-caption=\"\"><img loading=\"lazy\" decoding=\"async\" width=\"683\" height=\"1024\" src=\"https:\/\/www.rwg-bayreuth.de\/home\/wp-content\/uploads\/2020\/07\/Abi2020-Ballon.jpg\" class=\"\" alt=\"\" srcset=\"https:\/\/www.rwg-bayreuth.de\/home\/wp-content\/uploads\/2020\/07\/Abi2020-Ballon.jpg 683w, https:\/\/www.rwg-bayreuth.de\/home\/wp-content\/uploads\/2020\/07\/Abi2020-Ballon-300x450.jpg 300w, https:\/\/www.rwg-bayreuth.de\/home\/wp-content\/uploads\/2020\/07\/Abi2020-Ballon-250x375.jpg 250w\" sizes=\"(max-width: 683px) 100vw, 683px\" \/><\/a><\/div><\/div><\/div><script id=\"su_image_carousel_69f1ca481008a_script\">if(window.SUImageCarousel){setTimeout(function() {window.SUImageCarousel.initGallery(document.getElementById(\"su_image_carousel_69f1ca481008a\"))}, 0);}var su_image_carousel_69f1ca481008a_script=document.getElementById(\"su_image_carousel_69f1ca481008a_script\");if(su_image_carousel_69f1ca481008a_script){su_image_carousel_69f1ca481008a_script.parentNode.removeChild(su_image_carousel_69f1ca481008a_script);}<\/script>\n<ul class=\"linkliste\">\n<li><a href=\"https:\/\/www.rwg-bayreuth.de\/home\/?p=26865\">zum Video-Download der Abiverabschiedung (passwortgesch\u00fctzt)<\/a><\/li>\n<\/ul>\n","protected":false},"excerpt":{"rendered":"<p>Am Freitag, dem 17. Juli 2020, war es endlich soweit: Der Abiturjahrgang 2020 des Richard-Wagner-Gymnasiums erhielt die Abschlusszeugnisse&#8230;<\/p>\n","protected":false},"author":11,"featured_media":26774,"comment_status":"closed","ping_status":"closed","sticky":false,"template":"","format":"standard","meta":{"footnotes":""},"categories":[1],"tags":[51],"_links":{"self":[{"href":"https:\/\/www.rwg-bayreuth.de\/home\/index.php?rest_route=\/wp\/v2\/posts\/26762"}],"collection":[{"href":"https:\/\/www.rwg-bayreuth.de\/home\/index.php?rest_route=\/wp\/v2\/posts"}],"about":[{"href":"https:\/\/www.rwg-bayreuth.de\/home\/index.php?rest_route=\/wp\/v2\/types\/post"}],"author":[{"embeddable":true,"href":"https:\/\/www.rwg-bayreuth.de\/home\/index.php?rest_route=\/wp\/v2\/users\/11"}],"replies":[{"embeddable":true,"href":"https:\/\/www.rwg-bayreuth.de\/home\/index.php?rest_route=%2Fwp%2Fv2%2Fcomments&post=26762"}],"version-history":[{"count":43,"href":"https:\/\/www.rwg-bayreuth.de\/home\/index.php?rest_route=\/wp\/v2\/posts\/26762\/revisions"}],"predecessor-version":[{"id":26982,"href":"https:\/\/www.rwg-bayreuth.de\/home\/index.php?rest_route=\/wp\/v2\/posts\/26762\/revisions\/26982"}],"wp:featuredmedia":[{"embeddable":true,"href":"https:\/\/www.rwg-bayreuth.de\/home\/index.php?rest_route=\/wp\/v2\/media\/26774"}],"wp:attachment":[{"href":"https:\/\/www.rwg-bayreuth.de\/home\/index.php?rest_route=%2Fwp%2Fv2%2Fmedia&parent=26762"}],"wp:term":[{"taxonomy":"category","embeddable":true,"href":"https:\/\/www.rwg-bayreuth.de\/home\/index.php?rest_route=%2Fwp%2Fv2%2Fcategories&post=26762"},{"taxonomy":"post_tag","embeddable":true,"href":"https:\/\/www.rwg-bayreuth.de\/home\/index.php?rest_route=%2Fwp%2Fv2%2Ftags&post=26762"}],"curies":[{"name":"wp","href":"https:\/\/api.w.org\/{rel}","templated":true}]}}