{"id":26755,"date":"2020-07-14T17:11:30","date_gmt":"2020-07-14T15:11:30","guid":{"rendered":"http:\/\/www.rwg-bayreuth.de\/home\/?p=26755"},"modified":"2020-07-14T17:14:42","modified_gmt":"2020-07-14T15:14:42","slug":"europa-mit-herz","status":"publish","type":"post","link":"https:\/\/www.rwg-bayreuth.de\/home\/?p=26755","title":{"rendered":"Europa mit Herz"},"content":{"rendered":"<p><img decoding=\"async\" src=\"https:\/\/www.rwg-bayreuth.de\/home\/wp-content\/uploads\/2020\/07\/19-20-Europ\u00e4ischer-Wettbewerb.jpg\" alt=\"\" width=\"100%\" height=\"auto\" class=\"alignnone size-full wp-image-26758\" srcset=\"https:\/\/www.rwg-bayreuth.de\/home\/wp-content\/uploads\/2020\/07\/19-20-Europ\u00e4ischer-Wettbewerb.jpg 930w, https:\/\/www.rwg-bayreuth.de\/home\/wp-content\/uploads\/2020\/07\/19-20-Europ\u00e4ischer-Wettbewerb-450x145.jpg 450w, https:\/\/www.rwg-bayreuth.de\/home\/wp-content\/uploads\/2020\/07\/19-20-Europ\u00e4ischer-Wettbewerb-768x248.jpg 768w, https:\/\/www.rwg-bayreuth.de\/home\/wp-content\/uploads\/2020\/07\/19-20-Europ\u00e4ischer-Wettbewerb-250x81.jpg 250w\" sizes=\"(max-width: 930px) 100vw, 930px\" \/><\/p>\n<p>Gestern gegen 11 Uhr erschien auf dem kleinen Radiosender \u201eEuroherz\u201c ein Podcast, welcher anstelle der Siegerehrung f\u00fcr den diesj\u00e4hrigen Europ\u00e4ischen Wettbewerb steht. Auch unsere Siegerinnen wurden mittels eines Fragebogens interviewt und gaben ihre Antworten per Sprachaufzeichnung weiter. Ihre Ansichten zur Zukunft Europas im Hinblick auf Umwelt- und Klimaschutz, Miteinander und Wertekultur wurden thematisch extrahiert und in die virtuelle Veranstaltung eingebunden. Mit dem folgenden Link k\u00f6nnen die Inhalte der Sendung abgerufen werden. Viel Freude beim Anh\u00f6ren! <\/p>\n<p><a href=\"https:\/\/www.euroherz.de\/mediathek\">https:\/\/www.euroherz.de\/mediathek<\/a><\/p>\n<p><em>A. Gerdes<\/em><\/p>\n<ul class=\"linkliste\">\n<li><a href=\"https:\/\/www.rwg-bayreuth.de\/home\/?p=24574\">Hier geht&#8217;s zu den Bildern unserer Preistr\u00e4ger!<\/a><\/li>\n<\/ul>\n","protected":false},"excerpt":{"rendered":"<p>Gestern gegen 11 Uhr erschien auf dem kleinen Radiosender \u201eEuroherz\u201c ein Podcast, welcher anstelle der Siegerehrung f\u00fcr den diesj\u00e4hrigen Europ\u00e4ischen Wettbewerb steht. Auch unsere Siegerinnen wurden mittels eines Fragebogens interviewt und gaben ihre Antworten per Sprachaufzeichnung weiter. Ihre Ansichten zur Zukunft Europas im Hinblick auf Umwelt- und Klimaschutz, Miteinander und Wertekultur wurden thematisch extrahiert und&hellip;<\/p>\n","protected":false},"author":11,"featured_media":26757,"comment_status":"closed","ping_status":"closed","sticky":false,"template":"","format":"standard","meta":{"footnotes":""},"categories":[1],"tags":[51,41],"_links":{"self":[{"href":"https:\/\/www.rwg-bayreuth.de\/home\/index.php?rest_route=\/wp\/v2\/posts\/26755"}],"collection":[{"href":"https:\/\/www.rwg-bayreuth.de\/home\/index.php?rest_route=\/wp\/v2\/posts"}],"about":[{"href":"https:\/\/www.rwg-bayreuth.de\/home\/index.php?rest_route=\/wp\/v2\/types\/post"}],"author":[{"embeddable":true,"href":"https:\/\/www.rwg-bayreuth.de\/home\/index.php?rest_route=\/wp\/v2\/users\/11"}],"replies":[{"embeddable":true,"href":"https:\/\/www.rwg-bayreuth.de\/home\/index.php?rest_route=%2Fwp%2Fv2%2Fcomments&post=26755"}],"version-history":[{"count":4,"href":"https:\/\/www.rwg-bayreuth.de\/home\/index.php?rest_route=\/wp\/v2\/posts\/26755\/revisions"}],"predecessor-version":[{"id":26761,"href":"https:\/\/www.rwg-bayreuth.de\/home\/index.php?rest_route=\/wp\/v2\/posts\/26755\/revisions\/26761"}],"wp:featuredmedia":[{"embeddable":true,"href":"https:\/\/www.rwg-bayreuth.de\/home\/index.php?rest_route=\/wp\/v2\/media\/26757"}],"wp:attachment":[{"href":"https:\/\/www.rwg-bayreuth.de\/home\/index.php?rest_route=%2Fwp%2Fv2%2Fmedia&parent=26755"}],"wp:term":[{"taxonomy":"category","embeddable":true,"href":"https:\/\/www.rwg-bayreuth.de\/home\/index.php?rest_route=%2Fwp%2Fv2%2Fcategories&post=26755"},{"taxonomy":"post_tag","embeddable":true,"href":"https:\/\/www.rwg-bayreuth.de\/home\/index.php?rest_route=%2Fwp%2Fv2%2Ftags&post=26755"}],"curies":[{"name":"wp","href":"https:\/\/api.w.org\/{rel}","templated":true}]}}