{"id":26675,"date":"2020-06-29T06:00:37","date_gmt":"2020-06-29T04:00:37","guid":{"rendered":"http:\/\/www.rwg-bayreuth.de\/home\/?p=26675"},"modified":"2020-07-05T08:52:57","modified_gmt":"2020-07-05T06:52:57","slug":"urlaubskueche-3","status":"publish","type":"post","link":"https:\/\/www.rwg-bayreuth.de\/home\/?p=26675","title":{"rendered":"Urlaubsk\u00fcche #3"},"content":{"rendered":"<p>Oh, wie sch\u00f6n ist &hellip;<br \/>\n &#8211; nein, nicht Panama, sondern Italien.<br \/>\nDeshalb bleiben wir noch &#8217;ne Woche. Diesmal gibt&#8217;s Rezepte aus Kalabrien.<\/p>\n<div class=\"su-spacer\" style=\"height:30px\"><\/div>\n<p style=\"margin: 0px\"><img decoding=\"async\" src=\"https:\/\/www.rwg-bayreuth.de\/home\/wp-content\/uploads\/2020\/06\/19-20-Spaghetti-alla-siracusana.jpg\" alt=\"\" width=\"100%\" height=\"auto\" class=\"alignnone size-full wp-image-26678\" srcset=\"https:\/\/www.rwg-bayreuth.de\/home\/wp-content\/uploads\/2020\/06\/19-20-Spaghetti-alla-siracusana.jpg 1024w, https:\/\/www.rwg-bayreuth.de\/home\/wp-content\/uploads\/2020\/06\/19-20-Spaghetti-alla-siracusana-450x220.jpg 450w, https:\/\/www.rwg-bayreuth.de\/home\/wp-content\/uploads\/2020\/06\/19-20-Spaghetti-alla-siracusana-768x375.jpg 768w, https:\/\/www.rwg-bayreuth.de\/home\/wp-content\/uploads\/2020\/06\/19-20-Spaghetti-alla-siracusana-250x122.jpg 250w\" sizes=\"(max-width: 1024px) 100vw, 1024px\" \/><\/p>\n<div class=\"sue-panel\" data-url=\"\" data-target=\"self\" style=\"background-color:#ffffff;color:#1a1a1a;border-radius:0px;box-shadow:3px 5px 10px gray;border:1px solid #cccccc\"><div class=\"sue-panel-content su-u-trim\" style=\"padding:15px;text-align:left\">\n<h1>Spaghetti alla siracusana \u2013 Spaghetti nach Siracusa-Art<\/h1>\n<div class=\"su-row\"><div class=\"su-column su-column-size-2-5\"><div class=\"su-column-inner su-u-clearfix su-u-trim\">\n<h5>Zutaten:<\/h5>\n<table class=\"rezepte zutaten\">\n<tr>\r\n\t<td class=\"\">2<\/td>\r\n\t<td>rote Paprikaschoten<\/td>\r\n<\/tr>\n<tr>\r\n\t<td class=\"\">6&nbsp;EL<\/td>\r\n\t<td>Oliven\u00f6l<\/td>\r\n<\/tr>\n<tr>\r\n\t<td class=\"\">1<\/td>\r\n\t<td>Knoblauchzehe gehackt<\/td>\r\n<\/tr>\n<tr>\r\n\t<td class=\"\">2<\/td>\r\n\t<td>Sardellenfilets in Salz, abgesp\u00fclt, klein geschnitten<\/td>\r\n<\/tr>\n<tr>\r\n\t<td class=\"\">500&nbsp;g<\/td>\r\n\t<td>Tomaten (passiert aus der Dose)<\/td>\r\n<\/tr>\n<tr>\r\n\t<td class=\"\">2&nbsp;EL<\/td>\r\n\t<td>Kapern<\/td>\r\n<\/tr>\n<tr>\r\n\t<td class=\"\">5&nbsp;EL<\/td>\r\n\t<td>schwarze Oliven, entsteint<\/td>\r\n<\/tr>\n<tr>\r\n\t<td class=\"\"><\/td>\r\n\t<td>Salz und Pfeffer<\/td>\r\n<\/tr>\n<tr>\r\n\t<td class=\"\">400&nbsp;g<\/td>\r\n\t<td>Spaghetti<\/td>\r\n<\/tr>\n<tr>\r\n\t<td class=\"\">4&nbsp;EL<\/td>\r\n\t<td>ger. Pecorino<\/td>\r\n<\/tr>\n<\/table>\n<div class=\"su-spacer\" style=\"height:30px\"><\/div>\n<h5>Zutaten f\u00fcr den Sugo:<\/h5>\n<table class=\"rezepte zutaten\">\n<tr>\r\n\t<td class=\"\">300&nbsp;g<\/td>\r\n\t<td>Lauch<\/td>\r\n<\/tr>\n<tr>\r\n\t<td class=\"\">1<\/td>\r\n\t<td>rote Paprikaschote<\/td>\r\n<\/tr>\n<tr>\r\n\t<td class=\"\">2<\/td>\r\n\t<td>Knoblauchzehen<\/td>\r\n<\/tr>\n<tr>\r\n\t<td class=\"\">4&nbsp;EL<\/td>\r\n\t<td>\u00d6l<\/td>\r\n<\/tr>\n<tr>\r\n\t<td class=\"\">2&nbsp;EL<\/td>\r\n\t<td>Tomatenmark<\/td>\r\n<\/tr>\n<tr>\r\n\t<td class=\"\">1&nbsp;Dose<\/td>\r\n\t<td>Tomaten (st\u00fcckig)<\/td>\r\n<\/tr>\n<tr>\r\n\t<td class=\"\">1&nbsp;Msp.<\/td>\r\n\t<td>Thymian, Oregano, Rosmarin<\/td>\r\n<\/tr>\n<tr>\r\n\t<td class=\"\"><\/td>\r\n\t<td>schwarzer Pfeffer<\/td>\r\n<\/tr>\n<tr>\r\n\t<td class=\"\">&frac12&nbsp;TL<\/td>\r\n\t<td>Salz<\/td>\r\n<\/tr>\n<tr>\r\n\t<td class=\"\">3&nbsp;TL<\/td>\r\n\t<td>dunkler Balsamico<\/td>\r\n<\/tr>\n<tr>\r\n\t<td class=\"\">3&nbsp;TL<\/td>\r\n\t<td>Agavendicksaft<\/td>\r\n<\/tr>\n<tr>\r\n\t<td class=\"\">4&nbsp;Stiele<\/td>\r\n\t<td>Basilikum<\/td>\r\n<\/tr>\n<\/table>\n<\/div><\/div>\n<div class=\"su-column su-column-size-3-5\"><div class=\"su-column-inner su-u-clearfix su-u-trim\">\n<h5>Zubereitung:<\/h5>\n<table class=\"rezepte zubereitung\">\n<tr>\r\n\t<td><span class=\"su-dropcap su-dropcap-style-light\" style=\"font-size:1em\">1<\/span><\/td>\r\n\t<td>Die Paprikaschoten waschen, halbieren und entkernen. Mit der Schnittfl\u00e4che nach unten auf ein Backblech legen, mit \u00d6l einpinseln und unter den Grill schieben, bis die Haut Blasen wirft. Dann die Schoten in eine Sch\u00fcssel legen und mit einem K\u00fcchentuch bedecken.\r\n<\/td>\r\n<\/tr>\n<tr>\r\n\t<td><span class=\"su-dropcap su-dropcap-style-light\" style=\"font-size:1em\">2<\/span><\/td>\r\n\t<td>Das restliche \u00d6l in einer gro\u00dfen Pfanne erhitzen, Knoblauch und Sardellen darin anbraten. Passierte Tomaten, Kapern und Oliven zugeben und k\u00f6cheln lassen. Mit Salz und Pfeffer abschmecken.\r\n<\/td>\r\n<\/tr>\n<tr>\r\n\t<td><span class=\"su-dropcap su-dropcap-style-light\" style=\"font-size:1em\">3<\/span><\/td>\r\n\t<td>Spaghetti in reichlich Salzwasser al dente kochen.\r\n<\/td>\r\n<\/tr>\n<tr>\r\n\t<td><span class=\"su-dropcap su-dropcap-style-light\" style=\"font-size:1em\">4<\/span><\/td>\r\n\t<td>Die Paprikaschoten h\u00e4uten und in Streifen schneiden.\r\n<\/td>\r\n<\/tr>\n<tr>\r\n\t<td><span class=\"su-dropcap su-dropcap-style-light\" style=\"font-size:1em\">5<\/span><\/td>\r\n\t<td>Die Nudeln abgie\u00dfen, zusammen mit den Paprikastreifen in die So\u00dfe geben, gut mischen und mit Pecorino bestreut servieren.\r\n<\/td>\r\n<\/tr>\n<\/table>\n<\/div><\/div>\n<\/div>\n<\/div><\/div>\n<div class=\"su-spacer\" style=\"height:30px\"><\/div>\n<p style=\"margin: 0px\"><img decoding=\"async\" src=\"https:\/\/www.rwg-bayreuth.de\/home\/wp-content\/uploads\/2020\/06\/19-20-Crostata-al-limone-.jpg\" alt=\"\" width=\"100%\" height=\"auto\" class=\"alignnone size-full wp-image-26679\" srcset=\"https:\/\/www.rwg-bayreuth.de\/home\/wp-content\/uploads\/2020\/06\/19-20-Crostata-al-limone-.jpg 1024w, https:\/\/www.rwg-bayreuth.de\/home\/wp-content\/uploads\/2020\/06\/19-20-Crostata-al-limone--450x220.jpg 450w, https:\/\/www.rwg-bayreuth.de\/home\/wp-content\/uploads\/2020\/06\/19-20-Crostata-al-limone--768x375.jpg 768w, https:\/\/www.rwg-bayreuth.de\/home\/wp-content\/uploads\/2020\/06\/19-20-Crostata-al-limone--250x122.jpg 250w\" sizes=\"(max-width: 1024px) 100vw, 1024px\" \/><\/p>\n<div class=\"sue-panel\" data-url=\"\" data-target=\"self\" style=\"background-color:#ffffff;color:#1a1a1a;border-radius:0px;box-shadow:3px 5px 10px gray;border:1px solid #cccccc\"><div class=\"sue-panel-content su-u-trim\" style=\"padding:15px;text-align:left\">\n<h1>Crostata al limone \u2013 Gedeckter Zitronenkuchen<\/h1>\n<div class=\"su-row\"><div class=\"su-column su-column-size-2-5\"><div class=\"su-column-inner su-u-clearfix su-u-trim\">\n<h5>Zutaten f\u00fcr den M\u00fcrbteig:<\/h5>\n<table class=\"rezepte zutaten\">\n<tr>\r\n\t<td class=\"\">600&nbsp;g<\/td>\r\n\t<td>Mehl<\/td>\r\n<\/tr>\n<tr>\r\n\t<td class=\"\">250&nbsp;g<\/td>\r\n\t<td>Zucker<\/td>\r\n<\/tr>\n<tr>\r\n\t<td class=\"\">3<\/td>\r\n\t<td>Eier<\/td>\r\n<\/tr>\n<tr>\r\n\t<td class=\"\">150&nbsp;g<\/td>\r\n\t<td>Butter in Fl\u00f6ckchen<\/td>\r\n<\/tr>\n<tr>\r\n\t<td class=\"\">1&nbsp;TL<\/td>\r\n\t<td>Vanilleextrakt<\/td>\r\n<\/tr>\n<\/table>\n<div class=\"su-spacer\" style=\"height:30px\"><\/div>\n<h5>Zutaten f\u00fcr die F\u00fcllung:<\/h5>\n<table class=\"rezepte zutaten\">\n<tr>\r\n\t<td class=\"\">3<\/td>\r\n\t<td>Zitronen<\/td>\r\n<\/tr>\n<tr>\r\n\t<td class=\"\">1&nbsp;EL<\/td>\r\n\t<td>Speisest\u00e4rke<\/td>\r\n<\/tr>\n<tr>\r\n\t<td class=\"\">100&nbsp;g<\/td>\r\n\t<td>Mehl <\/td>\r\n<\/tr>\n<tr>\r\n\t<td class=\"\">500&nbsp;ml<\/td>\r\n\t<td>Wasser<\/td>\r\n<\/tr>\n<tr>\r\n\t<td class=\"\">200&nbsp;g<\/td>\r\n\t<td>Zucker <\/td>\r\n<\/tr>\n<tr>\r\n\t<td class=\"\">1&nbsp;TL<\/td>\r\n\t<td>Vanilleextrakt<\/td>\r\n<\/tr>\n<tr>\r\n\t<td class=\"\">2<\/td>\r\n\t<td>Eier (getrennt)<\/td>\r\n<\/tr>\n<tr>\r\n\t<td class=\"\">50&nbsp;g<\/td>\r\n\t<td>Butter<\/td>\r\n<\/tr>\n<\/table>\n<\/div><\/div>\n<div class=\"su-column su-column-size-3-5\"><div class=\"su-column-inner su-u-clearfix su-u-trim\">\n<h5>Zubereitung:<\/h5>\n<table class=\"rezepte zubereitung\">\n<tr>\r\n\t<td><span class=\"su-dropcap su-dropcap-style-light\" style=\"font-size:1em\">1<\/span><\/td>\r\n\t<td>Zucker, Eiern, Butter und Vanilleextrakt einen M\u00fcrbteig kneten, zu einer Kugel formen und in Frischhaltefolie gewickelt f\u00fcr 30 Minuten im K\u00fchlschrank ruhen lassen.\r\n<\/td>\r\n<\/tr>\n<tr>\r\n\t<td><span class=\"su-dropcap su-dropcap-style-light\" style=\"font-size:1em\">2<\/span><\/td>\r\n\t<td>F\u00fcr die F\u00fcllung die Zitronen hei\u00df waschen und die Schale fein abreiben. Den Saft auspressen.\r\n<\/td>\r\n<\/tr>\n<tr>\r\n\t<td><span class=\"su-dropcap su-dropcap-style-light\" style=\"font-size:1em\">3<\/span><\/td>\r\n\t<td>In einem Topf Speisest\u00e4rke und Mehl vermischen. Wasser, Zitronensaft und Zitronenschale unter R\u00fchren zuf\u00fcgen. Zucker, Vanilleextrakt und die Eigelbe einr\u00fchren. Bei mittlerer Hitze und unter st\u00e4ndigem R\u00fchren die Creme einmal aufkochen lassen. Die Butter einr\u00fchren.\r\n<\/td>\r\n<\/tr>\n<tr>\r\n\t<td><span class=\"su-dropcap su-dropcap-style-light\" style=\"font-size:1em\">4<\/span><\/td>\r\n\t<td>Die Eiwei\u00dfe zu Eischnee schlagen und unter die Creme heben.\r\n<\/td>\r\n<\/tr>\n<tr>\r\n\t<td><span class=\"su-dropcap su-dropcap-style-light\" style=\"font-size:1em\">5<\/span><\/td>\r\n\t<td>Den Backofen auf 180\u00b0C vorheizen.\r\n<\/td>\r\n<\/tr>\n<tr>\r\n\t<td><span class=\"su-dropcap su-dropcap-style-light\" style=\"font-size:1em\">6<\/span><\/td>\r\n\t<td>Den M\u00fcrbteig aus dem K\u00fchlschrank nehmen, ein Viertel des Teiges abteilen und beiseite legen. Den Rest auf der bemehlten Arbeitsfl\u00e4che ausrollen und Boden und Rand einer gefetteten Springform damit auskleiden.\r\n<\/td>\r\n<\/tr>\n<tr>\r\n\t<td><span class=\"su-dropcap su-dropcap-style-light\" style=\"font-size:1em\">7<\/span><\/td>\r\n\t<td>Die Zitronencreme einf\u00fcllen. Den restlichen Teig ausrollen und in Streifen schneiden. Die Streifen als Gitter auf die F\u00fcllung legen.\r\n<\/td>\r\n<\/tr>\n<tr>\r\n\t<td><span class=\"su-dropcap su-dropcap-style-light\" style=\"font-size:1em\">8<\/span><\/td>\r\n\t<td>Den Kuchen 45 Minuten backen\r\n<\/td>\r\n<\/tr>\n<\/table>\n<\/div><\/div>\n<\/div>\n<\/div><\/div>\n<div class=\"su-spacer\" style=\"height:30px\"><\/div>\n<p>&nbsp;<\/p>\n<ul class=\"linkliste\">\n<li><a href=\"https:\/\/www.rwg-bayreuth.de\/home\/wp-content\/uploads\/2020\/06\/Urlaubsk\u00fcche-Italien-Kalabrien.pdf\">Rezepte (pdf)<\/a><\/li>\n<\/ul>\n<p>&nbsp;<\/p>\n","protected":false},"excerpt":{"rendered":"<p>Oh, wie sch\u00f6n ist &hellip;<br \/>\n &#8211; nein, nicht Panama, sondern Italien.<br \/>\nDeshalb bleiben wir noch &#8217;ne Woche. Diesmal gibt&#8217;s Rezepte aus Kalabrien.<\/p>\n","protected":false},"author":11,"featured_media":26677,"comment_status":"closed","ping_status":"closed","sticky":false,"template":"","format":"standard","meta":{"footnotes":""},"categories":[1],"tags":[51,120,128],"_links":{"self":[{"href":"https:\/\/www.rwg-bayreuth.de\/home\/index.php?rest_route=\/wp\/v2\/posts\/26675"}],"collection":[{"href":"https:\/\/www.rwg-bayreuth.de\/home\/index.php?rest_route=\/wp\/v2\/posts"}],"about":[{"href":"https:\/\/www.rwg-bayreuth.de\/home\/index.php?rest_route=\/wp\/v2\/types\/post"}],"author":[{"embeddable":true,"href":"https:\/\/www.rwg-bayreuth.de\/home\/index.php?rest_route=\/wp\/v2\/users\/11"}],"replies":[{"embeddable":true,"href":"https:\/\/www.rwg-bayreuth.de\/home\/index.php?rest_route=%2Fwp%2Fv2%2Fcomments&post=26675"}],"version-history":[{"count":8,"href":"https:\/\/www.rwg-bayreuth.de\/home\/index.php?rest_route=\/wp\/v2\/posts\/26675\/revisions"}],"predecessor-version":[{"id":26730,"href":"https:\/\/www.rwg-bayreuth.de\/home\/index.php?rest_route=\/wp\/v2\/posts\/26675\/revisions\/26730"}],"wp:featuredmedia":[{"embeddable":true,"href":"https:\/\/www.rwg-bayreuth.de\/home\/index.php?rest_route=\/wp\/v2\/media\/26677"}],"wp:attachment":[{"href":"https:\/\/www.rwg-bayreuth.de\/home\/index.php?rest_route=%2Fwp%2Fv2%2Fmedia&parent=26675"}],"wp:term":[{"taxonomy":"category","embeddable":true,"href":"https:\/\/www.rwg-bayreuth.de\/home\/index.php?rest_route=%2Fwp%2Fv2%2Fcategories&post=26675"},{"taxonomy":"post_tag","embeddable":true,"href":"https:\/\/www.rwg-bayreuth.de\/home\/index.php?rest_route=%2Fwp%2Fv2%2Ftags&post=26675"}],"curies":[{"name":"wp","href":"https:\/\/api.w.org\/{rel}","templated":true}]}}