{"id":26639,"date":"2020-06-17T14:42:16","date_gmt":"2020-06-17T12:42:16","guid":{"rendered":"http:\/\/www.rwg-bayreuth.de\/home\/?p=26639"},"modified":"2023-11-25T16:04:07","modified_gmt":"2023-11-25T15:04:07","slug":"urlaubskueche-2","status":"publish","type":"post","link":"https:\/\/www.rwg-bayreuth.de\/home\/?p=26639","title":{"rendered":"Urlaubsk\u00fcche #2"},"content":{"rendered":"<p><img decoding=\"async\" src=\"https:\/\/www.rwg-bayreuth.de\/home\/wp-content\/uploads\/2020\/05\/Italienische-Flagge.png\" alt=\"\" width=\"100%\" style=\"max-height:130px\" class=\"alignnone size-full wp-image-26271\" srcset=\"https:\/\/www.rwg-bayreuth.de\/home\/wp-content\/uploads\/2020\/05\/Italienische-Flagge.png 1024w, https:\/\/www.rwg-bayreuth.de\/home\/wp-content\/uploads\/2020\/05\/Italienische-Flagge-450x300.png 450w, https:\/\/www.rwg-bayreuth.de\/home\/wp-content\/uploads\/2020\/05\/Italienische-Flagge-768x512.png 768w, https:\/\/www.rwg-bayreuth.de\/home\/wp-content\/uploads\/2020\/05\/Italienische-Flagge-250x167.png 250w, https:\/\/www.rwg-bayreuth.de\/home\/wp-content\/uploads\/2020\/05\/Italienische-Flagge-900x600.png 900w\" sizes=\"(max-width: 1024px) 100vw, 1024px\" \/><\/p>\n<div class=\"su-spacer\" style=\"height:10px\"><\/div>\n<p>Diese Woche geht&#8217;s nach Italien &hellip;<\/p>\n<div class=\"su-spacer\" style=\"height:30px\"><\/div>\n<p style=\"margin: 0px\"><img loading=\"lazy\" decoding=\"async\" src=\"https:\/\/www.rwg-bayreuth.de\/home\/wp-content\/uploads\/2020\/06\/19-20-Polentanocken-mit-Sugo.jpg\" alt=\"\" width=\"1024\" height=\"500\" class=\"alignnone size-full wp-image-26647\" srcset=\"https:\/\/www.rwg-bayreuth.de\/home\/wp-content\/uploads\/2020\/06\/19-20-Polentanocken-mit-Sugo.jpg 1024w, https:\/\/www.rwg-bayreuth.de\/home\/wp-content\/uploads\/2020\/06\/19-20-Polentanocken-mit-Sugo-450x220.jpg 450w, https:\/\/www.rwg-bayreuth.de\/home\/wp-content\/uploads\/2020\/06\/19-20-Polentanocken-mit-Sugo-768x375.jpg 768w, https:\/\/www.rwg-bayreuth.de\/home\/wp-content\/uploads\/2020\/06\/19-20-Polentanocken-mit-Sugo-250x122.jpg 250w\" sizes=\"(max-width: 1024px) 100vw, 1024px\" \/><\/p>\n<div class=\"sue-panel\" data-url=\"\" data-target=\"self\" style=\"background-color:#ffffff;color:#1a1a1a;border-radius:0px;box-shadow:3px 5px 10px gray;border:1px solid #cccccc\"><div class=\"sue-panel-content su-u-trim\" style=\"padding:15px;text-align:left\">\n<h1>Gratinierte Polentanocken auf Lauch-Tomaten-Sugo<\/h1>\n<div class=\"su-row\"><div class=\"su-column su-column-size-2-5\"><div class=\"su-column-inner su-u-clearfix su-u-trim\">\n<h5>Zutaten f\u00fcr die Nocken:<\/h5>\n<table class=\"rezepte zutaten\">\n<tr>\r\n\t<td class=\"\">300&nbsp;ml<\/td>\r\n\t<td>Gem\u00fcsebr\u00fche<\/td>\r\n<\/tr>\n<tr>\r\n\t<td class=\"\">250&nbsp;ml<\/td>\r\n\t<td>Milch<\/td>\r\n<\/tr>\n<tr>\r\n\t<td class=\"\">1&nbsp;TL<\/td>\r\n\t<td>Salz<\/td>\r\n<\/tr>\n<tr>\r\n\t<td class=\"\">&frac14&nbsp;TL<\/td>\r\n\t<td>Muskat<\/td>\r\n<\/tr>\n<tr>\r\n\t<td class=\"\">175&nbsp;g<\/td>\r\n\t<td>Polenta<\/td>\r\n<\/tr>\n<tr>\r\n\t<td class=\"\">60&nbsp;g<\/td>\r\n\t<td>Parmesan am St\u00fcck<\/td>\r\n<\/tr>\n<tr>\r\n\t<td class=\"\">2<\/td>\r\n\t<td>Eier<\/td>\r\n<\/tr>\n<\/table>\n<div class=\"su-spacer\" style=\"height:30px\"><\/div>\n<h5>Zutaten f\u00fcr den Sugo:<\/h5>\n<table class=\"rezepte zutaten\">\n<tr>\r\n\t<td class=\"\">300&nbsp;g<\/td>\r\n\t<td>Lauch<\/td>\r\n<\/tr>\n<tr>\r\n\t<td class=\"\">1<\/td>\r\n\t<td>rote Paprikaschote<\/td>\r\n<\/tr>\n<tr>\r\n\t<td class=\"\">2<\/td>\r\n\t<td>Knoblauchzehen<\/td>\r\n<\/tr>\n<tr>\r\n\t<td class=\"\">4&nbsp;EL<\/td>\r\n\t<td>\u00d6l<\/td>\r\n<\/tr>\n<tr>\r\n\t<td class=\"\">2&nbsp;EL<\/td>\r\n\t<td>Tomatenmark<\/td>\r\n<\/tr>\n<tr>\r\n\t<td class=\"\">1&nbsp;Dose<\/td>\r\n\t<td>Tomaten (st\u00fcckig)<\/td>\r\n<\/tr>\n<tr>\r\n\t<td class=\"\">1&nbsp;Msp.<\/td>\r\n\t<td>Thymian, Oregano, Rosmarin<\/td>\r\n<\/tr>\n<tr>\r\n\t<td class=\"\"><\/td>\r\n\t<td>schwarzer Pfeffer<\/td>\r\n<\/tr>\n<tr>\r\n\t<td class=\"\">&frac12&nbsp;TL<\/td>\r\n\t<td>Salz<\/td>\r\n<\/tr>\n<tr>\r\n\t<td class=\"\">3&nbsp;TL<\/td>\r\n\t<td>dunkler Balsamico<\/td>\r\n<\/tr>\n<tr>\r\n\t<td class=\"\">3&nbsp;TL<\/td>\r\n\t<td>Agavendicksaft<\/td>\r\n<\/tr>\n<tr>\r\n\t<td class=\"\">4&nbsp;Stiele<\/td>\r\n\t<td>Basilikum<\/td>\r\n<\/tr>\n<\/table>\n<\/div><\/div>\n<div class=\"su-column su-column-size-3-5\"><div class=\"su-column-inner su-u-clearfix su-u-trim\">\n<h5>Zubereitung:<\/h5>\n<table class=\"rezepte zubereitung\">\n<tr>\r\n\t<td><span class=\"su-dropcap su-dropcap-style-light\" style=\"font-size:1em\">1<\/span><\/td>\r\n\t<td>F\u00fcr die Nocken die Br\u00fche, Milch, Salz und Muskat in einem mittelgro\u00dfen Topf aufkochen. Die Polenta mit dem Schneebesen einr\u00fchren und aufkochen lassen. Auf der ausgeschalteten Herdplatte im geschlossenen Topf ca. 10 Minuten quellen lassen und ab und zu umr\u00fchren. Die Masse in eine gro\u00dfe Sch\u00fcssel umf\u00fcllen und lauwarm abk\u00fchlen lassen.\r\n<\/td>\r\n<\/tr>\n<tr>\r\n\t<td><span class=\"su-dropcap su-dropcap-style-light\" style=\"font-size:1em\">2<\/span><\/td>\r\n\t<td>F\u00fcr den Sugo den Lauch putzen, l\u00e4ngs halbieren, waschen und in ca. 1cm dicke Halbringe schneiden. Die Paprika waschen, putzen, halbieren, entkernen und in ca. 1x1cm gro\u00dfe St\u00fccke schneiden. Den Knoblauch sch\u00e4len und fein w\u00fcrfeln.\r\n<\/td>\r\n<\/tr>\n<tr>\r\n\t<td><span class=\"su-dropcap su-dropcap-style-light\" style=\"font-size:1em\">3<\/span><\/td>\r\n\t<td>2 EL \u00d6l in einem Topf erhitzen, Lauch, Paprika und Knoblauch darin unter R\u00fchren 2 Minuten bei mittlerer Hitze anschwitzen, Tomatenmark, Kr\u00e4uter, Pfeffer und \u00bd TL Salz zugeben, aufkochen und im geschlossenen Topf ca. 15 Minuten k\u00f6cheln lassen. Vom Herd nehmen, den Essig und den Agavendicksaft unterr\u00fchren, ruhen lassen.\r\n<\/td>\r\n<\/tr>\n<tr>\r\n\t<td><span class=\"su-dropcap su-dropcap-style-light\" style=\"font-size:1em\">4<\/span><\/td>\r\n\t<td>Den Backofen auf 250 Grad (Umluft 230 Grad) vorheizen. \r\n<\/td>\r\n<\/tr>\n<tr>\r\n\t<td><span class=\"su-dropcap su-dropcap-style-light\" style=\"font-size:1em\">5<\/span><\/td>\r\n\t<td>Parmesan fein reiben und die H\u00e4lfte davon mit den Eiern sorgf\u00e4ltig unter die Polentamasse r\u00fchren. Mit Salz und Pfeffer pikant abschmecken. Mit 2 Essl\u00f6ffeln ca. 20 Nocken formen und diese dicht nebeneinander auf ein mit Backpapier belegtes Backblech setzen. Den restlichen Parmesan dar\u00fcberstreuen, restliches \u00d6l dar\u00fcbertr\u00e4ufeln und ca. 10-12 Minuten im Backofen gratinieren.\r\n<\/td>\r\n<\/tr>\n<tr>\r\n\t<td><span class=\"su-dropcap su-dropcap-style-light\" style=\"font-size:1em\">6<\/span><\/td>\r\n\t<td>Basilikum waschen, trockensch\u00fctteln, Bl\u00e4ttchen abzupfen und in feine Streifen schneiden. \r\n<\/td>\r\n<\/tr>\n<tr>\r\n\t<td><span class=\"su-dropcap su-dropcap-style-light\" style=\"font-size:1em\">7<\/span><\/td>\r\n\t<td>Sugo kr\u00e4ftig abschmecken, nochmals erw\u00e4rmen, auf Teller verteilen. Die Nocken darauf anrichten und mit Basilikum bestreut servieren.\r\n<\/td>\r\n<\/tr>\n<\/table>\n<\/div><\/div>\n<\/div>\n<\/div><\/div>\n<div class=\"su-spacer\" style=\"height:30px\"><\/div>\n<p style=\"margin: 0px\"><img loading=\"lazy\" decoding=\"async\" src=\"https:\/\/www.rwg-bayreuth.de\/home\/wp-content\/uploads\/2020\/06\/19-20-Spinatnocken.jpg\" alt=\"\" width=\"1024\" height=\"500\" class=\"alignnone size-full wp-image-26646\" srcset=\"https:\/\/www.rwg-bayreuth.de\/home\/wp-content\/uploads\/2020\/06\/19-20-Spinatnocken.jpg 1024w, https:\/\/www.rwg-bayreuth.de\/home\/wp-content\/uploads\/2020\/06\/19-20-Spinatnocken-450x220.jpg 450w, https:\/\/www.rwg-bayreuth.de\/home\/wp-content\/uploads\/2020\/06\/19-20-Spinatnocken-768x375.jpg 768w, https:\/\/www.rwg-bayreuth.de\/home\/wp-content\/uploads\/2020\/06\/19-20-Spinatnocken-250x122.jpg 250w\" sizes=\"(max-width: 1024px) 100vw, 1024px\" \/><\/p>\n<div class=\"sue-panel\" data-url=\"\" data-target=\"self\" style=\"background-color:#ffffff;color:#1a1a1a;border-radius:0px;box-shadow:3px 5px 10px gray;border:1px solid #cccccc\"><div class=\"sue-panel-content su-u-trim\" style=\"padding:15px;text-align:left\">\n<h1>Spinatnocken<\/h1>\n<div class=\"su-row\"><div class=\"su-column su-column-size-2-5\"><div class=\"su-column-inner su-u-clearfix su-u-trim\">\n<h5>Zutaten:<\/h5>\n<table class=\"rezepte zutaten\">\n<tr>\r\n\t<td class=\"\">500&nbsp;g<\/td>\r\n\t<td>frischer Blattspinat<\/td>\r\n<\/tr>\n<tr>\r\n\t<td class=\"\">250&nbsp;g<\/td>\r\n\t<td>Wei\u00dfbrot vom Vortag<\/td>\r\n<\/tr>\n<tr>\r\n\t<td class=\"\">150&nbsp;ml<\/td>\r\n\t<td>Milch<\/td>\r\n<\/tr>\n<tr>\r\n\t<td class=\"\">2<\/td>\r\n\t<td>Eier<\/td>\r\n<\/tr>\n<tr>\r\n\t<td class=\"\">4-5&nbsp;EL<\/td>\r\n\t<td>Mehl (evtl. etwas mehr)<\/td>\r\n<\/tr>\n<tr>\r\n\t<td class=\"\"><\/td>\r\n\t<td>Salz, Pfeffer aus der M\u00fchle<\/td>\r\n<\/tr>\n<tr>\r\n\t<td class=\"\"><\/td>\r\n\t<td>Muskatnuss<\/td>\r\n<\/tr>\n<tr>\r\n\t<td class=\"\">50&nbsp;g<\/td>\r\n\t<td>Butter<\/td>\r\n<\/tr>\n<tr>\r\n\t<td class=\"\">einige<\/td>\r\n\t<td>Salbeibl\u00e4tter<\/td>\r\n<\/tr>\n<tr>\r\n\t<td class=\"\">50&nbsp;g<\/td>\r\n\t<td>ger. Parmesan oder Bergk\u00e4se<\/td>\r\n<\/tr>\n<\/table>\n<\/div><\/div>\n<div class=\"su-column su-column-size-3-5\"><div class=\"su-column-inner su-u-clearfix su-u-trim\">\n<h5>Zubereitung:<\/h5>\n<table class=\"rezepte zubereitung\">\n<tr>\r\n\t<td><span class=\"su-dropcap su-dropcap-style-light\" style=\"font-size:1em\">1<\/span><\/td>\r\n\t<td> Wei\u00dfbrot in kleine W\u00fcrfel schneiden, mit Milch begie\u00dfen, gut mischen, mit einem Teller abdecken, Gewicht darauf stellen und ca. 2 Stunden durchziehen lassen.\r\n<\/td>\r\n<\/tr>\n<tr>\r\n\t<td><span class=\"su-dropcap su-dropcap-style-light\" style=\"font-size:1em\">2<\/span><\/td>\r\n\t<td>Blattspinat putzen und waschen, grobe Stiele entfernen. Die Spinatbl\u00e4tter im kochenden Salzwasser 2 Minuten blanchieren, kalt abschrecken, gut abtropfen und abk\u00fchlen lassen, gut auspressen und so fein wie m\u00f6glich hacken.\r\n<\/td>\r\n<\/tr>\n<tr>\r\n\t<td><span class=\"su-dropcap su-dropcap-style-light\" style=\"font-size:1em\">3<\/span><\/td>\r\n\t<td>Spinat, Brot, Eier und Mehl gr\u00fcndlich verkneten, mit Salz, Pfeffer und Muskatnuss w\u00fcrzen. \r\n<\/td>\r\n<\/tr>\n<tr>\r\n\t<td><span class=\"su-dropcap su-dropcap-style-light\" style=\"font-size:1em\">4<\/span><\/td>\r\n\t<td>In einem gro\u00dfen Topf 2l Salzwasser aufkochen. Mit 2 Essl\u00f6ffeln  eine Probenocke formen und ins Wasser geben und 5 Minuten garziehen lassen. Je nach Konsistenz die \u00fcbrige Masse mit Milch oder Mehl erg\u00e4nzen, Nocken formen, ins kochende Wasser geben und garziehen lassen.\r\n<\/td>\r\n<\/tr>\n<tr>\r\n\t<td><span class=\"su-dropcap su-dropcap-style-light\" style=\"font-size:1em\">5<\/span><\/td>\r\n\t<td>Herausnehmen, abtropfen und auf eine vorgew\u00e4rmte Platte geben.\r\n<\/td>\r\n<\/tr>\n<tr>\r\n\t<td><span class=\"su-dropcap su-dropcap-style-light\" style=\"font-size:1em\">6<\/span><\/td>\r\n\t<td>50 g Butter in einer Pfanne zerlassen, Salbeibl\u00e4tter darin schwenken, Nocken in die Pfanne geben und gr\u00fcndlich mischen, mit geriebenem K\u00e4se bestreuen.\r\n<\/td>\r\n<\/tr>\n<\/table>\n<\/div><\/div>\n<\/div>\n<\/div><\/div>\n<div class=\"su-spacer\" style=\"height:30px\"><\/div>\n<p>&nbsp;<\/p>\n<ul class=\"linkliste\">\n<li><a href=\"https:\/\/www.rwg-bayreuth.de\/home\/wp-content\/uploads\/2020\/06\/Urlaubsk\u00fcche-Italien.pdf\">Rezepte (pdf)<\/a><\/li>\n<\/ul>\n<p>&nbsp;<\/p>\n","protected":false},"excerpt":{"rendered":"<p>Diese Woche geht&#8217;s nach Italien &hellip;<\/p>\n","protected":false},"author":11,"featured_media":26648,"comment_status":"closed","ping_status":"closed","sticky":false,"template":"","format":"standard","meta":{"footnotes":""},"categories":[1],"tags":[51,120,128],"_links":{"self":[{"href":"https:\/\/www.rwg-bayreuth.de\/home\/index.php?rest_route=\/wp\/v2\/posts\/26639"}],"collection":[{"href":"https:\/\/www.rwg-bayreuth.de\/home\/index.php?rest_route=\/wp\/v2\/posts"}],"about":[{"href":"https:\/\/www.rwg-bayreuth.de\/home\/index.php?rest_route=\/wp\/v2\/types\/post"}],"author":[{"embeddable":true,"href":"https:\/\/www.rwg-bayreuth.de\/home\/index.php?rest_route=\/wp\/v2\/users\/11"}],"replies":[{"embeddable":true,"href":"https:\/\/www.rwg-bayreuth.de\/home\/index.php?rest_route=%2Fwp%2Fv2%2Fcomments&post=26639"}],"version-history":[{"count":17,"href":"https:\/\/www.rwg-bayreuth.de\/home\/index.php?rest_route=\/wp\/v2\/posts\/26639\/revisions"}],"predecessor-version":[{"id":35142,"href":"https:\/\/www.rwg-bayreuth.de\/home\/index.php?rest_route=\/wp\/v2\/posts\/26639\/revisions\/35142"}],"wp:featuredmedia":[{"embeddable":true,"href":"https:\/\/www.rwg-bayreuth.de\/home\/index.php?rest_route=\/wp\/v2\/media\/26648"}],"wp:attachment":[{"href":"https:\/\/www.rwg-bayreuth.de\/home\/index.php?rest_route=%2Fwp%2Fv2%2Fmedia&parent=26639"}],"wp:term":[{"taxonomy":"category","embeddable":true,"href":"https:\/\/www.rwg-bayreuth.de\/home\/index.php?rest_route=%2Fwp%2Fv2%2Fcategories&post=26639"},{"taxonomy":"post_tag","embeddable":true,"href":"https:\/\/www.rwg-bayreuth.de\/home\/index.php?rest_route=%2Fwp%2Fv2%2Ftags&post=26639"}],"curies":[{"name":"wp","href":"https:\/\/api.w.org\/{rel}","templated":true}]}}