{"id":26600,"date":"2020-06-08T22:20:26","date_gmt":"2020-06-08T20:20:26","guid":{"rendered":"http:\/\/www.rwg-bayreuth.de\/home\/?p=26600"},"modified":"2020-06-14T11:36:27","modified_gmt":"2020-06-14T09:36:27","slug":"urlaubskueche","status":"publish","type":"post","link":"https:\/\/www.rwg-bayreuth.de\/home\/?p=26600","title":{"rendered":"Urlaubsk\u00fcche"},"content":{"rendered":"<p><img decoding=\"async\" src=\"https:\/\/www.rwg-bayreuth.de\/home\/wp-content\/uploads\/2020\/06\/Griechenland.png\" alt=\"\" width=\"38%\" height=\"auto\" class=\"alignleft size-full wp-image-26616\" style=\"margin:0px\" srcset=\"https:\/\/www.rwg-bayreuth.de\/home\/wp-content\/uploads\/2020\/06\/Griechenland.png 1024w, https:\/\/www.rwg-bayreuth.de\/home\/wp-content\/uploads\/2020\/06\/Griechenland-450x300.png 450w, https:\/\/www.rwg-bayreuth.de\/home\/wp-content\/uploads\/2020\/06\/Griechenland-768x512.png 768w, https:\/\/www.rwg-bayreuth.de\/home\/wp-content\/uploads\/2020\/06\/Griechenland-250x167.png 250w, https:\/\/www.rwg-bayreuth.de\/home\/wp-content\/uploads\/2020\/06\/Griechenland-900x600.png 900w\" sizes=\"(max-width: 1024px) 100vw, 1024px\" \/><img decoding=\"async\" src=\"https:\/\/www.rwg-bayreuth.de\/home\/wp-content\/uploads\/2020\/06\/Frankreich.png\" alt=\"\" width=\"38%\" height=\"auto\" class=\"alignright size-full wp-image-26615\"  style=\"margin:0px\" srcset=\"https:\/\/www.rwg-bayreuth.de\/home\/wp-content\/uploads\/2020\/06\/Frankreich.png 1024w, https:\/\/www.rwg-bayreuth.de\/home\/wp-content\/uploads\/2020\/06\/Frankreich-450x300.png 450w, https:\/\/www.rwg-bayreuth.de\/home\/wp-content\/uploads\/2020\/06\/Frankreich-768x512.png 768w, https:\/\/www.rwg-bayreuth.de\/home\/wp-content\/uploads\/2020\/06\/Frankreich-250x167.png 250w, https:\/\/www.rwg-bayreuth.de\/home\/wp-content\/uploads\/2020\/06\/Frankreich-900x600.png 900w\" sizes=\"(max-width: 1024px) 100vw, 1024px\" \/><\/p>\n<div class=\"su-spacer\" style=\"height:30px\"><\/div>\n<h4 class=\"clear\">Hol dir den Urlaub nach Hause!<\/h4>\n<p>Die kulinarische Reise beginnt in Griechenland und f\u00fchrt anschlie\u00dfend nach S\u00fcdfrankreich.<\/p>\n<div class=\"su-spacer\" style=\"height:30px\"><\/div>\n<p style=\"margin: 0px\"><img loading=\"lazy\" decoding=\"async\" src=\"https:\/\/www.rwg-bayreuth.de\/home\/wp-content\/uploads\/2020\/06\/19-20-Moussaka.jpg\" alt=\"\" width=\"1024\" height=\"500\" class=\"alignnone size-full wp-image-26602\" srcset=\"https:\/\/www.rwg-bayreuth.de\/home\/wp-content\/uploads\/2020\/06\/19-20-Moussaka.jpg 1024w, https:\/\/www.rwg-bayreuth.de\/home\/wp-content\/uploads\/2020\/06\/19-20-Moussaka-450x220.jpg 450w, https:\/\/www.rwg-bayreuth.de\/home\/wp-content\/uploads\/2020\/06\/19-20-Moussaka-768x375.jpg 768w, https:\/\/www.rwg-bayreuth.de\/home\/wp-content\/uploads\/2020\/06\/19-20-Moussaka-250x122.jpg 250w\" sizes=\"(max-width: 1024px) 100vw, 1024px\" \/><\/p>\n<div class=\"sue-panel\" data-url=\"\" data-target=\"self\" style=\"background-color:#ffffff;color:#1a1a1a;border-radius:0px;box-shadow:3px 5px 10px gray;border:1px solid #cccccc\"><div class=\"sue-panel-content su-u-trim\" style=\"padding:15px;text-align:left\">\n<h1>Moussaka<\/h1>\n<h6>(f\u00fcr 6 Personen)<\/h6>\n<div class=\"su-row\"><div class=\"su-column su-column-size-2-5\"><div class=\"su-column-inner su-u-clearfix su-u-trim\">\n<h5>Zutaten:<\/h5>\n<table class=\"rezepte zutaten\">\n<tr>\r\n\t<td class=\"\">2<\/td>\r\n\t<td> Auberginen<\/td>\r\n<\/tr>\n<tr>\r\n\t<td class=\"\"><\/td>\r\n\t<td> Salz<\/td>\r\n<\/tr>\n<tr>\r\n\t<td class=\"\">1&nbsp;kg<\/td>\r\n\t<td> gekochte Pellkartoffeln<\/td>\r\n<\/tr>\n<tr>\r\n\t<td class=\"\">500&nbsp;g<\/td>\r\n\t<td>  Tomaten<\/td>\r\n<\/tr>\n<tr>\r\n\t<td class=\"\">2<\/td>\r\n\t<td>  Zwiebeln<\/td>\r\n<\/tr>\n<tr>\r\n\t<td class=\"\">8&nbsp;EL<\/td>\r\n\t<td> Oliven\u00f6l und \u00d6l f\u00fcr die Form<\/td>\r\n<\/tr>\n<tr>\r\n\t<td class=\"\">1<\/td>\r\n\t<td> Lorbeerblatt<\/td>\r\n<\/tr>\n<tr>\r\n\t<td class=\"\">500&nbsp;g<\/td>\r\n\t<td> Rinderhackfleisch<\/td>\r\n<\/tr>\n<tr>\r\n\t<td class=\"\"><\/td>\r\n\t<td> Pfeffer<\/td>\r\n<\/tr>\n<tr>\r\n\t<td class=\"\">50&nbsp;g<\/td>\r\n\t<td> Butter<\/td>\r\n<\/tr>\n<tr>\r\n\t<td class=\"\">50&nbsp;g<\/td>\r\n\t<td>  Mehl<\/td>\r\n<\/tr>\n<tr>\r\n\t<td class=\"\">700&nbsp;ml<\/td>\r\n\t<td>  Milch<\/td>\r\n<\/tr>\n<tr>\r\n\t<td class=\"\"><\/td>\r\n\t<td> Muskatnuss<\/td>\r\n<\/tr>\n<tr>\r\n\t<td class=\"\">1&nbsp;TL<\/td>\r\n\t<td> gek\u00f6rnte Br\u00fche<\/td>\r\n<\/tr>\n<tr>\r\n\t<td class=\"\">1<\/td>\r\n\t<td>  Ei<\/td>\r\n<\/tr>\n<tr>\r\n\t<td class=\"\">200&nbsp;g<\/td>\r\n\t<td>  ger. Hartk\u00e4se<\/td>\r\n<\/tr>\n<\/table>\n<\/div><\/div>\n<div class=\"su-column su-column-size-3-5\"><div class=\"su-column-inner su-u-clearfix su-u-trim\">\n<h5>Zubereitung:<\/h5>\n<table class=\"rezepte zubereitung\">\n<tr>\r\n\t<td><span class=\"su-dropcap su-dropcap-style-light\" style=\"font-size:1em\">1<\/span><\/td>\r\n\t<td>\nAuberginen waschen, putzen, in Scheiben schneiden, salzen.<br \/>\n\r\n<\/td>\r\n<\/tr>\n<tr>\r\n\t<td><span class=\"su-dropcap su-dropcap-style-light\" style=\"font-size:1em\">2<\/span><\/td>\r\n\t<td>\nKartoffeln pellen, in Scheiben schneiden.<br \/>\n\r\n<\/td>\r\n<\/tr>\n<tr>\r\n\t<td><span class=\"su-dropcap su-dropcap-style-light\" style=\"font-size:1em\">3<\/span><\/td>\r\n\t<td>\nTomaten waschen, putzen, 2 Tomaten in Scheiben, die restlichen in kleine W\u00fcrfel schneiden.<br \/>\n\r\n<\/td>\r\n<\/tr>\n<tr>\r\n\t<td><span class=\"su-dropcap su-dropcap-style-light\" style=\"font-size:1em\">4<\/span><\/td>\r\n\t<td>\nZwiebeln sch\u00e4len und in kleine W\u00fcrfel schneiden.<br \/>\n\r\n<\/td>\r\n<\/tr>\n<tr>\r\n\t<td><span class=\"su-dropcap su-dropcap-style-light\" style=\"font-size:1em\">5<\/span><\/td>\r\n\t<td>\n2 EL \u00d6l in einem Topf oder in der Pfanne erhitzen, die Zwiebel and\u00fcnsten, das Hackfleisch zugeben und kr\u00fcmelig braten, w\u00fcrzen. Die Tomatenw\u00fcrfel und den entstandenen Saft zugeben und alles 10 Minuten k\u00f6cheln lassen, dann mit Salz und Pfeffer abschmecken.<br \/>\n\r\n<\/td>\r\n<\/tr>\n<tr>\r\n\t<td><span class=\"su-dropcap su-dropcap-style-light\" style=\"font-size:1em\">6<\/span><\/td>\r\n\t<td>\nButter in einem Topf erhitzen, Mehl einr\u00fchren und anschwitzen lassen, Milch angie\u00dfen, aufkochen und 3 Minuten unter R\u00fchren k\u00f6cheln lassen. Mit Salz, Pfeffer, Muskat und Br\u00fche w\u00fcrzen. Vom Herd nehmen.<br \/>\n\r\n<\/td>\r\n<\/tr>\n<tr>\r\n\t<td><span class=\"su-dropcap su-dropcap-style-light\" style=\"font-size:1em\">7<\/span><\/td>\r\n\t<td>\nEin Ei verquirlen, mit 3 EL der hei\u00dfen So\u00dfe verr\u00fchren und dann in die restliche So\u00dfe einr\u00fchren, 100&nbsp;g ger. K\u00e4se zugeben und schmelzen lassen, abschmecken.<br \/>\n\r\n<\/td>\r\n<\/tr>\n<tr>\r\n\t<td><span class=\"su-dropcap su-dropcap-style-light\" style=\"font-size:1em\">8<\/span><\/td>\r\n\t<td>\nDie Auberginenscheiben trocken tupfen, portionsweise in \u00d6l anbraten.<br \/>\n\r\n<\/td>\r\n<\/tr>\n<tr>\r\n\t<td><span class=\"su-dropcap su-dropcap-style-light\" style=\"font-size:1em\">9<\/span><\/td>\r\n\t<td>\nDen Backofen auf 200 Grad (Umluft 180 Grad) vorheizen.<br \/>\n\r\n<\/td>\r\n<\/tr>\n<tr>\r\n\t<td><span class=\"su-dropcap su-dropcap-style-light\" style=\"font-size:1em\">10<\/span><\/td>\r\n\t<td>\nEine Auflaufform ein\u00f6len. Kartoffeln, Hackfleisch, Kartoffeln, Auberginen, Hackfleisch, Kartoffeln in dieser Reihenfolge einschichten. Mit So\u00dfe begie\u00dfen, Tomatenscheiben und die restlichen Auberginenscheiben darauf verteilen. Mit K\u00e4se bestreuen und f\u00fcr ca. 45 Minuten in den Backofen (evtl. etwas abdecken).<br \/>\n\r\n<\/td>\r\n<\/tr>\n<tr>\r\n\t<td><span class=\"su-dropcap su-dropcap-style-light\" style=\"font-size:1em\">11<\/span><\/td>\r\n\t<td>\nAus dem Ofen nehmen, 10 Minuten ruhen lassen und dann servieren.<br \/>\n\r\n<\/td>\r\n<\/tr>\n<\/table>\n<\/div><\/div>\n<\/div>\n<\/div><\/div>\n<div class=\"su-spacer\" style=\"height:30px\"><\/div>\n<p style=\"margin: 0px\"><img loading=\"lazy\" decoding=\"async\" src=\"https:\/\/www.rwg-bayreuth.de\/home\/wp-content\/uploads\/2020\/06\/19-20-Ratatouille-Gratin.jpg\" alt=\"\" width=\"1024\" height=\"500\" class=\"alignnone size-full wp-image-26601\" srcset=\"https:\/\/www.rwg-bayreuth.de\/home\/wp-content\/uploads\/2020\/06\/19-20-Ratatouille-Gratin.jpg 1024w, https:\/\/www.rwg-bayreuth.de\/home\/wp-content\/uploads\/2020\/06\/19-20-Ratatouille-Gratin-450x220.jpg 450w, https:\/\/www.rwg-bayreuth.de\/home\/wp-content\/uploads\/2020\/06\/19-20-Ratatouille-Gratin-768x375.jpg 768w, https:\/\/www.rwg-bayreuth.de\/home\/wp-content\/uploads\/2020\/06\/19-20-Ratatouille-Gratin-250x122.jpg 250w\" sizes=\"(max-width: 1024px) 100vw, 1024px\" \/><\/p>\n<div class=\"sue-panel\" data-url=\"\" data-target=\"self\" style=\"background-color:#ffffff;color:#1a1a1a;border-radius:0px;box-shadow:3px 5px 10px gray;border:1px solid #cccccc\"><div class=\"sue-panel-content su-u-trim\" style=\"padding:15px;text-align:left\">\n<h1>Ratatouille-Gratin<\/h1>\n<h6>(f\u00fcr 4 Personen)<\/h6>\n<div class=\"su-row\"><div class=\"su-column su-column-size-2-5\"><div class=\"su-column-inner su-u-clearfix su-u-trim\">\n<h5>Zutaten:<\/h5>\n<table class=\"rezepte zutaten\">\n<tr>\r\n\t<td class=\"\">1<\/td>\r\n\t<td> Aubergine<\/td>\r\n<\/tr>\n<tr>\r\n\t<td class=\"\">1<\/td>\r\n\t<td> Zucchini<\/td>\r\n<\/tr>\n<tr>\r\n\t<td class=\"\">4<\/td>\r\n\t<td> Tomaten<\/td>\r\n<\/tr>\n<tr>\r\n\t<td class=\"\">1<\/td>\r\n\t<td> gelbe Paprikaschote<\/td>\r\n<\/tr>\n<tr>\r\n\t<td class=\"\">2&nbsp;Zweige<\/td>\r\n\t<td> Thymian<\/td>\r\n<\/tr>\n<tr>\r\n\t<td class=\"\">3&nbsp;EL<\/td>\r\n\t<td> Oliven\u00f6l<\/td>\r\n<\/tr>\n<tr>\r\n\t<td class=\"\"><\/td>\r\n\t<td> Salz, Pfeffer<\/td>\r\n<\/tr>\n<tr>\r\n\t<td class=\"\">200&nbsp;g<\/td>\r\n\t<td> Feta-K\u00e4se<\/td>\r\n<\/tr>\n<\/table>\n<\/div><\/div>\n<div class=\"su-column su-column-size-3-5\"><div class=\"su-column-inner su-u-clearfix su-u-trim\">\n<h5>Zubereitung:<\/h5>\n<table class=\"rezepte zubereitung\">\n<tr>\r\n\t<td><span class=\"su-dropcap su-dropcap-style-light\" style=\"font-size:1em\">1<\/span><\/td>\r\n\t<td>\nBackofen auf 200 Grad (Umluft 180 Grad) vorheizen.<br \/>\n\r\n<\/td>\r\n<\/tr>\n<tr>\r\n\t<td><span class=\"su-dropcap su-dropcap-style-light\" style=\"font-size:1em\">2<\/span><\/td>\r\n\t<td>\nAubergine, Zucchini, Tomaten waschen, putzen, in d\u00fcnne Scheiben schneiden. Paprika halbieren, putzen, entkernen, waschen und in Scheiben schneiden.<br \/>\n\r\n<\/td>\r\n<\/tr>\n<tr>\r\n\t<td><span class=\"su-dropcap su-dropcap-style-light\" style=\"font-size:1em\">3<\/span><\/td>\r\n\t<td>\nThymianbl\u00e4ttchen abzupfen, hacken.<br \/>\n\r\n<\/td>\r\n<\/tr>\n<tr>\r\n\t<td><span class=\"su-dropcap su-dropcap-style-light\" style=\"font-size:1em\">4<\/span><\/td>\r\n\t<td>\nDas Gem\u00fcse f\u00e4cherartig in eine gefettete Tarteform oder in eine ofenfeste Pfanne legen.<br \/>\n\r\n<\/td>\r\n<\/tr>\n<tr>\r\n\t<td><span class=\"su-dropcap su-dropcap-style-light\" style=\"font-size:1em\">5<\/span><\/td>\r\n\t<td>\nMit Thymian, Salz, Pfeffer gut w\u00fcrzen und mit etwas \u00d6l betr\u00e4ufeln.<br \/>\n\r\n<\/td>\r\n<\/tr>\n<tr>\r\n\t<td><span class=\"su-dropcap su-dropcap-style-light\" style=\"font-size:1em\">6<\/span><\/td>\r\n\t<td>\nDen Feta-K\u00e4se zerkr\u00fcmeln, \u00fcber das Gem\u00fcse streuen.<br \/>\n\r\n<\/td>\r\n<\/tr>\n<tr>\r\n\t<td><span class=\"su-dropcap su-dropcap-style-light\" style=\"font-size:1em\">7<\/span><\/td>\r\n\t<td>\nDas Gem\u00fcse jetzt f\u00fcr ca. 45 Minuten im Ofen \u00fcberbacken. (evtl. zwischendurch mit etwas Backpapier abdecken).<br \/>\n\r\n<\/td>\r\n<\/tr>\n<tr>\r\n\t<td><span class=\"su-dropcap su-dropcap-style-light\" style=\"font-size:1em\"><\/span><\/td>\r\n\t<td>\nDazu passt Fladenbrot und eine Tomatenso\u00dfe.<br \/>\n\r\n<\/td>\r\n<\/tr>\n<\/table>\n<\/div><\/div>\n<\/div>\n<h3>Tomatenso\u00dfe<\/h3>\n<div class=\"su-row\"><div class=\"su-column su-column-size-2-5\"><div class=\"su-column-inner su-u-clearfix su-u-trim\">\n<h5>Zutaten:<\/h5>\n<table class=\"rezepte zutaten\">\n<tr>\r\n\t<td class=\"\">1<\/td>\r\n\t<td> Zwiebel<\/td>\r\n<\/tr>\n<tr>\r\n\t<td class=\"\">1<\/td>\r\n\t<td> Knoblauchzehe<\/td>\r\n<\/tr>\n<tr>\r\n\t<td class=\"\">1&nbsp;EL<\/td>\r\n\t<td> Oliven\u00f6l<\/td>\r\n<\/tr>\n<tr>\r\n\t<td class=\"\">1&nbsp;EL<\/td>\r\n\t<td> Tomatenmark<\/td>\r\n<\/tr>\n<tr>\r\n\t<td class=\"\">400&nbsp;g<\/td>\r\n\t<td> st\u00fcckige Tomaten aus der Dose<\/td>\r\n<\/tr>\n<tr>\r\n\t<td class=\"\"><\/td>\r\n\t<td> Salz, Pfeffer, Zucker<\/td>\r\n<\/tr>\n<\/table>\n<\/div><\/div>\n<div class=\"su-column su-column-size-3-5\"><div class=\"su-column-inner su-u-clearfix su-u-trim\">\n<h5>Zubereitung:<\/h5>\n<table class=\"rezepte zubereitung\">\n<tr>\r\n\t<td><span class=\"su-dropcap su-dropcap-style-light\" style=\"font-size:1em\">1<\/span><\/td>\r\n\t<td>\nZwiebel und Knoblauch sch\u00e4len und in kleine W\u00fcrfel schneiden.<br \/>\n\r\n<\/td>\r\n<\/tr>\n<tr>\r\n\t<td><span class=\"su-dropcap su-dropcap-style-light\" style=\"font-size:1em\">2<\/span><\/td>\r\n\t<td>\nOliven\u00f6l in einem Topf erhitzen und Zwiebeln und Knoblauch and\u00fcnsten.\r\n<\/td>\r\n<\/tr>\n<tr>\r\n\t<td><span class=\"su-dropcap su-dropcap-style-light\" style=\"font-size:1em\">3<\/span><\/td>\r\n\t<td>\nTomatenmark zugeben und anr\u00f6sten.<br \/>\n\r\n<\/td>\r\n<\/tr>\n<tr>\r\n\t<td><span class=\"su-dropcap su-dropcap-style-light\" style=\"font-size:1em\">4<\/span><\/td>\r\n\t<td>\nTomaten aus der Dose zugeben und alles 10 Minuten k\u00f6cheln lassen.<br \/>\n\r\n<\/td>\r\n<\/tr>\n<tr>\r\n\t<td><span class=\"su-dropcap su-dropcap-style-light\" style=\"font-size:1em\">5<\/span><\/td>\r\n\t<td>\nMit Salz, Pfeffer und einer Prise Zucker abschmecken.<br \/>\n\r\n<\/td>\r\n<\/tr>\n<\/table>\n<\/div><\/div>\n<\/div>\n<\/div><\/div>\n<div class=\"su-spacer\" style=\"height:30px\"><\/div>\n<p>&nbsp;<\/p>\n<ul class=\"linkliste\">\n<li><a href=\"https:\/\/www.rwg-bayreuth.de\/home\/wp-content\/uploads\/2020\/06\/Urlaubsk\u00fcche-Griechenland-und-S\u00fcd-Frankreich.pdf\">Rezepte (pdf)<\/a><\/li>\n<\/ul>\n<p>&nbsp;<\/p>\n","protected":false},"excerpt":{"rendered":"<h3 >Hol dir den Urlaub nach Hause!<\/h3>\n<p>Die kulinarische Reise beginnt in Griechenland und f\u00fchrt anschlie\u00dfend nach S\u00fcdfrankreich.<\/p>\n","protected":false},"author":11,"featured_media":26625,"comment_status":"closed","ping_status":"closed","sticky":false,"template":"","format":"standard","meta":{"footnotes":""},"categories":[1],"tags":[51,120,128],"_links":{"self":[{"href":"https:\/\/www.rwg-bayreuth.de\/home\/index.php?rest_route=\/wp\/v2\/posts\/26600"}],"collection":[{"href":"https:\/\/www.rwg-bayreuth.de\/home\/index.php?rest_route=\/wp\/v2\/posts"}],"about":[{"href":"https:\/\/www.rwg-bayreuth.de\/home\/index.php?rest_route=\/wp\/v2\/types\/post"}],"author":[{"embeddable":true,"href":"https:\/\/www.rwg-bayreuth.de\/home\/index.php?rest_route=\/wp\/v2\/users\/11"}],"replies":[{"embeddable":true,"href":"https:\/\/www.rwg-bayreuth.de\/home\/index.php?rest_route=%2Fwp%2Fv2%2Fcomments&post=26600"}],"version-history":[{"count":23,"href":"https:\/\/www.rwg-bayreuth.de\/home\/index.php?rest_route=\/wp\/v2\/posts\/26600\/revisions"}],"predecessor-version":[{"id":26637,"href":"https:\/\/www.rwg-bayreuth.de\/home\/index.php?rest_route=\/wp\/v2\/posts\/26600\/revisions\/26637"}],"wp:featuredmedia":[{"embeddable":true,"href":"https:\/\/www.rwg-bayreuth.de\/home\/index.php?rest_route=\/wp\/v2\/media\/26625"}],"wp:attachment":[{"href":"https:\/\/www.rwg-bayreuth.de\/home\/index.php?rest_route=%2Fwp%2Fv2%2Fmedia&parent=26600"}],"wp:term":[{"taxonomy":"category","embeddable":true,"href":"https:\/\/www.rwg-bayreuth.de\/home\/index.php?rest_route=%2Fwp%2Fv2%2Fcategories&post=26600"},{"taxonomy":"post_tag","embeddable":true,"href":"https:\/\/www.rwg-bayreuth.de\/home\/index.php?rest_route=%2Fwp%2Fv2%2Ftags&post=26600"}],"curies":[{"name":"wp","href":"https:\/\/api.w.org\/{rel}","templated":true}]}}