{"id":26454,"date":"2020-05-22T07:35:48","date_gmt":"2020-05-22T05:35:48","guid":{"rendered":"http:\/\/www.rwg-bayreuth.de\/home\/?p=26454"},"modified":"2022-12-31T17:59:52","modified_gmt":"2022-12-31T16:59:52","slug":"26454","status":"publish","type":"post","link":"https:\/\/www.rwg-bayreuth.de\/home\/?p=26454","title":{"rendered":"Caf\u00e9&nbsp;\u03c0 trotz(t) Corona"},"content":{"rendered":"<p><a href=\"https:\/\/www.rwg-bayreuth.de\/home\/wp-content\/uploads\/2020\/05\/19-20-Flyer-CafePi.pdf\"><img loading=\"lazy\" decoding=\"async\" src=\"https:\/\/www.rwg-bayreuth.de\/home\/wp-content\/uploads\/2020\/05\/19-20-Flyer-CafePi.jpg\" alt=\"\" width=\"181\" height=\"256\" class=\"alignleft size-full wp-image-26512\" srcset=\"https:\/\/www.rwg-bayreuth.de\/home\/wp-content\/uploads\/2020\/05\/19-20-Flyer-CafePi.jpg 725w, https:\/\/www.rwg-bayreuth.de\/home\/wp-content\/uploads\/2020\/05\/19-20-Flyer-CafePi-319x450.jpg 319w, https:\/\/www.rwg-bayreuth.de\/home\/wp-content\/uploads\/2020\/05\/19-20-Flyer-CafePi-250x353.jpg 250w\" sizes=\"(max-width: 181px) 100vw, 181px\" \/><\/a>Nachdem die Coronakrise uns erst einmal zwang, den Caf\u00e9&nbsp;\u03c0-Betrieb etwas umzustrukturieren, kann er \u2013 trotz einiger Verz\u00f6gerungen \u2013 nun endlich starten! Deshalb m\u00f6chten wir uns gerne als neues Team vorstellen: Wir sind einige Sch\u00fcler der Q11, die nun bis zum Halbjahr n\u00e4chsten Schuljahres das Caf\u00e9 leiten werden, um euch in Mathe zu unterst\u00fctzen! Wenn ihr Fragen in Mathe habt und Hilfe braucht, k\u00f6nnt ihr euch einfach bei uns per E-Mail melden. Die E-Mail-Adresse findet ihr auf unseren <a href=\"https:\/\/www.rwg-bayreuth.de\/home\/wp-content\/uploads\/2020\/05\/19-20-Flyer-CafePi.pdf\">Flyern<\/a>, die \u00fcber ESIS verschickt wurden, und die auch eure Mathelehrer erhalten haben. Scheut euch nicht, uns zu schreiben! Dann k\u00f6nnen wir auch absprechen, wie genau wir weiter in Kontakt treten wollen: wir k\u00f6nnten zum Beispiel weiter \u00fcber E-Mail schreiben, aber auch WhatsApp, evtl. Videokonferenzen \u00fcber Jitsi oder einfach Telefongespr\u00e4che sind eine M\u00f6glichkeit!<\/p>\n<h6>Es freuen sich auf euch:<\/h6>\n<p><a href=\"https:\/\/www.rwg-bayreuth.de\/home\/wp-content\/uploads\/2020\/05\/Cafe-Pi.jpg\"><img loading=\"lazy\" decoding=\"async\" src=\"https:\/\/www.rwg-bayreuth.de\/home\/wp-content\/uploads\/2020\/05\/Cafe-Pi.jpg\" alt=\"\" width=\"1025\" height=\"684\" class=\"alignnone size-full wp-image-26455\" srcset=\"https:\/\/www.rwg-bayreuth.de\/home\/wp-content\/uploads\/2020\/05\/Cafe-Pi.jpg 1025w, https:\/\/www.rwg-bayreuth.de\/home\/wp-content\/uploads\/2020\/05\/Cafe-Pi-450x300.jpg 450w, https:\/\/www.rwg-bayreuth.de\/home\/wp-content\/uploads\/2020\/05\/Cafe-Pi-768x512.jpg 768w, https:\/\/www.rwg-bayreuth.de\/home\/wp-content\/uploads\/2020\/05\/Cafe-Pi-250x167.jpg 250w, https:\/\/www.rwg-bayreuth.de\/home\/wp-content\/uploads\/2020\/05\/Cafe-Pi-900x600.jpg 900w\" sizes=\"(max-width: 1025px) 100vw, 1025px\" \/><\/a><\/p>\n<ul class=\"linkliste\">\n<li><a href=\"https:\/\/www.rwg-bayreuth.de\/home\/wp-content\/uploads\/2020\/05\/19-20-Flyer-CafePi.pdf\">Flyer Cafe \u03c0<\/a><\/li>\n<\/ul>\n","protected":false},"excerpt":{"rendered":"<p>Nachdem die Coronakrise uns erst einmal zwang, den Caf\u00e9&nbsp;\u03c0-Betrieb etwas umzustrukturieren, kann er \u2013 trotz einiger Verz\u00f6gerungen \u2013 nun endlich starten! Deshalb m\u00f6chten wir uns gerne als neues Team vorstellen: Wir sind einige Sch\u00fcler der Q11, die nun bis zum Halbjahr n\u00e4chsten Schuljahres das Caf\u00e9 leiten werden, um euch in Mathe zu unterst\u00fctzen! Wenn ihr&hellip;<\/p>\n","protected":false},"author":11,"featured_media":26455,"comment_status":"closed","ping_status":"closed","sticky":false,"template":"","format":"standard","meta":{"footnotes":""},"categories":[1],"tags":[99,51,70,96,64],"_links":{"self":[{"href":"https:\/\/www.rwg-bayreuth.de\/home\/index.php?rest_route=\/wp\/v2\/posts\/26454"}],"collection":[{"href":"https:\/\/www.rwg-bayreuth.de\/home\/index.php?rest_route=\/wp\/v2\/posts"}],"about":[{"href":"https:\/\/www.rwg-bayreuth.de\/home\/index.php?rest_route=\/wp\/v2\/types\/post"}],"author":[{"embeddable":true,"href":"https:\/\/www.rwg-bayreuth.de\/home\/index.php?rest_route=\/wp\/v2\/users\/11"}],"replies":[{"embeddable":true,"href":"https:\/\/www.rwg-bayreuth.de\/home\/index.php?rest_route=%2Fwp%2Fv2%2Fcomments&post=26454"}],"version-history":[{"count":12,"href":"https:\/\/www.rwg-bayreuth.de\/home\/index.php?rest_route=\/wp\/v2\/posts\/26454\/revisions"}],"predecessor-version":[{"id":26521,"href":"https:\/\/www.rwg-bayreuth.de\/home\/index.php?rest_route=\/wp\/v2\/posts\/26454\/revisions\/26521"}],"wp:featuredmedia":[{"embeddable":true,"href":"https:\/\/www.rwg-bayreuth.de\/home\/index.php?rest_route=\/wp\/v2\/media\/26455"}],"wp:attachment":[{"href":"https:\/\/www.rwg-bayreuth.de\/home\/index.php?rest_route=%2Fwp%2Fv2%2Fmedia&parent=26454"}],"wp:term":[{"taxonomy":"category","embeddable":true,"href":"https:\/\/www.rwg-bayreuth.de\/home\/index.php?rest_route=%2Fwp%2Fv2%2Fcategories&post=26454"},{"taxonomy":"post_tag","embeddable":true,"href":"https:\/\/www.rwg-bayreuth.de\/home\/index.php?rest_route=%2Fwp%2Fv2%2Ftags&post=26454"}],"curies":[{"name":"wp","href":"https:\/\/api.w.org\/{rel}","templated":true}]}}