{"id":26200,"date":"2020-05-03T18:00:36","date_gmt":"2020-05-03T16:00:36","guid":{"rendered":"http:\/\/www.rwg-bayreuth.de\/home\/?p=26200"},"modified":"2020-05-07T22:02:24","modified_gmt":"2020-05-07T20:02:24","slug":"rezept-der-woche-3","status":"publish","type":"post","link":"https:\/\/www.rwg-bayreuth.de\/home\/?p=26200","title":{"rendered":"Rezept der Woche #3"},"content":{"rendered":"<p style=\"margin: 0px\"><img loading=\"lazy\" decoding=\"async\" src=\"https:\/\/www.rwg-bayreuth.de\/home\/wp-content\/uploads\/2020\/05\/Gem\u00fcsefrikadellen-mit-Joghurtsauce.jpg\" alt=\"\" width=\"1024\" height=\"498\" class=\"alignnone size-full wp-image-26202\" srcset=\"https:\/\/www.rwg-bayreuth.de\/home\/wp-content\/uploads\/2020\/05\/Gem\u00fcsefrikadellen-mit-Joghurtsauce.jpg 1024w, https:\/\/www.rwg-bayreuth.de\/home\/wp-content\/uploads\/2020\/05\/Gem\u00fcsefrikadellen-mit-Joghurtsauce-450x219.jpg 450w, https:\/\/www.rwg-bayreuth.de\/home\/wp-content\/uploads\/2020\/05\/Gem\u00fcsefrikadellen-mit-Joghurtsauce-768x374.jpg 768w, https:\/\/www.rwg-bayreuth.de\/home\/wp-content\/uploads\/2020\/05\/Gem\u00fcsefrikadellen-mit-Joghurtsauce-250x122.jpg 250w\" sizes=\"(max-width: 1024px) 100vw, 1024px\" \/><\/p>\n<div class=\"sue-panel\" data-url=\"\" data-target=\"self\" style=\"background-color:#ffffff;color:#1a1a1a;border-radius:0px;box-shadow:3px 5px 10px gray;border:1px solid #cccccc\"><div class=\"sue-panel-content su-u-trim\" style=\"padding:15px;text-align:left\">\n<h1>Bunte Gem\u00fcse-Frikadellen mit Joghurtsauce<\/h1>\n<h3>Gem\u00fcse-Frikadellen<\/h3>\n<div class=\"su-row\"><div class=\"su-column su-column-size-2-5\"><div class=\"su-column-inner su-u-clearfix su-u-trim\">\n<h5>Zutaten:<\/h5>\n<table class=\"rezepte zutaten\">\n<tr>\r\n\t<td class=\"\">100 g<\/td>\r\n\t<td> feine Haferflocken<\/td>\r\n<\/tr>\n<tr>\r\n\t<td class=\"\">60 g<\/td>\r\n\t<td> Mais aus der Dose<\/td>\r\n<\/tr>\n<tr>\r\n\t<td class=\"\">1<\/td>\r\n\t<td>  rote Paprikaschote<\/td>\r\n<\/tr>\n<tr>\r\n\t<td class=\"\">1&nbsp;Bund<\/td>\r\n\t<td> Schnittlauch<\/td>\r\n<\/tr>\n<tr>\r\n\t<td class=\"\">200 g<\/td>\r\n\t<td>  Magerquark<\/td>\r\n<\/tr>\n<tr>\r\n\t<td class=\"\">100 g<\/td>\r\n\t<td> Schafsk\u00e4se<\/td>\r\n<\/tr>\n<tr>\r\n\t<td class=\"\">4<\/td>\r\n\t<td> Eier<\/td>\r\n<\/tr>\n<tr>\r\n\t<td class=\"\">1&nbsp;EL<\/td>\r\n\t<td>  Senf<\/td>\r\n<\/tr>\n<tr>\r\n\t<td class=\"\"><\/td>\r\n\t<td> Salz, Pfeffer, Muskat<\/td>\r\n<\/tr>\n<tr>\r\n\t<td class=\"\"><\/td>\r\n\t<td> Raps\u00f6l<\/td>\r\n<\/tr>\n<\/table>\n<\/div><\/div>\n<div class=\"su-column su-column-size-3-5\"><div class=\"su-column-inner su-u-clearfix su-u-trim\">\n<h5>Zubereitung:<\/h5>\n<table class=\"rezepte zubereitung\">\n<tr>\r\n\t<td><span class=\"su-dropcap su-dropcap-style-light\" style=\"font-size:1em\">1<\/span><\/td>\r\n\t<td>\nDie Haferflocken in einer beschichteten Pfanne ohne Fett r\u00f6sten.<br \/>\n\r\n<\/td>\r\n<\/tr>\n<tr>\r\n\t<td><span class=\"su-dropcap su-dropcap-style-light\" style=\"font-size:1em\">2<\/span><\/td>\r\n\t<td>\nDen Mais in einem Sieb abtropfen lassen.<br \/>\nDie Paprikaschote waschen, halbieren, putzen und in sehr feine W\u00fcrfel schneiden.<br \/>\nDen Schnittlauch waschen und sehr fein schneiden.<br \/>\n\r\n<\/td>\r\n<\/tr>\n<tr>\r\n\t<td><span class=\"su-dropcap su-dropcap-style-light\" style=\"font-size:1em\">3<\/span><\/td>\r\n\t<td>\nDen Quark in eine Sch\u00fcssel geben, den Schafsk\u00e4se in W\u00fcrfel schneiden und zugeben.<br \/>\n\r\n<\/td>\r\n<\/tr>\n<tr>\r\n\t<td><span class=\"su-dropcap su-dropcap-style-light\" style=\"font-size:1em\">4<\/span><\/td>\r\n\t<td>\nDie Eier, den Mais, Paprika, Schnittlauch und Haferflocken untermischen und mit Senf, Salz, Pfeffer und Muskat abschmecken.<br \/>\n\r\n<\/td>\r\n<\/tr>\n<tr>\r\n\t<td><span class=\"su-dropcap su-dropcap-style-light\" style=\"font-size:1em\">5<\/span><\/td>\r\n\t<td>\nDie Masse zu Frikadellen formen.<br \/>\n\u00d6l in einer Pfanne erhitzen und die Frikadellen langsam bei mittlerer bis geringer Hitze 10 Minuten auf jeder Seite braten.<br \/>\n\r\n<\/td>\r\n<\/tr>\n<\/table>\n<\/div><\/div>\n<\/div>\n<h3>Joghturtsauce<\/h3>\n<div class=\"su-row\"><div class=\"su-column su-column-size-2-5\"><div class=\"su-column-inner su-u-clearfix su-u-trim\">\n<h5>Zutaten:<\/h5>\n<table class=\"rezepte zutaten\">\n<tr>\r\n\t<td class=\"\">500&nbsp;g<\/td>\r\n\t<td> Joghurt (10%)<\/td>\r\n<\/tr>\n<tr>\r\n\t<td class=\"\">1&nbsp;EL<\/td>\r\n\t<td> Zitronensaft<\/td>\r\n<\/tr>\n<tr>\r\n\t<td class=\"\">1<\/td>\r\n\t<td>  Salatgurke<\/td>\r\n<\/tr>\n<tr>\r\n\t<td class=\"\"><\/td>\r\n\t<td>  Salz, Pfeffer<\/td>\r\n<\/tr>\n<\/table>\n<\/div><\/div>\n<div class=\"su-column su-column-size-3-5\"><div class=\"su-column-inner su-u-clearfix su-u-trim\">\n<h5>Zubereitung:<\/h5>\n<table class=\"rezepte zubereitung\">\n<tr>\r\n\t<td><span class=\"su-dropcap su-dropcap-style-light\" style=\"font-size:1em\">1<\/span><\/td>\r\n\t<td>\nJoghurt mit Zitronensaft verr\u00fchren.<br \/>\n\r\n<\/td>\r\n<\/tr>\n<tr>\r\n\t<td><span class=\"su-dropcap su-dropcap-style-light\" style=\"font-size:1em\">2<\/span><\/td>\r\n\t<td>\nDie Salatgurke sch\u00e4len, grob raspeln, salzen und 10 Minuten stehen lassen, bis sich Gurkensaft abgesetzt hat.<br \/>\n\r\n<\/td>\r\n<\/tr>\n<tr>\r\n\t<td><span class=\"su-dropcap su-dropcap-style-light\" style=\"font-size:1em\">3<\/span><\/td>\r\n\t<td>\nDie Gurkenraspel in ein sauberes Tuch geben und den Saft auspressen. Die trockenen Gurkenraspel in den Joghurt geben und unterr\u00fchren, mit Salz und Pfeffer abschmecken.<br \/>\n\r\n<\/td>\r\n<\/tr>\n<tr>\r\n\t<td><span class=\"su-dropcap su-dropcap-style-light\" style=\"font-size:1em\">4<\/span><\/td>\r\n\t<td>\nDie Joghurtsauce zu den Gem\u00fcsefrikadellen reichen.<br \/>\n\r\n<\/td>\r\n<\/tr>\n<\/table>\n<\/div><\/div>\n<\/div>\n<\/div><\/div>\n<div class=\"su-spacer\" style=\"height:30px\"><\/div>\n<p style=\"margin: 0px\"><img loading=\"lazy\" decoding=\"async\" src=\"https:\/\/www.rwg-bayreuth.de\/home\/wp-content\/uploads\/2020\/05\/Pfirsich-Knusperecken.jpg\" alt=\"\" width=\"1024\" height=\"498\" class=\"alignnone size-full wp-image-26203\" srcset=\"https:\/\/www.rwg-bayreuth.de\/home\/wp-content\/uploads\/2020\/05\/Pfirsich-Knusperecken.jpg 1024w, https:\/\/www.rwg-bayreuth.de\/home\/wp-content\/uploads\/2020\/05\/Pfirsich-Knusperecken-450x219.jpg 450w, https:\/\/www.rwg-bayreuth.de\/home\/wp-content\/uploads\/2020\/05\/Pfirsich-Knusperecken-768x374.jpg 768w, https:\/\/www.rwg-bayreuth.de\/home\/wp-content\/uploads\/2020\/05\/Pfirsich-Knusperecken-250x122.jpg 250w\" sizes=\"(max-width: 1024px) 100vw, 1024px\" \/><\/p>\n<div class=\"sue-panel\" data-url=\"\" data-target=\"self\" style=\"background-color:#ffffff;color:#1a1a1a;border-radius:0px;box-shadow:3px 5px 10px gray;border:1px solid #cccccc\"><div class=\"sue-panel-content su-u-trim\" style=\"padding:15px;text-align:left\">\n<h1>Pfirsich-Knusperecken<\/h1>\n<div class=\"su-row\"><div class=\"su-column su-column-size-2-5\"><div class=\"su-column-inner su-u-clearfix su-u-trim\">\n<h5>Zutaten:<\/h5>\n<table class=\"rezepte zutaten\">\n<tr>\r\n\t<td class=\"\">1&nbsp;P.<\/td>\r\n\t<td> Bl\u00e4tterteig<\/td>\r\n<\/tr>\n<tr>\r\n\t<td class=\"\"><\/td>\r\n\t<td>  Aprikosenmarmelade ohne Fruchtst\u00fccke<\/td>\r\n<\/tr>\n<tr>\r\n\t<td class=\"\">1&nbsp;Dose<\/td>\r\n\t<td>  Pfirsichh\u00e4lften<\/td>\r\n<\/tr>\n<tr>\r\n\t<td class=\"\"><\/td>\r\n\t<td> Puderzucker<\/td>\r\n<\/tr>\n<\/table>\n<\/div><\/div>\n<div class=\"su-column su-column-size-3-5\"><div class=\"su-column-inner su-u-clearfix su-u-trim\">\n<h5>Zubereitung:<\/h5>\n<table class=\"rezepte zubereitung\">\n<tr>\r\n\t<td><span class=\"su-dropcap su-dropcap-style-light\" style=\"font-size:1em\">1<\/span><\/td>\r\n\t<td>\nBackofen auf 200 Grad (Umluft: 180 Grad) vorheizen.<br \/>\n\r\n<\/td>\r\n<\/tr>\n<tr>\r\n\t<td><span class=\"su-dropcap su-dropcap-style-light\" style=\"font-size:1em\">2<\/span><\/td>\r\n\t<td>\nBl\u00e4tterteigrolle mit Backpapier auf ein Backblech legen.<br \/>\n\r\n<\/td>\r\n<\/tr>\n<tr>\r\n\t<td><span class=\"su-dropcap su-dropcap-style-light\" style=\"font-size:1em\">3<\/span><\/td>\r\n\t<td>\nDie Marmelade d\u00fcnn auf den Bl\u00e4tterteig streichen, dabei einen Rand lassen.<br \/>\n\r\n<\/td>\r\n<\/tr>\n<tr>\r\n\t<td><span class=\"su-dropcap su-dropcap-style-light\" style=\"font-size:1em\">4<\/span><\/td>\r\n\t<td>\nPfirsichh\u00e4lften in einem Sieb gut abtropfen lassen und dann auf dem Bl\u00e4tterteig verteilen.<br \/>\n\r\n<\/td>\r\n<\/tr>\n<tr>\r\n\t<td><span class=\"su-dropcap su-dropcap-style-light\" style=\"font-size:1em\">5<\/span><\/td>\r\n\t<td>\nIm Ofen ca. 20 Minuten backen, danach in St\u00fccke schneiden und noch warm mit Puderzucker best\u00e4ubt servieren.<br \/>\n\r\n<\/td>\r\n<\/tr>\n<tr>\r\n\t<td><span class=\"su-dropcap su-dropcap-style-light\" style=\"font-size:1em\"><\/span><\/td>\r\n\t<td>\n<strong>Tipp:<\/strong> Du kannst es auch mit anderen Fr\u00fcchten und einer anderen Marmelade ausprobieren. Wie w\u00e4re es mit Kirschen oder Erdbeeren?<br \/>\n\r\n<\/td>\r\n<\/tr>\n<\/table>\n<\/div><\/div>\n<\/div>\n<\/div><\/div>\n<div class=\"su-spacer\" style=\"height:30px\"><\/div>\n<p>&nbsp;<\/p>\n<ul class=\"linkliste\">\n<li><a href=\"https:\/\/www.rwg-bayreuth.de\/home\/wp-content\/uploads\/2020\/05\/Gem\u00fcsefrikadellen-mit-Joghurtsauce-und-Pfirsich-Knusperecken.pdf\">Rezepte (pdf)<\/a><\/li>\n<\/ul>\n<p>&nbsp;<\/p>\n","protected":false},"excerpt":{"rendered":"<h6>Bunte Gem\u00fcse-Frikadellen mit Joghurtsauce   &#038;<\/h6>\n<h6>Pfirsich-Knusperecken<\/h6>\n","protected":false},"author":11,"featured_media":26204,"comment_status":"closed","ping_status":"closed","sticky":false,"template":"","format":"standard","meta":{"footnotes":""},"categories":[1],"tags":[51,120,128],"_links":{"self":[{"href":"https:\/\/www.rwg-bayreuth.de\/home\/index.php?rest_route=\/wp\/v2\/posts\/26200"}],"collection":[{"href":"https:\/\/www.rwg-bayreuth.de\/home\/index.php?rest_route=\/wp\/v2\/posts"}],"about":[{"href":"https:\/\/www.rwg-bayreuth.de\/home\/index.php?rest_route=\/wp\/v2\/types\/post"}],"author":[{"embeddable":true,"href":"https:\/\/www.rwg-bayreuth.de\/home\/index.php?rest_route=\/wp\/v2\/users\/11"}],"replies":[{"embeddable":true,"href":"https:\/\/www.rwg-bayreuth.de\/home\/index.php?rest_route=%2Fwp%2Fv2%2Fcomments&post=26200"}],"version-history":[{"count":12,"href":"https:\/\/www.rwg-bayreuth.de\/home\/index.php?rest_route=\/wp\/v2\/posts\/26200\/revisions"}],"predecessor-version":[{"id":26324,"href":"https:\/\/www.rwg-bayreuth.de\/home\/index.php?rest_route=\/wp\/v2\/posts\/26200\/revisions\/26324"}],"wp:featuredmedia":[{"embeddable":true,"href":"https:\/\/www.rwg-bayreuth.de\/home\/index.php?rest_route=\/wp\/v2\/media\/26204"}],"wp:attachment":[{"href":"https:\/\/www.rwg-bayreuth.de\/home\/index.php?rest_route=%2Fwp%2Fv2%2Fmedia&parent=26200"}],"wp:term":[{"taxonomy":"category","embeddable":true,"href":"https:\/\/www.rwg-bayreuth.de\/home\/index.php?rest_route=%2Fwp%2Fv2%2Fcategories&post=26200"},{"taxonomy":"post_tag","embeddable":true,"href":"https:\/\/www.rwg-bayreuth.de\/home\/index.php?rest_route=%2Fwp%2Fv2%2Ftags&post=26200"}],"curies":[{"name":"wp","href":"https:\/\/api.w.org\/{rel}","templated":true}]}}