{"id":26008,"date":"2020-04-26T21:00:36","date_gmt":"2020-04-26T19:00:36","guid":{"rendered":"http:\/\/www.rwg-bayreuth.de\/home\/?p=26008"},"modified":"2020-04-26T21:35:21","modified_gmt":"2020-04-26T19:35:21","slug":"rezept-der-woche-2","status":"publish","type":"post","link":"https:\/\/www.rwg-bayreuth.de\/home\/?p=26008","title":{"rendered":"Rezept der Woche #2"},"content":{"rendered":"<p style=\"margin: 0px\"><img loading=\"lazy\" decoding=\"async\" src=\"https:\/\/www.rwg-bayreuth.de\/home\/wp-content\/uploads\/2020\/04\/Linsenbolognese.jpg\" alt=\"\" width=\"1024\" height=\"498\" class=\"alignnone size-full wp-image-26011\" srcset=\"https:\/\/www.rwg-bayreuth.de\/home\/wp-content\/uploads\/2020\/04\/Linsenbolognese.jpg 1024w, https:\/\/www.rwg-bayreuth.de\/home\/wp-content\/uploads\/2020\/04\/Linsenbolognese-450x219.jpg 450w, https:\/\/www.rwg-bayreuth.de\/home\/wp-content\/uploads\/2020\/04\/Linsenbolognese-768x374.jpg 768w, https:\/\/www.rwg-bayreuth.de\/home\/wp-content\/uploads\/2020\/04\/Linsenbolognese-250x122.jpg 250w\" sizes=\"(max-width: 1024px) 100vw, 1024px\" \/><\/p>\n<div class=\"sue-panel\" data-url=\"\" data-target=\"self\" style=\"background-color:#ffffff;color:#1a1a1a;border-radius:0px;box-shadow:3px 5px 10px gray;border:1px solid #cccccc\"><div class=\"sue-panel-content su-u-trim\" style=\"padding:15px;text-align:left\">\n<h1>Linsenbolognese<\/h1>\n<p>Es muss nicht immer Fleisch sein!<br \/>\nDiese Bolognese-So\u00dfe ist mindestens genauso schmackhaft!<\/p>\n<div class=\"su-row\"><div class=\"su-column su-column-size-2-5\"><div class=\"su-column-inner su-u-clearfix su-u-trim\">\n<h5>Zutaten:<\/h5>\n<table class=\"rezepte zutaten\">\n<tr>\r\n\t<td class=\"\">&frac12;<\/td>\r\n\t<td> Zwiebel<\/td>\r\n<\/tr>\n<tr>\r\n\t<td class=\"\">1<\/td>\r\n\t<td> Knoblauchzehe<\/td>\r\n<\/tr>\n<tr>\r\n\t<td class=\"\">1<\/td>\r\n\t<td>  M\u00f6hre<\/td>\r\n<\/tr>\n<tr>\r\n\t<td class=\"\">50&nbsp;g<\/td>\r\n\t<td> Sellerie<\/td>\r\n<\/tr>\n<tr>\r\n\t<td class=\"\">&frac12; St.<\/td>\r\n\t<td>  Lauch<\/td>\r\n<\/tr>\n<tr>\r\n\t<td class=\"\">1 EL<\/td>\r\n\t<td> Oliven\u00f6l<\/td>\r\n<\/tr>\n<tr>\r\n\t<td class=\"\">1&frac12; EL<\/td>\r\n\t<td> Tomatenmark<\/td>\r\n<\/tr>\n<tr>\r\n\t<td class=\"\">100&nbsp;g<\/td>\r\n\t<td>  rote Linsen<\/td>\r\n<\/tr>\n<tr>\r\n\t<td class=\"\">250 ml<\/td>\r\n\t<td> Gem\u00fcsebr\u00fche<\/td>\r\n<\/tr>\n<tr>\r\n\t<td class=\"\">&frac12; D.<\/td>\r\n\t<td> Tomaten gehackt<\/td>\r\n<\/tr>\n<tr>\r\n\t<td class=\"\">&frac12; TL<\/td>\r\n\t<td> italienische Kr\u00e4uter<\/td>\r\n<\/tr>\n<tr>\r\n\t<td class=\"\"><\/td>\r\n\t<td> Salz und Pfeffer<\/td>\r\n<\/tr>\n<\/table>\n<\/div><\/div>\n<div class=\"su-column su-column-size-3-5\"><div class=\"su-column-inner su-u-clearfix su-u-trim\">\n<h5>Zubereitung:<\/h5>\n<table class=\"rezepte zubereitung\">\n<tr>\r\n\t<td><span class=\"su-dropcap su-dropcap-style-light\" style=\"font-size:1em\">1<\/span><\/td>\r\n\t<td>\nZwiebel und Knoblauch sch\u00e4len und sehr klein hacken.<br \/>\nM\u00f6hre und Sellerie sch\u00e4len und fein w\u00fcrfeln.<br \/>\nLauch putzen, waschen und in d\u00fcnne Ringe schneiden.<br \/>\n\r\n<\/td>\r\n<\/tr>\n<tr>\r\n\t<td><span class=\"su-dropcap su-dropcap-style-light\" style=\"font-size:1em\">2<\/span><\/td>\r\n\t<td>\n\u00d6l in einem Topf erhitzen und das Gem\u00fcse and\u00fcnsten.<br \/>\nTomatenmark zugeben und kurz mit and\u00fcnsten.<br \/>\n\r\n<\/td>\r\n<\/tr>\n<tr>\r\n\t<td><span class=\"su-dropcap su-dropcap-style-light\" style=\"font-size:1em\">3<\/span><\/td>\r\n\t<td>\nDie Linsen zugeben.<br \/>\nMit Br\u00fche abl\u00f6schen und 20 Minuten k\u00f6cheln lassen.<br \/>\n\r\n<\/td>\r\n<\/tr>\n<tr>\r\n\t<td><span class=\"su-dropcap su-dropcap-style-light\" style=\"font-size:1em\">4<\/span><\/td>\r\n\t<td>\nAm Schluss die Tomaten und die Gew\u00fcrze zugeben und abschmecken.<br \/>\nAlles noch einmal 10 Minuten k\u00f6cheln lassen.<br \/>\n\r\n<\/td>\r\n<\/tr>\n<tr>\r\n\t<td><span class=\"su-dropcap su-dropcap-style-light\" style=\"font-size:1em\"><\/span><\/td>\r\n\t<td>\nDazu passen alle Arten von Nudeln.<br \/>\n\r\n<\/td>\r\n<\/tr>\n<\/table>\n<\/div><\/div>\n<\/div>\n<\/div><\/div>\n<div class=\"su-spacer\" style=\"height:30px\"><\/div>\n<p style=\"margin: 0px\"><img loading=\"lazy\" decoding=\"async\" src=\"https:\/\/www.rwg-bayreuth.de\/home\/wp-content\/uploads\/2020\/04\/Mandel-M\u00f6hren-Muffins.jpg\" alt=\"\" width=\"1024\" height=\"498\" class=\"alignnone size-full wp-image-26009\" srcset=\"https:\/\/www.rwg-bayreuth.de\/home\/wp-content\/uploads\/2020\/04\/Mandel-M\u00f6hren-Muffins.jpg 1024w, https:\/\/www.rwg-bayreuth.de\/home\/wp-content\/uploads\/2020\/04\/Mandel-M\u00f6hren-Muffins-450x219.jpg 450w, https:\/\/www.rwg-bayreuth.de\/home\/wp-content\/uploads\/2020\/04\/Mandel-M\u00f6hren-Muffins-768x374.jpg 768w, https:\/\/www.rwg-bayreuth.de\/home\/wp-content\/uploads\/2020\/04\/Mandel-M\u00f6hren-Muffins-250x122.jpg 250w\" sizes=\"(max-width: 1024px) 100vw, 1024px\" \/><\/p>\n<div class=\"sue-panel\" data-url=\"\" data-target=\"self\" style=\"background-color:#ffffff;color:#1a1a1a;border-radius:0px;box-shadow:3px 5px 10px gray;border:1px solid #cccccc\"><div class=\"sue-panel-content su-u-trim\" style=\"padding:15px;text-align:left\">\n<h1>M\u00f6hren-Mandel-Muffins<\/h1>\n<div class=\"su-row\"><div class=\"su-column su-column-size-2-5\"><div class=\"su-column-inner su-u-clearfix su-u-trim\">\n<h5>Zutaten:<\/h5>\n<table class=\"rezepte zutaten\">\n<tr>\r\n\t<td class=\"\">100&nbsp;g<\/td>\r\n\t<td> Butter<\/td>\r\n<\/tr>\n<tr>\r\n\t<td class=\"\">100&nbsp;g<\/td>\r\n\t<td> M\u00f6hren<\/td>\r\n<\/tr>\n<tr>\r\n\t<td class=\"\">1<\/td>\r\n\t<td>  Orange<\/td>\r\n<\/tr>\n<tr>\r\n\t<td class=\"\">2<\/td>\r\n\t<td>  Eier<\/td>\r\n<\/tr>\n<tr>\r\n\t<td class=\"\">80&nbsp;g<\/td>\r\n\t<td> Zucker<\/td>\r\n<\/tr>\n<tr>\r\n\t<td class=\"\">1&nbsp;P.<\/td>\r\n\t<td>Vanillezucker<\/td>\r\n<\/tr>\n<tr>\r\n\t<td class=\"\">125&nbsp;g<\/td>\r\n\t<td> Mehl(Magerstufe)<\/td>\r\n<\/tr>\n<tr>\r\n\t<td class=\"\">50&nbsp;g<\/td>\r\n\t<td> Mandeln gem.<\/td>\r\n<\/tr>\n<tr>\r\n\t<td class=\"\">&frac14; TL<\/td>\r\n\t<td>  Backpulver<\/td>\r\n<\/tr>\n<\/table>\n<\/div><\/div>\n<div class=\"su-column su-column-size-3-5\"><div class=\"su-column-inner su-u-clearfix su-u-trim\">\n<h5>Zubereitung:<\/h5>\n<table class=\"rezepte zubereitung\">\n<tr>\r\n\t<td><span class=\"su-dropcap su-dropcap-style-light\" style=\"font-size:1em\">1<\/span><\/td>\r\n\t<td>\nBackofen auf 180 Grad (Umluft 160 Grad) vorheizen.<br \/>\n\r\n<\/td>\r\n<\/tr>\n<tr>\r\n\t<td><span class=\"su-dropcap su-dropcap-style-light\" style=\"font-size:1em\">2<\/span><\/td>\r\n\t<td>\nMuffinform einfetten oder mit Papierf\u00f6rmchen auslegen.<br \/>\n\r\n<\/td>\r\n<\/tr>\n<tr>\r\n\t<td><span class=\"su-dropcap su-dropcap-style-light\" style=\"font-size:1em\">3<\/span><\/td>\r\n\t<td>\nM\u00f6hre sch\u00e4len und fein raspeln.<br \/>\nOrange auspressen, mit den M\u00f6hrenraspeln vermischen.<br \/>\n\r\n<\/td>\r\n<\/tr>\n<tr>\r\n\t<td><span class=\"su-dropcap su-dropcap-style-light\" style=\"font-size:1em\">4<\/span><\/td>\r\n\t<td>\nButter zerlassen.<br \/>\n\r\n<\/td>\r\n<\/tr>\n<tr>\r\n\t<td><span class=\"su-dropcap su-dropcap-style-light\" style=\"font-size:1em\">5<\/span><\/td>\r\n\t<td>\nEier mit Zucker und Vanillezucker verr\u00fchren, M\u00f6hrenraspel unterr\u00fchren.<br \/>\n\r\n<\/td>\r\n<\/tr>\n<tr>\r\n\t<td><span class=\"su-dropcap su-dropcap-style-light\" style=\"font-size:1em\">6<\/span><\/td>\r\n\t<td>\nMehl mit Backpulver und Mandeln mischen, unter den Teig heben.<br \/>\nDie zerlassene Butter unterr\u00fchren.<br \/>\n\r\n<\/td>\r\n<\/tr>\n<tr>\r\n\t<td><span class=\"su-dropcap su-dropcap-style-light\" style=\"font-size:1em\">7<\/span><\/td>\r\n\t<td>\nDen Teig in die Muffinsform f\u00fcllen und auf mittlerer Schiene ca. 25 Minuten backen.<br \/>\n\r\n<\/td>\r\n<\/tr>\n<tr>\r\n\t<td><span class=\"su-dropcap su-dropcap-style-light\" style=\"font-size:1em\">8<\/span><\/td>\r\n\t<td>\nNach dem Backen in der Form etwas abk\u00fchlen lassen und dann erst aus der Form l\u00f6sen.<br \/>\n\r\n<\/td>\r\n<\/tr>\n<\/table>\n<\/div><\/div>\n<\/div>\n<\/div><\/div>\n<div class=\"su-spacer\" style=\"height:30px\"><\/div>\n<p style=\"margin: 0px\"><img loading=\"lazy\" decoding=\"async\" src=\"https:\/\/www.rwg-bayreuth.de\/home\/wp-content\/uploads\/2020\/04\/Topping.jpg\" alt=\"\" width=\"1024\" height=\"498\" class=\"alignnone size-full wp-image-26024\" srcset=\"https:\/\/www.rwg-bayreuth.de\/home\/wp-content\/uploads\/2020\/04\/Topping.jpg 1024w, https:\/\/www.rwg-bayreuth.de\/home\/wp-content\/uploads\/2020\/04\/Topping-450x219.jpg 450w, https:\/\/www.rwg-bayreuth.de\/home\/wp-content\/uploads\/2020\/04\/Topping-768x374.jpg 768w, https:\/\/www.rwg-bayreuth.de\/home\/wp-content\/uploads\/2020\/04\/Topping-250x122.jpg 250w\" sizes=\"(max-width: 1024px) 100vw, 1024px\" \/><\/p>\n<div class=\"sue-panel\" data-url=\"\" data-target=\"self\" style=\"background-color:#ffffff;color:#1a1a1a;border-radius:0px;box-shadow:3px 5px 10px gray;border:1px solid #cccccc\"><div class=\"sue-panel-content su-u-trim\" style=\"padding:15px;text-align:left\">\n<h1>Topping\/Creme<\/h1>\n<div class=\"su-row\"><div class=\"su-column su-column-size-2-5\"><div class=\"su-column-inner su-u-clearfix su-u-trim\">\n<h5>Zutaten:<\/h5>\n<table class=\"rezepte zutaten\">\n<tr>\r\n\t<td class=\"\">75&nbsp;ml<\/td>\r\n\t<td> Orangensaft<\/td>\r\n<\/tr>\n<tr>\r\n\t<td class=\"\">1&nbsp;TL<\/td>\r\n\t<td> Honig<\/td>\r\n<\/tr>\n<tr>\r\n\t<td class=\"\">1&nbsp;TL<\/td>\r\n\t<td>  Speisest\u00e4rke<\/td>\r\n<\/tr>\n<tr>\r\n\t<td class=\"\">25&nbsp;g<\/td>\r\n\t<td>  Butter<\/td>\r\n<\/tr>\n<tr>\r\n\t<td class=\"\">175&nbsp;g<\/td>\r\n\t<td> Doppelrahm-Frischk\u00e4se<\/td>\r\n<\/tr>\n<tr>\r\n\t<td class=\"\">60&nbsp;g<\/td>\r\n\t<td>Puderzucker<\/td>\r\n<\/tr>\n<\/table>\n<\/div><\/div>\n<div class=\"su-column su-column-size-3-5\"><div class=\"su-column-inner su-u-clearfix su-u-trim\">\n<h5>Zubereitung:<\/h5>\n<table class=\"rezepte zubereitung\">\n<tr>\r\n\t<td><span class=\"su-dropcap su-dropcap-style-light\" style=\"font-size:1em\">1<\/span><\/td>\r\n\t<td>\nOrangensaft, Honig und St\u00e4rke in einem Topf verr\u00fchren. Unter R\u00fchren aufkochen und r\u00fchren, bis die Masse leicht dicklich ist. Abk\u00fchlen lassen.<br \/>\n\r\n<\/td>\r\n<\/tr>\n<tr>\r\n\t<td><span class=\"su-dropcap su-dropcap-style-light\" style=\"font-size:1em\">2<\/span><\/td>\r\n\t<td>\nButter zerlassen.<br \/>\n\r\n<\/td>\r\n<\/tr>\n<tr>\r\n\t<td><span class=\"su-dropcap su-dropcap-style-light\" style=\"font-size:1em\">3<\/span><\/td>\r\n\t<td>\nFrischk\u00e4se mit Puderzucker und Orangenmasse glatt r\u00fchren und die zerlassene Butter unterr\u00fchren.<br \/>\n\r\n<\/td>\r\n<\/tr>\n<tr>\r\n\t<td><span class=\"su-dropcap su-dropcap-style-light\" style=\"font-size:1em\">4<\/span><\/td>\r\n\t<td>\nCreme in einen Spritzbeutel mit Locht\u00fclle f\u00fcllen und auf die ausgek\u00fchlten Muffins spritzen.<br \/>\n\r\n<\/td>\r\n<\/tr>\n<\/table>\n<\/div><\/div>\n<\/div>\n<h4>Wenn es schnell gehen soll, hier die Alternative f\u00fcr das Topping:<\/h4>\n<p>250&nbsp;ml Rama Cremefine mit 1&nbsp;P. Vanillezucker steif schlagen,<br \/>\n&frac12;&nbsp;TL abger. Orangenschale unterheben.<br \/>\nDie Creme mit einem Spritzbeutel auf die Muffins spritzen.<br \/>\n<\/div><\/div>\n<p>&nbsp;<\/p>\n<ul class=\"linkliste\">\n<li><a href=\"https:\/\/www.rwg-bayreuth.de\/home\/wp-content\/uploads\/2020\/04\/Linsenbolognese-und-Mandel-M\u00f6hren-Muffins.pdf\">Rezepte (pdf)<\/a><\/li>\n<\/ul>\n<p>&nbsp;<\/p>\n","protected":false},"excerpt":{"rendered":"<h6>Linsenbolognese   &#038;<\/h6>\n<h6>M\u00f6hren-Mandel-Muffins<\/h6>\n","protected":false},"author":11,"featured_media":26010,"comment_status":"closed","ping_status":"closed","sticky":false,"template":"","format":"standard","meta":{"footnotes":""},"categories":[1],"tags":[51,120,128],"_links":{"self":[{"href":"https:\/\/www.rwg-bayreuth.de\/home\/index.php?rest_route=\/wp\/v2\/posts\/26008"}],"collection":[{"href":"https:\/\/www.rwg-bayreuth.de\/home\/index.php?rest_route=\/wp\/v2\/posts"}],"about":[{"href":"https:\/\/www.rwg-bayreuth.de\/home\/index.php?rest_route=\/wp\/v2\/types\/post"}],"author":[{"embeddable":true,"href":"https:\/\/www.rwg-bayreuth.de\/home\/index.php?rest_route=\/wp\/v2\/users\/11"}],"replies":[{"embeddable":true,"href":"https:\/\/www.rwg-bayreuth.de\/home\/index.php?rest_route=%2Fwp%2Fv2%2Fcomments&post=26008"}],"version-history":[{"count":14,"href":"https:\/\/www.rwg-bayreuth.de\/home\/index.php?rest_route=\/wp\/v2\/posts\/26008\/revisions"}],"predecessor-version":[{"id":26059,"href":"https:\/\/www.rwg-bayreuth.de\/home\/index.php?rest_route=\/wp\/v2\/posts\/26008\/revisions\/26059"}],"wp:featuredmedia":[{"embeddable":true,"href":"https:\/\/www.rwg-bayreuth.de\/home\/index.php?rest_route=\/wp\/v2\/media\/26010"}],"wp:attachment":[{"href":"https:\/\/www.rwg-bayreuth.de\/home\/index.php?rest_route=%2Fwp%2Fv2%2Fmedia&parent=26008"}],"wp:term":[{"taxonomy":"category","embeddable":true,"href":"https:\/\/www.rwg-bayreuth.de\/home\/index.php?rest_route=%2Fwp%2Fv2%2Fcategories&post=26008"},{"taxonomy":"post_tag","embeddable":true,"href":"https:\/\/www.rwg-bayreuth.de\/home\/index.php?rest_route=%2Fwp%2Fv2%2Ftags&post=26008"}],"curies":[{"name":"wp","href":"https:\/\/api.w.org\/{rel}","templated":true}]}}