{"id":2600,"date":"2013-10-04T08:07:47","date_gmt":"2013-10-04T07:07:47","guid":{"rendered":"http:\/\/www.rwg-bayreuth.de\/home\/?p=2600"},"modified":"2013-10-04T08:07:57","modified_gmt":"2013-10-04T07:07:57","slug":"auszeichnung-fur-die-besten-energiespar-klassen-bayerns","status":"publish","type":"post","link":"https:\/\/www.rwg-bayreuth.de\/home\/?p=2600","title":{"rendered":"Auszeichnung f\u00fcr die besten Energiespar-Klassen Bayerns"},"content":{"rendered":"<div id=\"attachment_2601\" style=\"width: 360px\" class=\"wp-caption alignleft\"><a href=\"https:\/\/www.rwg-bayreuth.de\/home\/wp-content\/uploads\/2013\/10\/2013_CO2-Maus_web.jpg\"><img loading=\"lazy\" decoding=\"async\" aria-describedby=\"caption-attachment-2601\" src=\"https:\/\/www.rwg-bayreuth.de\/home\/wp-content\/uploads\/2013\/10\/2013_CO2-Maus_web.jpg\" alt=\"Martin Aufmuth, Bernd Sibler, Constanze Hofmann, Rainer F\u00fcrhaupter (hinten von links) mit f\u00fcnf Sch\u00fclerinnen der Klasse 6c des Richard-Wagner-Gymnasiums bei der Preisverleihung\" width=\"350\" height=\"234\" class=\"size-full wp-image-2601\" srcset=\"https:\/\/www.rwg-bayreuth.de\/home\/wp-content\/uploads\/2013\/10\/2013_CO2-Maus_web.jpg 350w, https:\/\/www.rwg-bayreuth.de\/home\/wp-content\/uploads\/2013\/10\/2013_CO2-Maus_web-150x100.jpg 150w, https:\/\/www.rwg-bayreuth.de\/home\/wp-content\/uploads\/2013\/10\/2013_CO2-Maus_web-300x200.jpg 300w, https:\/\/www.rwg-bayreuth.de\/home\/wp-content\/uploads\/2013\/10\/2013_CO2-Maus_web-250x167.jpg 250w\" sizes=\"(max-width: 350px) 100vw, 350px\" \/><\/a><p id=\"caption-attachment-2601\" class=\"wp-caption-text\">Martin Aufmuth, Bernd Sibler, Constanze Hofmann, Rainer F\u00fcrhaupter (hinten von links) mit f\u00fcnf Sch\u00fclerinnen der Klasse 6c des Richard-Wagner-Gymnasiums bei der Preisverleihung<\/p><\/div>Die jetzige Klasse 6c des Richard-Wagner-Gymnasiums war letztes Jahr eine der sechs Klassen, die aus insgesamt 270 Klassen, ihre CO2-M\u00e4use so erfolgreich gef\u00fcttert haben, dass sie am 30.9.2013 in Gaimersheim bei Ingolstadt daf\u00fcr ausgezeichnet wurden. Unter den sechs besten Klassen wurde ein 1. Platz und f\u00fcnf 2. Pl\u00e4tze verlost.<\/p>\n<p>Insgesamt 3.300 Tonnen des Treibhausgases Kohlenstoffdioxid haben rund 2.200 Sch\u00fclerinnen und Sch\u00fcler beim Wettbewerb \u201eDie CO2-Maus \u2013 Wir retten unser Klima\u201c im Schuljahr 2012\/2013 eingespart und diese auf der Online-Plattform www.co2maus.de gegen virtuelles M\u00e4usefutter eingetauscht. Ziel des Wettbewerbs war es, junge Menschen von einer nachhaltigen und klimabewussten Lebensgestaltung zu \u00fcberzeugen.<br \/>\nH\u00f6chst motiviert tauschten die RWGler Gl\u00fch- gegen Energiesparlampen, fuhren noch \u00f6fter als sonst mit dem Rad, verk\u00fcrzten ihre Duschzeiten und \u00fcberzeugten ihre Eltern mit selbst durchgef\u00fchrten Tests von der sinnvollen Anschaffung eines energieeffizienteren K\u00fchlschranks.<\/p>\n<p>Stellvertretend f\u00fcr ihre Klasse nahmen vier Sch\u00fclerinnen und ein Sch\u00fcler des RWGs, der Lehrer Herr Florian Mehling und die betreuende Lehrkraft, Frau Constanze Hofmann, im Rahmen einer feierlichen Preisverleihung Urkunde, Sach- und Geldpreise von Bernd Sibler, Staatssekret\u00e4r im Staatsministerium f\u00fcr Unterricht und Kultus, und Rainer F\u00fcrhaupter, Vorstandsmitglied der Versicherungskammer Bayern, entgegen. Herr Martin Aufmuth, der Initiator des Projektes, das gleich im ersten Jahr (2009) mit dem Deutschen Klimapreis ausgezeichnet worden ist, begl\u00fcckw\u00fcnschte die strahlenden Sieger zu ihrem erfolgreichen Beitrag zum Klimaschutz. Die landesweite Initiative \u201eco2maus\u201c steht unter der Schirmherrschaft von Kultusminister Dr. Ludwig Spaenle sowie Umweltminister Dr. Marcel Huber.<\/p>\n<p>\u201eDie jungen Teilnehmer waren bereit, Gewohnheiten zu \u00fcberdenken und Verhaltensweisen zu \u00e4ndern. Sie haben damit Verantwortung f\u00fcr die Umwelt \u00fcbernommen und gezeigt, dass jeder Einzelne seinen Teil zum Klimaschutz beitragen kann. Meinen Respekt daf\u00fcr!\u201c, sagte Staatssekret\u00e4r Sibler bei der Preisverleihung.<br \/>\nDas RWG ist stolz auf seine Preistr\u00e4ger, die schon in so jungen Jahren erkannt haben, wie wichtig ein verantwortungsvoller Umgang mit unserer Natur ist.<\/p>\n","protected":false},"excerpt":{"rendered":"<p>Die jetzige Klasse 6c des Richard-Wagner-Gymnasiums war letztes Jahr eine der sechs Klassen, die aus insgesamt 270 Klassen, ihre CO2-M\u00e4use so erfolgreich gef\u00fcttert haben, dass sie am 30.9.2013 in Gaimersheim bei Ingolstadt daf\u00fcr ausgezeichnet wurden. Unter den sechs besten Klassen wurde ein 1. Platz und f\u00fcnf 2. Pl\u00e4tze verlost. Insgesamt 3.300 Tonnen des Treibhausgases Kohlenstoffdioxid&hellip;<\/p>\n","protected":false},"author":2,"featured_media":0,"comment_status":"closed","ping_status":"closed","sticky":false,"template":"","format":"standard","meta":{"footnotes":""},"categories":[1],"tags":[],"_links":{"self":[{"href":"https:\/\/www.rwg-bayreuth.de\/home\/index.php?rest_route=\/wp\/v2\/posts\/2600"}],"collection":[{"href":"https:\/\/www.rwg-bayreuth.de\/home\/index.php?rest_route=\/wp\/v2\/posts"}],"about":[{"href":"https:\/\/www.rwg-bayreuth.de\/home\/index.php?rest_route=\/wp\/v2\/types\/post"}],"author":[{"embeddable":true,"href":"https:\/\/www.rwg-bayreuth.de\/home\/index.php?rest_route=\/wp\/v2\/users\/2"}],"replies":[{"embeddable":true,"href":"https:\/\/www.rwg-bayreuth.de\/home\/index.php?rest_route=%2Fwp%2Fv2%2Fcomments&post=2600"}],"version-history":[{"count":2,"href":"https:\/\/www.rwg-bayreuth.de\/home\/index.php?rest_route=\/wp\/v2\/posts\/2600\/revisions"}],"predecessor-version":[{"id":2603,"href":"https:\/\/www.rwg-bayreuth.de\/home\/index.php?rest_route=\/wp\/v2\/posts\/2600\/revisions\/2603"}],"wp:attachment":[{"href":"https:\/\/www.rwg-bayreuth.de\/home\/index.php?rest_route=%2Fwp%2Fv2%2Fmedia&parent=2600"}],"wp:term":[{"taxonomy":"category","embeddable":true,"href":"https:\/\/www.rwg-bayreuth.de\/home\/index.php?rest_route=%2Fwp%2Fv2%2Fcategories&post=2600"},{"taxonomy":"post_tag","embeddable":true,"href":"https:\/\/www.rwg-bayreuth.de\/home\/index.php?rest_route=%2Fwp%2Fv2%2Ftags&post=2600"}],"curies":[{"name":"wp","href":"https:\/\/api.w.org\/{rel}","templated":true}]}}