{"id":25843,"date":"2020-02-24T17:11:11","date_gmt":"2020-02-24T16:11:11","guid":{"rendered":"http:\/\/www.rwg-bayreuth.de\/home\/?p=25843"},"modified":"2020-06-04T14:50:02","modified_gmt":"2020-06-04T12:50:02","slug":"hochschulinformationstag-an-der-uni-bayreuth","status":"publish","type":"post","link":"https:\/\/www.rwg-bayreuth.de\/home\/?p=25843","title":{"rendered":"Hochschulinformationstag an der Uni Bayreuth"},"content":{"rendered":"<p><img loading=\"lazy\" decoding=\"async\" src=\"https:\/\/www.rwg-bayreuth.de\/home\/wp-content\/uploads\/2014\/07\/Logo-Uni-Bayreuth.png\" alt=\"\" width=\"640\" height=\"198\" class=\"alignleft size-full wp-image-3807\" srcset=\"https:\/\/www.rwg-bayreuth.de\/home\/wp-content\/uploads\/2014\/07\/Logo-Uni-Bayreuth.png 640w, https:\/\/www.rwg-bayreuth.de\/home\/wp-content\/uploads\/2014\/07\/Logo-Uni-Bayreuth-450x139.png 450w, https:\/\/www.rwg-bayreuth.de\/home\/wp-content\/uploads\/2014\/07\/Logo-Uni-Bayreuth-250x77.png 250w, https:\/\/www.rwg-bayreuth.de\/home\/wp-content\/uploads\/2014\/07\/Logo-Uni-Bayreuth-600x186.png 600w\" sizes=\"(max-width: 640px) 100vw, 640px\" \/><\/p>\n<p class=\"clear\">Abi und was nun? Diese Frage stellen sich viele. Den meisten wurde diese Frage durch die Berufs- und Studienorientierungsphase, kurz BuS-Phase, beantwortet, innerhalb welcher wir uns intensiv mit unserem Wunschberuf(-sfeld) auseinandergesetzt haben, sowie zahlreiche Workshops und Veranstaltungen, das Berufsleben betreffend, besuchten.<\/p>\n<p>Darunter auch der Hochschulinformationstag der Universit\u00e4t Bayreuth am 20.02.2020, an welchem wir die M\u00f6glichkeit hatten, an Vorstellungen einzelner Fachbereiche und Probevorlesungen unterschiedlicher Studieng\u00e4nge teilzunehmen, sowie den Campus der Uni zu erkunden.<br \/>\nDer Tag startete f\u00fcr uns um 9.30 Uhr und begann mit der Suche des richtigen H\u00f6rsaals, was manchen, aufgrund des gro\u00dfen Campus der Uni, Schwierigkeiten bereitete. Im richtigen H\u00f6rsaal angekommen fand eine Vorstellung des jeweiligen Fachbereichs statt, in welcher man einen Einblick in das Studienangebot, die Schwerpunkte des Studiums, sowie die Voraussetzungen des Studiengangs, erhielt.<br \/>\nNeben den Vorstellungen gab es auch die M\u00f6glichkeit an Probevorlesungen teilzunehmen, die die Inhalte des Studienganges veranschaulichten und durch abschlie\u00dfende Fragen an die Dozenten abgerundet wurden.<br \/>\nNach drei Vortr\u00e4gen konnten wir uns in der Mittagspause zus\u00e4tzlich noch an zahlreichen St\u00e4nden \u00fcber unterschiedliche Studieng\u00e4nge informieren und dazu beraten lassen.<br \/>\nDanach ging es weiter zu zwei Vorlesungen, bis der Tag um 15.00 Uhr, mit der letzten Probevorlesung, endete.<\/p>\n<p>Der Hochschulinformationstag hat die Bus-Phase gut erg\u00e4nzt und man konnte viele Eindr\u00fccke sammeln. Durch das gro\u00dfe Angebot an Vortr\u00e4gen, hatte man die M\u00f6glichkeit, sich auch fernab von seinem Wunsch-Berufsfeld zu informieren und der ein oder andere hat sich an diesem Tag vielleicht auch von einem anderen Fachbereich begeistern lassen und hat dadurch einen Studiengang f\u00fcr sich entdeckt, der vorher f\u00fcr ihn nicht infrage kam.<\/p>\n<p><em>Christina Grauling, Q11<\/em><\/p>\n","protected":false},"excerpt":{"rendered":"<p>Abi und was nun? Diese Frage stellen sich viele. Den meisten wurde diese Frage durch die Berufs- und Studienorientierungsphase, kurz BuS-Phase, beantwortet, innerhalb welcher wir uns intensiv mit unserem Wunschberuf(-sfeld) auseinandergesetzt haben, sowie zahlreiche Workshops und Veranstaltungen, das Berufsleben betreffend, besuchten. Darunter auch der Hochschulinformationstag der Universit\u00e4t Bayreuth am 20.02.2020, an welchem wir die M\u00f6glichkeit&hellip;<\/p>\n","protected":false},"author":11,"featured_media":25847,"comment_status":"closed","ping_status":"closed","sticky":false,"template":"","format":"standard","meta":{"footnotes":""},"categories":[1],"tags":[37,51],"_links":{"self":[{"href":"https:\/\/www.rwg-bayreuth.de\/home\/index.php?rest_route=\/wp\/v2\/posts\/25843"}],"collection":[{"href":"https:\/\/www.rwg-bayreuth.de\/home\/index.php?rest_route=\/wp\/v2\/posts"}],"about":[{"href":"https:\/\/www.rwg-bayreuth.de\/home\/index.php?rest_route=\/wp\/v2\/types\/post"}],"author":[{"embeddable":true,"href":"https:\/\/www.rwg-bayreuth.de\/home\/index.php?rest_route=\/wp\/v2\/users\/11"}],"replies":[{"embeddable":true,"href":"https:\/\/www.rwg-bayreuth.de\/home\/index.php?rest_route=%2Fwp%2Fv2%2Fcomments&post=25843"}],"version-history":[{"count":4,"href":"https:\/\/www.rwg-bayreuth.de\/home\/index.php?rest_route=\/wp\/v2\/posts\/25843\/revisions"}],"predecessor-version":[{"id":25848,"href":"https:\/\/www.rwg-bayreuth.de\/home\/index.php?rest_route=\/wp\/v2\/posts\/25843\/revisions\/25848"}],"wp:featuredmedia":[{"embeddable":true,"href":"https:\/\/www.rwg-bayreuth.de\/home\/index.php?rest_route=\/wp\/v2\/media\/25847"}],"wp:attachment":[{"href":"https:\/\/www.rwg-bayreuth.de\/home\/index.php?rest_route=%2Fwp%2Fv2%2Fmedia&parent=25843"}],"wp:term":[{"taxonomy":"category","embeddable":true,"href":"https:\/\/www.rwg-bayreuth.de\/home\/index.php?rest_route=%2Fwp%2Fv2%2Fcategories&post=25843"},{"taxonomy":"post_tag","embeddable":true,"href":"https:\/\/www.rwg-bayreuth.de\/home\/index.php?rest_route=%2Fwp%2Fv2%2Ftags&post=25843"}],"curies":[{"name":"wp","href":"https:\/\/api.w.org\/{rel}","templated":true}]}}