{"id":25282,"date":"2020-04-02T19:16:20","date_gmt":"2020-04-02T17:16:20","guid":{"rendered":"http:\/\/www.rwg-bayreuth.de\/home\/?p=25282"},"modified":"2023-04-25T13:21:36","modified_gmt":"2023-04-25T11:21:36","slug":"backen-fuer-ostern","status":"publish","type":"post","link":"https:\/\/www.rwg-bayreuth.de\/home\/?p=25282","title":{"rendered":"Backrezepte f\u00fcr Ostern"},"content":{"rendered":"<p><!--<img decoding=\"async\" src=\"https:\/\/www.rwg-bayreuth.de\/home\/wp-content\/uploads\/2020\/04\/Osterbacken.jpg\" alt=\"\" width=\"100%\"  class=\"alignnone size-full wp-image-25289\" srcset=\"https:\/\/www.rwg-bayreuth.de\/home\/wp-content\/uploads\/2020\/04\/Osterbacken.jpg 745w, https:\/\/www.rwg-bayreuth.de\/home\/wp-content\/uploads\/2020\/04\/Osterbacken-450x148.jpg 450w, https:\/\/www.rwg-bayreuth.de\/home\/wp-content\/uploads\/2020\/04\/Osterbacken-250x82.jpg 250w\" sizes=\"(max-width: 745px) 100vw, 745px\" \/>--><\/p>\n<p><img loading=\"lazy\" decoding=\"async\" src=\"https:\/\/www.rwg-bayreuth.de\/home\/wp-content\/uploads\/2020\/04\/Osterbacken2.jpg\" alt=\"\" width=\"899\" height=\"300\" class=\"alignnone size-full wp-image-25292\" srcset=\"https:\/\/www.rwg-bayreuth.de\/home\/wp-content\/uploads\/2020\/04\/Osterbacken2.jpg 899w, https:\/\/www.rwg-bayreuth.de\/home\/wp-content\/uploads\/2020\/04\/Osterbacken2-450x150.jpg 450w, https:\/\/www.rwg-bayreuth.de\/home\/wp-content\/uploads\/2020\/04\/Osterbacken2-768x256.jpg 768w, https:\/\/www.rwg-bayreuth.de\/home\/wp-content\/uploads\/2020\/04\/Osterbacken2-250x83.jpg 250w\" sizes=\"(max-width: 899px) 100vw, 899px\" \/><\/p>\n<p>F\u00fcr alle Hobbyb\u00e4cker und die, die es noch werden wollen, habe ich ein paar erprobte Osterrezepte aus dem Koch-Workshop zusammengestellt &#8211; mit Hefeteig und falls Hefe gerade aus ist, auch ohne Hefe.<\/p>\n<p>Viel Spa\u00df beim Ausprobieren und gutes Gelingen<br \/>\nw\u00fcnscht euch A. Hupe<\/p>\n<h1>Rezepte<\/h1>\n<div class=\"sue-panel\" data-url=\"\" data-target=\"self\" style=\"background-color:#ffffff;color:#1a1a1a;border-radius:0px;box-shadow:3px 5px 10px gray;border:1px solid #cccccc\"><div class=\"sue-panel-content su-u-trim\" style=\"padding:15px;text-align:left\">\n<h2>Grundrezept Quark\u00f6lteig &#8211; ohne Hefe<\/h2>\n<div class=\"su-row\"><div class=\"su-column su-column-size-2-5\"><div class=\"su-column-inner su-u-clearfix su-u-trim\">\n<h5>Zutaten:<\/h5>\n<table class=\"rezepte zutaten\">\n<tr>\r\n\t<td class=\"\">150&nbsp;g<\/td>\r\n\t<td> Mager&shy;quark<\/td>\r\n<\/tr>\n<tr>\r\n\t<td class=\"\">6&nbsp;EL<\/td>\r\n\t<td> \u00d6l<\/td>\r\n<\/tr>\n<tr>\r\n\t<td class=\"\">1<\/td>\r\n\t<td>          Ei<\/td>\r\n<\/tr>\n<tr>\r\n\t<td class=\"\">2&nbsp;EL<\/td>\r\n\t<td>  Milch<\/td>\r\n<\/tr>\n<tr>\r\n\t<td class=\"\">75&nbsp;g<\/td>\r\n\t<td>  Zucker<\/td>\r\n<\/tr>\n<tr>\r\n\t<td class=\"\">1&nbsp;Pr.<\/td>\r\n\t<td> Salz<\/td>\r\n<\/tr>\n<tr>\r\n\t<td class=\"\">etwas<\/td>\r\n\t<td>      Zitro&shy;nen&shy;scha&shy;le oder Va&shy;nillin&shy;zucker<\/td>\r\n<\/tr>\n<tr>\r\n\t<td class=\"\">300&nbsp;g<\/td>\r\n\t<td> Mehl<\/td>\r\n<\/tr>\n<tr>\r\n\t<td class=\"\">1&nbsp;P.<\/td>\r\n\t<td>  Back&shy;pulver<\/td>\r\n<\/tr>\n<tr>\r\n\t<td class=\"\"><\/td>\r\n\t<td>           Eigelb oder Butter<\/td>\r\n<\/tr>\n<\/table>\n<\/div><\/div>\n<div class=\"su-column su-column-size-3-5\"><div class=\"su-column-inner su-u-clearfix su-u-trim\">\n<h5>Zubereitung:<\/h5>\n<table class=\"rezepte zubereitung\">\n<tr>\r\n\t<td><span class=\"su-dropcap su-dropcap-style-light\" style=\"font-size:1em\">1<\/span><\/td>\r\n\t<td>\nDen Mager&shy;quark in einem Tuch auspressen, falls er sehr feucht ist. \u00d6l. Ei, Milch, Zucker, Salz und Zitronen&shy;schale bzw. Vanillin&shy;zucker zum Quark geben und alles gut verr\u00fchren, bis die Masse gleichm\u00e4\u00dfig gebunden ist.\r\n<\/td>\r\n<\/tr>\n<tr>\r\n\t<td><span class=\"su-dropcap su-dropcap-style-light\" style=\"font-size:1em\">2<\/span><\/td>\r\n\t<td>\nMehl und Backpulver mischen, sieben und die H\u00e4lfte unter die Quarkmasse r\u00fchren.<br \/>\nDen Rest der Mehl-Backpulver&shy;mischung rasch unter&shy;kneten, bis der Teig eine glatte und gleichvm\u00e4\u00dfige Beschaffen&shy;heit hat.<br \/>\n\r\n<\/td>\r\n<\/tr>\n<tr>\r\n\t<td><span class=\"su-dropcap su-dropcap-style-light\" style=\"font-size:1em\">3<\/span><\/td>\r\n\t<td>\nTeig formen \u2013 Kr\u00e4nzchen, Z\u00f6pfe, Osterhasen.<br \/>\nDie geformten Teile auf ein vorbereitetes Backblech legen und mit Eigelb oder Butter bestreichen.<br \/>\n\r\n<\/td>\r\n<\/tr>\n<tr>\r\n\t<td><span class=\"su-dropcap su-dropcap-style-light\" style=\"font-size:1em\">4<\/span><\/td>\r\n\t<td>\nBei 200\u00b0C Ober-\/Unterhitze ca. 20 bis 25 Minuten backen.<br \/>\n\r\n<\/td>\r\n<\/tr>\n<\/table>\n<\/div><\/div>\n<\/div>\n<\/div><\/div>\n<div class=\"sue-panel\" data-url=\"\" data-target=\"self\" style=\"background-color:#ffffff;color:#1a1a1a;border-radius:0px;box-shadow:3px 5px 10px gray;border:1px solid #cccccc\"><div class=\"sue-panel-content su-u-trim\" style=\"padding:15px;text-align:left\">\n<h2>Grundrezept Hefeteig<\/h2>\n<div class=\"su-row\"><div class=\"su-column su-column-size-2-5\"><div class=\"su-column-inner su-u-clearfix su-u-trim\">\n<h5>Zutaten:<\/h5>\n<table class=\"rezepte zutaten\">\n<tr>\n<td>350&nbsp;g<\/td>\n<td>Mehl<\/td>\n<\/tr>\n<tr>\n<td>50&nbsp;g<\/td>\n<td>Zucker<\/td>\n<\/tr>\n<tr>\n<td>70&nbsp;g<\/td>\n<td>weiche Butter<\/td>\n<\/tr>\n<tr>\n<td>1<\/td>\n<td>Ei<\/td>\n<\/tr>\n<tr>\n<td>130&nbsp;g<\/td>\n<td>lauwarme Milch<\/td>\n<\/tr>\n<tr>\n<td>20&nbsp;g<\/td>\n<td>Hefe<\/td>\n<\/tr>\n<tr>\n<td>5&nbsp;g<\/td>\n<td>Salz<\/td>\n<\/tr>\n<tr>\n<td>etwas<\/td>\n<td>Zitrone (z.B. Citro-back)<\/td>\n<\/tr>\n<\/table>\n<\/div><\/div>\n<div class=\"su-column su-column-size-3-5\"><div class=\"su-column-inner su-u-clearfix su-u-trim\">\n<h5>Zubereitung:<\/h5>\n<table class=\"rezepte zubereitung\">\n<tr>\n<td><span class=\"su-dropcap su-dropcap-style-light\" style=\"font-size:1em\">1<\/span><\/td>\n<td>Alle Zutaten genau abwiegen, in eine Sch\u00fcssel geben und gut durch&shy;kneten, das geht am besten mit einer K\u00fcchen&shy;maschine. Du kannst aber auch die Knet&shy;haken des R\u00fchr&shy;ger\u00e4tes dazu verwenden. Der Teig ist richtig, wenn er sich von der Sch\u00fcssel&shy;wand l\u00f6st und geschmeidig ist.\n<\/td>\n<\/tr>\n<tr>\n<td><span class=\"su-dropcap su-dropcap-style-light\" style=\"font-size:1em\">2<\/span><\/td>\n<td>Dann muss der Teig ca. 20 Minuten zugedeckt ruhen.<br \/>\nDu hast anschlie&shy;\u00dfend ver&shy;schiedene M\u00f6glich&shy;keiten den Teig weiter&shy;zuver&shy;arbeiten.\n<\/td>\n<\/tr>\n<\/table>\n<\/div><\/div>\n<\/div>\n<\/div><\/div>\n<h2>Weiterverarbeitung<\/h2>\n<div class=\"su-row\"><div class=\"su-column su-column-size-1-2\"><div class=\"su-column-inner su-u-clearfix su-u-trim\">\n<div class=\"sue-panel\" data-url=\"\" data-target=\"self\" style=\"background-color:#ffffff;color:#1a1a1a;border-radius:0px;box-shadow:3px 5px 10px gray;border:1px solid #cccccc\"><div class=\"sue-panel-content su-u-trim\" style=\"padding:15px;text-align:left\">\n<h3>Osterhasen<\/h3>\n<h5>Weitere Zutaten:<\/h5>\n<table class=\"rezepte zutaten\">\n<tr>\n<td>einige<\/td>\n<td>Rosinen<\/td>\n<\/tr>\n<tr>\n<td>1<\/td>\n<td>Ei<\/td>\n<\/tr>\n<\/table>\n<table class=\"rezepte zubereitung\">\n<tr>\n<td><span class=\"su-dropcap su-dropcap-style-light\" style=\"font-size:1em\">1<\/span><\/td>\n<td>Teigportionen zu je 70g abwiegen, diese in je 2 Teile teilen, eine Kugel und eine lange Rolle formen.<br \/>\nVon der Rolle ein kleines St\u00fcck f\u00fcr das Schw\u00e4nzchen abschneiden, den Rest zu einer Schnecke aufrollen und auf ein vorbereitetes Backblech legen.\n<\/td>\n<\/tr>\n<tr>\n<td><span class=\"su-dropcap su-dropcap-style-light\" style=\"font-size:1em\">2<\/span><\/td>\n<td>In die Kugel mit der Handkante eine Kerbe dr\u00fccken ( 1\/3 und 2\/3 ), aus dem gr\u00f6\u00dferen Teil mit der Teigkarte die Ohren formen.<br \/>\nDen Hasenkopf an die Teigschnecke dr\u00fccken.\n<\/td>\n<\/tr>\n<tr>\n<td><span class=\"su-dropcap su-dropcap-style-light\" style=\"font-size:1em\">3<\/span><\/td>\n<td>Den Teig bei 50\u00b0C im Backofen nochmals gehen lassen.\n<\/td>\n<\/tr>\n<tr>\n<td><span class=\"su-dropcap su-dropcap-style-light\" style=\"font-size:1em\">4<\/span><\/td>\n<td>Als Auge eine Rosine fest eindr\u00fccken und die Osterhasen mit verquirltem Ei bestreichen.\n<\/td>\n<\/tr>\n<tr>\n<td><span class=\"su-dropcap su-dropcap-style-light\" style=\"font-size:1em\">5<\/span><\/td>\n<td>Bei 200\u00b0C Ober-\/Unterhitze ca. 20 Minuten backen.\n<\/td>\n<\/tr>\n<\/table>\n<\/div><\/div>\n<\/div><\/div>\n<div class=\"su-column su-column-size-1-2\"><div class=\"su-column-inner su-u-clearfix su-u-trim\">\n<div class=\"sue-panel\" data-url=\"\" data-target=\"self\" style=\"background-color:#ffffff;color:#1a1a1a;border-radius:0px;box-shadow:3px 5px 10px gray;border:1px solid #cccccc\"><div class=\"sue-panel-content su-u-trim\" style=\"padding:15px;text-align:left\">\n<h3>Osterkr\u00e4nzchen<\/h3>\n<h5>Weitere Zutaten:<\/h5>\n<table class=\"rezepte zutaten\">\n<tr>\n<td><\/td>\n<td>gehackte Mandeln<\/td>\n<\/tr>\n<tr>\n<td>1<\/td>\n<td>Ei<\/td>\n<\/tr>\n<\/table>\n<table class=\"rezepte zubereitung\">\n<tr>\n<td><span class=\"su-dropcap su-dropcap-style-light\" style=\"font-size:1em\">1<\/span><\/td>\n<td>Den Teig in 6 gleich gro\u00dfe Portionen teilen. Daraus lange Rollen formen. Zwischendurch den Teig immer wieder kurz ruhen lassen.\n<\/td>\n<\/tr>\n<tr>\n<td><span class=\"su-dropcap su-dropcap-style-light\" style=\"font-size:1em\">2<\/span><\/td>\n<td>Mit je 3 Rollen Z\u00f6pfe flechten. Mit dem Flechten in der Mitte beginnen, den Teig dann umdrehen und den Zopf zu Ende flechten. Zu einem Ring schlie\u00dfen und mit etwas Wasser die Enden fest andr\u00fccken.\n<\/td>\n<\/tr>\n<tr>\n<td><span class=\"su-dropcap su-dropcap-style-light\" style=\"font-size:1em\">3<\/span><\/td>\n<td>Den Teig bei 50\u00b0C im Backofen nochmals gehen lassen.\n<\/td>\n<\/tr>\n<tr>\n<td><span class=\"su-dropcap su-dropcap-style-light\" style=\"font-size:1em\">4<\/span><\/td>\n<td>Die Kr\u00e4nzchen mit verquirltem Ei bestreichen und mit den Mandeln bestreuen.\n<\/td>\n<\/tr>\n<tr>\n<td><span class=\"su-dropcap su-dropcap-style-light\" style=\"font-size:1em\">5<\/span><\/td>\n<td>Bei 200\u00b0C Ober-\/Unterhitze ca. 20 Minuten backen.\n<\/td>\n<\/tr>\n<\/table>\n<\/div><\/div>\n<\/div><\/div>\n<\/div>\n<div class=\"sue-panel\" data-url=\"\" data-target=\"self\" style=\"background-color:#ffffff;color:#1a1a1a;border-radius:0px;box-shadow:3px 5px 10px gray;border:1px solid #cccccc\"><div class=\"sue-panel-content su-u-trim\" style=\"padding:15px;text-align:left\">\n<h3>Streuseltaler<\/h3>\n<div class=\"su-row\"><div class=\"su-column su-column-size-1-2\"><div class=\"su-column-inner su-u-clearfix su-u-trim\">\n<h4>Vanillepudding<\/h4>\n<table class=\"rezepte zubereitung\">\n<tr>\n<td><span class=\"su-dropcap su-dropcap-style-light\" style=\"font-size:1em\"><\/span><\/td>\n<td>1&nbsp;P. Vanillepuddingpulver mit 400&nbsp;ml Milch nach Packungsaufschrift zubereiten und etwas abk\u00fchlen lassen.\n<\/td>\n<\/tr>\n<\/table>\n<h4>Streusel<\/h4>\n<h5>Zutaten:<\/h5>\n<table class=\"rezepte zutaten\">\n<tr>\n<td>300&nbsp;g<\/td>\n<td>Mehl<\/td>\n<\/tr>\n<tr>\n<td>150&nbsp;g<\/td>\n<td>Zucker<\/td>\n<\/tr>\n<tr>\n<td>150&nbsp;g<\/td>\n<td>Butter<\/td>\n<\/tr>\n<tr>\n<td>1<\/td>\n<td>Eigelb<\/td>\n<\/tr>\n<tr>\n<td>1&nbsp;Pr.<\/td>\n<td>Salz<\/td>\n<\/tr>\n<tr>\n<td><\/td>\n<td>Vanillezucker<\/td>\n<\/tr>\n<\/table>\n<table class=\"rezepte zubereitung\">\n<tr>\n<td><span class=\"su-dropcap su-dropcap-style-light\" style=\"font-size:1em\"><\/span><\/td>\n<td>F\u00fcr die Streusel Zucker, Butter, Eigelb und Geschmackszutaten kurz mit den H\u00e4nden verkneten.<br \/>\nMehl zugeben und kurz unterkneten, fertig sind die Streusel.\n<\/td>\n<\/tr>\n<\/table>\n<\/div><\/div>\n<div class=\"su-column su-column-size-1-2\"><div class=\"su-column-inner su-u-clearfix su-u-trim\">\n<h5>Zubereitung Streuseltaler:<\/h5>\n<table class=\"rezepte zubereitung\">\n<tr>\n<td><span class=\"su-dropcap su-dropcap-style-light\" style=\"font-size:1em\">1<\/span><\/td>\n<td>Teigportionen zu je 70g abwiegen und etwas gehen lassen.\n<\/td>\n<\/tr>\n<tr>\n<td><span class=\"su-dropcap su-dropcap-style-light\" style=\"font-size:1em\">2<\/span><\/td>\n<td>Mit dem Nudelholz zu kleinen flachen Fladen ausrollen.<br \/>\nMit abgek\u00fchltem Vanillepudding bestreichen und mit Streuseln bestreuen.\n<\/td>\n<\/tr>\n<tr>\n<td><span class=\"su-dropcap su-dropcap-style-light\" style=\"font-size:1em\">3<\/span><\/td>\n<td>Den Teig bei 50\u00b0C im Backofen nochmals gehen lassen.\n<\/td>\n<\/tr>\n<tr>\n<td><span class=\"su-dropcap su-dropcap-style-light\" style=\"font-size:1em\">4<\/span><\/td>\n<td>Bei 200\u00b0C Ober-\/Unterhitze ca. 20 Minuten backen.\n<\/td>\n<\/tr>\n<\/table>\n<\/div><\/div>\n<\/div>\n<\/div><\/div>\n<div class=\"sue-panel\" data-url=\"\" data-target=\"self\" style=\"background-color:#ffffff;color:#1a1a1a;border-radius:0px;box-shadow:3px 5px 10px gray;border:1px solid #cccccc\"><div class=\"sue-panel-content su-u-trim\" style=\"padding:15px;text-align:left\">\n<h3>Hefe-Nuss-Zopf<\/h3>\n<div class=\"su-row\"><div class=\"su-column su-column-size-1-2\"><div class=\"su-column-inner su-u-clearfix su-u-trim\">\n<h4>Nussf\u00fcllung<\/h4>\n<h5>Zutaten:<\/h5>\n<table class=\"rezepte zutaten\">\n<tr>\n<td>200&nbsp;g<\/td>\n<td>gem. Haseln\u00fcsse<\/td>\n<\/tr>\n<tr>\n<td>80&nbsp;g<\/td>\n<td>Zucker<\/td>\n<\/tr>\n<tr>\n<td>100&nbsp;ml<\/td>\n<td>Sahne<\/td>\n<\/tr>\n<\/table>\n<table class=\"rezepte zubereitung\">\n<tr>\n<td><span class=\"su-dropcap su-dropcap-style-light\" style=\"font-size:1em\"><\/span><\/td>\n<td>F\u00fcr die F\u00fcllung, die Zutaten in einer Sch\u00fcssel vermengen.\n<\/td>\n<\/tr>\n<\/table>\n<h5 style=\"margin-top: 24px;\">Weitere Zutaten:<\/h5>\n<table class=\"rezepte zutaten\">\n<tr>\n<td>1<\/td>\n<td>Eigelb<\/td>\n<\/tr>\n<\/table>\n<\/div><\/div>\n<div class=\"su-column su-column-size-1-2\"><div class=\"su-column-inner su-u-clearfix su-u-trim\">\n<h5>Zubereitung Nusszopf:<\/h5>\n<table class=\"rezepte zubereitung\">\n<tr>\n<td><span class=\"su-dropcap su-dropcap-style-light\" style=\"font-size:1em\">1<\/span><\/td>\n<td>Hefeteig zu rechteckiger Platte ausrollen und die F\u00fcllung aufstreichen.\n<\/td>\n<\/tr>\n<tr>\n<td><span class=\"su-dropcap su-dropcap-style-light\" style=\"font-size:1em\">2<\/span><\/td>\n<td>Die Platte von der L\u00e4ngsseite her aufrollen. Die Rolle der L\u00e4nge nach in der Mitte durchschneiden und mit der Schnittfl\u00e4che nach au\u00dfen ineinander verdrehen.\n<\/td>\n<\/tr>\n<tr>\n<td><span class=\"su-dropcap su-dropcap-style-light\" style=\"font-size:1em\">3<\/span><\/td>\n<td>Den Teig bei 50\u00b0C im Backofen nochmals gehen lassen.\n<\/td>\n<\/tr>\n<tr>\n<td><span class=\"su-dropcap su-dropcap-style-light\" style=\"font-size:1em\">4<\/span><\/td>\n<td>Mit Eigelb bestreichen. Bei 180\u00b0C Ober-\/Unterhitze ca. 40 Minuten backen.\n<\/td>\n<\/tr>\n<\/table>\n<\/div><\/div>\n<\/div>\n<\/div><\/div>\n<p>&nbsp;<\/p>\n<ul class=\"linkliste\">\n<li><a href=\"https:\/\/www.rwg-bayreuth.de\/home\/wp-content\/uploads\/2020\/04\/Hefeteig.pdf\">Rezepte (pdf)<\/a><\/li>\n<\/ul>\n<p>&nbsp;<\/p>\n","protected":false},"excerpt":{"rendered":"<p>F\u00fcr alle Hobbyb\u00e4cker und die, die es noch werden wollen, habe ich ein paar erprobte Osterrezepte aus dem Koch-Workshop zusammengestellt &#8211; mit Hefeteig und falls Hefe gerade aus ist, auch ohne Hefe.<\/p>\n<p>Viel Spa\u00df beim Ausprobieren und gutes Gelingen<br \/>\nw\u00fcnscht euch A. Hupe<\/p>\n","protected":false},"author":11,"featured_media":25318,"comment_status":"closed","ping_status":"closed","sticky":false,"template":"","format":"standard","meta":{"footnotes":""},"categories":[1],"tags":[51,120,128],"_links":{"self":[{"href":"https:\/\/www.rwg-bayreuth.de\/home\/index.php?rest_route=\/wp\/v2\/posts\/25282"}],"collection":[{"href":"https:\/\/www.rwg-bayreuth.de\/home\/index.php?rest_route=\/wp\/v2\/posts"}],"about":[{"href":"https:\/\/www.rwg-bayreuth.de\/home\/index.php?rest_route=\/wp\/v2\/types\/post"}],"author":[{"embeddable":true,"href":"https:\/\/www.rwg-bayreuth.de\/home\/index.php?rest_route=\/wp\/v2\/users\/11"}],"replies":[{"embeddable":true,"href":"https:\/\/www.rwg-bayreuth.de\/home\/index.php?rest_route=%2Fwp%2Fv2%2Fcomments&post=25282"}],"version-history":[{"count":48,"href":"https:\/\/www.rwg-bayreuth.de\/home\/index.php?rest_route=\/wp\/v2\/posts\/25282\/revisions"}],"predecessor-version":[{"id":33767,"href":"https:\/\/www.rwg-bayreuth.de\/home\/index.php?rest_route=\/wp\/v2\/posts\/25282\/revisions\/33767"}],"wp:featuredmedia":[{"embeddable":true,"href":"https:\/\/www.rwg-bayreuth.de\/home\/index.php?rest_route=\/wp\/v2\/media\/25318"}],"wp:attachment":[{"href":"https:\/\/www.rwg-bayreuth.de\/home\/index.php?rest_route=%2Fwp%2Fv2%2Fmedia&parent=25282"}],"wp:term":[{"taxonomy":"category","embeddable":true,"href":"https:\/\/www.rwg-bayreuth.de\/home\/index.php?rest_route=%2Fwp%2Fv2%2Fcategories&post=25282"},{"taxonomy":"post_tag","embeddable":true,"href":"https:\/\/www.rwg-bayreuth.de\/home\/index.php?rest_route=%2Fwp%2Fv2%2Ftags&post=25282"}],"curies":[{"name":"wp","href":"https:\/\/api.w.org\/{rel}","templated":true}]}}