{"id":2504,"date":"2013-09-21T16:15:34","date_gmt":"2013-09-21T15:15:34","guid":{"rendered":"http:\/\/www.rwg-bayreuth.de\/home\/?p=2504"},"modified":"2013-09-22T20:44:51","modified_gmt":"2013-09-22T19:44:51","slug":"wahl-der-smv","status":"publish","type":"post","link":"https:\/\/www.rwg-bayreuth.de\/home\/?p=2504","title":{"rendered":"Wahl der S M V"},"content":{"rendered":"<div id=\"attachment_2505\" style=\"width: 360px\" class=\"wp-caption alignleft\"><a href=\"https:\/\/www.rwg-bayreuth.de\/home\/wp-content\/uploads\/2013\/09\/2013_SMV_web.jpg\"><img loading=\"lazy\" decoding=\"async\" aria-describedby=\"caption-attachment-2505\" src=\"https:\/\/www.rwg-bayreuth.de\/home\/wp-content\/uploads\/2013\/09\/2013_SMV_web.jpg\" alt=\"Die neue SMV unserer Schule\" width=\"350\" height=\"305\" class=\"size-full wp-image-2505\" srcset=\"https:\/\/www.rwg-bayreuth.de\/home\/wp-content\/uploads\/2013\/09\/2013_SMV_web.jpg 350w, https:\/\/www.rwg-bayreuth.de\/home\/wp-content\/uploads\/2013\/09\/2013_SMV_web-150x131.jpg 150w, https:\/\/www.rwg-bayreuth.de\/home\/wp-content\/uploads\/2013\/09\/2013_SMV_web-300x261.jpg 300w, https:\/\/www.rwg-bayreuth.de\/home\/wp-content\/uploads\/2013\/09\/2013_SMV_web-250x218.jpg 250w\" sizes=\"(max-width: 350px) 100vw, 350px\" \/><\/a><p id=\"caption-attachment-2505\" class=\"wp-caption-text\">Die neue SMV unserer Schule<\/p><\/div>Passend zur Bundes- und Landtagswahl durften auch die Sch\u00fclerinnen und Sch\u00fclers des RWG am Schuljahresanfang Demokratie wagen. Nachdem schon jede Klasse ihre Klassensprecher gew\u00e4hlt hat, wurden jetzt die Sch\u00fclersprecher, die SMV und die Verbindungslehrer gew\u00e4hlt.<\/p>\n<p>Sch\u00fclersprecher sind: 1. Sch\u00fclersprecher: Tizian Jahreis Q11; 2. Sch\u00fclersprecherin: Sophia Schwabe 10b; 3. Sch\u00fclersprecher: Levin Skornicka 9c.<\/p>\n<p>Als Verbindungslehrer erhielten Herr Dr. Rusam und Herr Bauer das Vertrauen der Sch\u00fclerschaft.<\/p>\n<p>Als SMV-Mitglieder wurden gew\u00e4hlt: Veronika Doser 10a; Julia N\u00f6chel 10a; Jonathan Hippe Q11; Jonas Heinekamp 7e; Lina Reichenberger 10b; Paul Knab 10c; Tom Otieno 10c.<\/p>\n<p>Wir hoffen auf gute Zusammenarbeit und die SMV w\u00fcnscht ein erfolgreiches Schuljahr 2013\/2014!<\/p>\n","protected":false},"excerpt":{"rendered":"<p>Passend zur Bundes- und Landtagswahl durften auch die Sch\u00fclerinnen und Sch\u00fclers des RWG am Schuljahresanfang Demokratie wagen. Nachdem schon jede Klasse ihre Klassensprecher gew\u00e4hlt hat, wurden jetzt die Sch\u00fclersprecher, die SMV und die Verbindungslehrer gew\u00e4hlt. Sch\u00fclersprecher sind: 1. Sch\u00fclersprecher: Tizian Jahreis Q11; 2. Sch\u00fclersprecherin: Sophia Schwabe 10b; 3. Sch\u00fclersprecher: Levin Skornicka 9c. Als Verbindungslehrer erhielten&hellip;<\/p>\n","protected":false},"author":2,"featured_media":0,"comment_status":"closed","ping_status":"closed","sticky":false,"template":"","format":"standard","meta":{"footnotes":""},"categories":[1],"tags":[],"_links":{"self":[{"href":"https:\/\/www.rwg-bayreuth.de\/home\/index.php?rest_route=\/wp\/v2\/posts\/2504"}],"collection":[{"href":"https:\/\/www.rwg-bayreuth.de\/home\/index.php?rest_route=\/wp\/v2\/posts"}],"about":[{"href":"https:\/\/www.rwg-bayreuth.de\/home\/index.php?rest_route=\/wp\/v2\/types\/post"}],"author":[{"embeddable":true,"href":"https:\/\/www.rwg-bayreuth.de\/home\/index.php?rest_route=\/wp\/v2\/users\/2"}],"replies":[{"embeddable":true,"href":"https:\/\/www.rwg-bayreuth.de\/home\/index.php?rest_route=%2Fwp%2Fv2%2Fcomments&post=2504"}],"version-history":[{"count":2,"href":"https:\/\/www.rwg-bayreuth.de\/home\/index.php?rest_route=\/wp\/v2\/posts\/2504\/revisions"}],"predecessor-version":[{"id":2529,"href":"https:\/\/www.rwg-bayreuth.de\/home\/index.php?rest_route=\/wp\/v2\/posts\/2504\/revisions\/2529"}],"wp:attachment":[{"href":"https:\/\/www.rwg-bayreuth.de\/home\/index.php?rest_route=%2Fwp%2Fv2%2Fmedia&parent=2504"}],"wp:term":[{"taxonomy":"category","embeddable":true,"href":"https:\/\/www.rwg-bayreuth.de\/home\/index.php?rest_route=%2Fwp%2Fv2%2Fcategories&post=2504"},{"taxonomy":"post_tag","embeddable":true,"href":"https:\/\/www.rwg-bayreuth.de\/home\/index.php?rest_route=%2Fwp%2Fv2%2Ftags&post=2504"}],"curies":[{"name":"wp","href":"https:\/\/api.w.org\/{rel}","templated":true}]}}