{"id":24912,"date":"2020-03-27T06:55:39","date_gmt":"2020-03-27T05:55:39","guid":{"rendered":"http:\/\/www.rwg-bayreuth.de\/home\/?p=24912"},"modified":"2021-10-19T18:31:56","modified_gmt":"2021-10-19T16:31:56","slug":"ergebnis-des-musikprojekts","status":"publish","type":"post","link":"https:\/\/www.rwg-bayreuth.de\/home\/?p=24912","title":{"rendered":"Ergebnis des RWG-Musikprojekts &#8222;Wir sind noch da&#8220;"},"content":{"rendered":"<div class=\"su-youtube su-u-responsive-media-yes\"><iframe loading=\"lazy\" width=\"460\" height=\"400\" src=\"https:\/\/www.youtube.com\/embed\/81com2RATz4?\" frameborder=\"0\" allowfullscreen allow=\"autoplay; encrypted-media; picture-in-picture\" title=\"RWG-Musikprojekt\"><\/iframe><\/div>\n<p>Am 23. M\u00e4rz ging das Projekt \u201eWir sind noch da\u201c an den Start.<br \/>\nIn diesen ungewissen Zeiten k\u00f6nnte es ja vielleicht dem einen oder anderen Sch\u00fcler tats\u00e4chlich passieren, dass er in einem kleinen Moment seine Schule doch tats\u00e4chlich vermisst. Schule besteht nicht nur aus dem Zwang zur Arbeit, sondern ist gerade bei uns am RWG auch ein famili\u00e4res Umfeld, in dem sich Lehrer um Sch\u00fcler und Freunde umeinander k\u00fcmmern, ein Umfeld, in dem die gesamte Schulfamilie eben f\u00fcreinander da ist.<br \/>\nEinige Kollegen und Sch\u00fcler haben ein Musikvideo-Projekt auf den Weg gebracht, das der Schulfamilie zeigen soll, dass trotz dieser mehr als au\u00dfergew\u00f6hnlichen Umst\u00e4nde der inzwischen vielleicht mancherorts herbeigesehnte Alltag sowie das gewohnte Umfeld nicht v\u00f6llig verschwunden, sondern immer noch da sind und die Personen des eigenen normalen Lebens auch weiterhin f\u00fcr die Sch\u00fcler da sind.<br \/>\nSch\u00fcler, Kollegen, Eltern und Ehemalige \u2013 die gesamte Schulfamilie eben \u2013 haben sich in der Isolation der Coronakrise zusammengetan, um gemeinsam ein Lied miteinander f\u00fcreinander zu singen. Der Tenor des Songs \u201eWir sind noch da\u201c zieht sich dabei durch das gesamte St\u00fcck. Die Projektteilnehmer sangen oder spielten auf Instrumenten die Melodie des Liedes, w\u00e4hrend sie es vom Synthesizer gespielt anh\u00f6rten. Ihre Selfie-Tonaufnahmen, die sie meist mit einem Handy machten, wurden dann wieder eingeschickt und von Kollegen in einem gro\u00dfen Videoschnittprojekt zusammengef\u00fcgt. So entstand ein Chor mit Instrumentalbegleitung, der in dieser Form aber nie im selben Raum gewesen ist. Kollegen und Sch\u00fcler schickten auch Videoaufnahmen von sich zuhause, um zu zeigen \u201eegal wo wir auch sind\u201c, wir sind weiterhin f\u00fcr euch da.<br \/>\nIm Vorfeld wurde ab Montag von einem kleinen Kreis der Schulfamilie das Projekt vorbereitet und erste Aufnahmen eingeschickt, die es dann den anderen Teilnehmern erleichterten, ab Mittwoch mit den anderen mitzusingen. An dieser Stelle geht unser Dank auch an Frau Pagan vom ETA Bamberg und an ihre Sch\u00fcler, die uns hierbei unterst\u00fctzten!<br \/>\nAm Freitag, den 27.03. wurde dann das Ergebnis online ver\u00f6ffentlicht und Sch\u00fclern, Eltern, Kollegen und Freunden zug\u00e4nglich gemacht. Falls andere Schulen das Lied auch singen wollen, stellen wir die Arbeitsmaterialien hier auf der Homepage frei zur Verf\u00fcgung. Der Text darf nat\u00fcrlich angepasst werden. Wir sitzen schlie\u00dflich alle im selben Boot und deswegen teilen wir da nat\u00fcrlich auch gerne.<br \/>\nAbschlie\u00dfend m\u00f6chte ich mich herzlich bei allen Sch\u00fclern, Kollegen, Eltern, Ehemaligen und Freunden der Schule bedanken, dass sie dieses Projekt erm\u00f6glicht und uns damit eine gro\u00dfe Freude gemacht haben!<br \/>\nIn dieser ungewissen und vielleicht auch manchmal be\u00e4ngstigen Zeit soll es unseren Sch\u00fclern und der gesamten Schulfamilie ein Gef\u00fchl der Verbundenheit geben und allen sagen: Wir sind noch da!<\/p>\n<p>Ursula Graf, OStDin<br \/>\nChristian Str\u00f6hla, StD<\/p>\n<p><a href=\"https:\/\/www.rwg-bayreuth.de\/home\/wp-content\/uploads\/2020\/03\/projektabschluss.zip\">Download Projektmaterial<\/a><\/p>\n","protected":false},"excerpt":{"rendered":"<p>Am 23. M\u00e4rz ging das Projekt \u201eWir sind noch da\u201c an den Start. In diesen ungewissen Zeiten k\u00f6nnte es ja vielleicht dem einen oder anderen Sch\u00fcler tats\u00e4chlich passieren, dass er in einem kleinen Moment seine Schule doch tats\u00e4chlich vermisst. Schule besteht nicht nur aus dem Zwang zur Arbeit, sondern ist gerade bei uns am RWG&hellip;<\/p>\n","protected":false},"author":11,"featured_media":24917,"comment_status":"closed","ping_status":"closed","sticky":false,"template":"","format":"standard","meta":{"footnotes":""},"categories":[1],"tags":[51,44],"_links":{"self":[{"href":"https:\/\/www.rwg-bayreuth.de\/home\/index.php?rest_route=\/wp\/v2\/posts\/24912"}],"collection":[{"href":"https:\/\/www.rwg-bayreuth.de\/home\/index.php?rest_route=\/wp\/v2\/posts"}],"about":[{"href":"https:\/\/www.rwg-bayreuth.de\/home\/index.php?rest_route=\/wp\/v2\/types\/post"}],"author":[{"embeddable":true,"href":"https:\/\/www.rwg-bayreuth.de\/home\/index.php?rest_route=\/wp\/v2\/users\/11"}],"replies":[{"embeddable":true,"href":"https:\/\/www.rwg-bayreuth.de\/home\/index.php?rest_route=%2Fwp%2Fv2%2Fcomments&post=24912"}],"version-history":[{"count":14,"href":"https:\/\/www.rwg-bayreuth.de\/home\/index.php?rest_route=\/wp\/v2\/posts\/24912\/revisions"}],"predecessor-version":[{"id":29511,"href":"https:\/\/www.rwg-bayreuth.de\/home\/index.php?rest_route=\/wp\/v2\/posts\/24912\/revisions\/29511"}],"wp:featuredmedia":[{"embeddable":true,"href":"https:\/\/www.rwg-bayreuth.de\/home\/index.php?rest_route=\/wp\/v2\/media\/24917"}],"wp:attachment":[{"href":"https:\/\/www.rwg-bayreuth.de\/home\/index.php?rest_route=%2Fwp%2Fv2%2Fmedia&parent=24912"}],"wp:term":[{"taxonomy":"category","embeddable":true,"href":"https:\/\/www.rwg-bayreuth.de\/home\/index.php?rest_route=%2Fwp%2Fv2%2Fcategories&post=24912"},{"taxonomy":"post_tag","embeddable":true,"href":"https:\/\/www.rwg-bayreuth.de\/home\/index.php?rest_route=%2Fwp%2Fv2%2Ftags&post=24912"}],"curies":[{"name":"wp","href":"https:\/\/api.w.org\/{rel}","templated":true}]}}