{"id":24423,"date":"2020-02-15T05:42:21","date_gmt":"2020-02-15T04:42:21","guid":{"rendered":"http:\/\/www.rwg-bayreuth.de\/home\/?p=24423"},"modified":"2020-03-13T22:11:40","modified_gmt":"2020-03-13T21:11:40","slug":"5d-am-projekttag-im-urweltmuseum","status":"publish","type":"post","link":"https:\/\/www.rwg-bayreuth.de\/home\/?p=24423","title":{"rendered":"5d am Projekttag im Urweltmuseum"},"content":{"rendered":"<p><a href=\"https:\/\/www.rwg-bayreuth.de\/home\/wp-content\/uploads\/2020\/03\/19-20-Projekttag-Bild_Schachtelhalm.jpg\"><img loading=\"lazy\" decoding=\"async\" src=\"https:\/\/www.rwg-bayreuth.de\/home\/wp-content\/uploads\/2020\/03\/19-20-Projekttag-Bild_Schachtelhalm-450x338.jpg\" alt=\"\" width=\"450\" height=\"338\" class=\"aligncenter size-medium wp-image-24431\" srcset=\"https:\/\/www.rwg-bayreuth.de\/home\/wp-content\/uploads\/2020\/03\/19-20-Projekttag-Bild_Schachtelhalm-450x338.jpg 450w, https:\/\/www.rwg-bayreuth.de\/home\/wp-content\/uploads\/2020\/03\/19-20-Projekttag-Bild_Schachtelhalm-768x576.jpg 768w, https:\/\/www.rwg-bayreuth.de\/home\/wp-content\/uploads\/2020\/03\/19-20-Projekttag-Bild_Schachtelhalm-250x188.jpg 250w, https:\/\/www.rwg-bayreuth.de\/home\/wp-content\/uploads\/2020\/03\/19-20-Projekttag-Bild_Schachtelhalm.jpg 1024w\" sizes=\"(max-width: 450px) 100vw, 450px\" \/><\/a><\/p>\n<p>Am Projekttag der Schule, am 13.02.2020, besuchte die 5d das Urweltmuseum in Bayreuth. Wir hatten eine sehr interessante F\u00fchrung quer durch die Erdgeschichte der letzten 500 Millionen Jahre Oberfrankens. Zun\u00e4chst stellten wir erstaunt fest, wie gro\u00df Schachtelhalme und Farne in der Vergangenheit wirklich waren. <\/p>\n<p><a href=\"https:\/\/www.rwg-bayreuth.de\/home\/wp-content\/uploads\/2020\/03\/19-20-Projekttag-Bild_Flugsaurier.jpg\"><img loading=\"lazy\" decoding=\"async\" src=\"https:\/\/www.rwg-bayreuth.de\/home\/wp-content\/uploads\/2020\/03\/19-20-Projekttag-Bild_Flugsaurier-338x450.jpg\" alt=\"\" width=\"338\" height=\"450\" class=\"alignright size-medium wp-image-24424\" srcset=\"https:\/\/www.rwg-bayreuth.de\/home\/wp-content\/uploads\/2020\/03\/19-20-Projekttag-Bild_Flugsaurier-338x450.jpg 338w, https:\/\/www.rwg-bayreuth.de\/home\/wp-content\/uploads\/2020\/03\/19-20-Projekttag-Bild_Flugsaurier-250x333.jpg 250w, https:\/\/www.rwg-bayreuth.de\/home\/wp-content\/uploads\/2020\/03\/19-20-Projekttag-Bild_Flugsaurier.jpg 768w\" sizes=\"(max-width: 338px) 100vw, 338px\" \/><\/a><br \/>\nNeben Tieren aus der Eiszeit wie den H\u00f6hlenb\u00e4ren konnten die Sch\u00fcler auch echten Saurier-Skeletten begegnen, die alle in Tongruben der Region gefunden wurden, z. B. denen der Giraffenhalssaurier, der Fischsaurier oder sogar der einzigartigen Flugsaurier aus Mistelgau \u201eDorygnathus mistelgauensis.\u201c <\/p>\n<p><a href=\"https:\/\/www.rwg-bayreuth.de\/home\/wp-content\/uploads\/2020\/03\/19-20-Projekttag-Bild_Amethyst.jpg\"><img loading=\"lazy\" decoding=\"async\" src=\"https:\/\/www.rwg-bayreuth.de\/home\/wp-content\/uploads\/2020\/03\/19-20-Projekttag-Bild_Amethyst-338x450.jpg\" alt=\"\" width=\"338\" height=\"450\" class=\"alignleft size-medium wp-image-24427\" srcset=\"https:\/\/www.rwg-bayreuth.de\/home\/wp-content\/uploads\/2020\/03\/19-20-Projekttag-Bild_Amethyst-338x450.jpg 338w, https:\/\/www.rwg-bayreuth.de\/home\/wp-content\/uploads\/2020\/03\/19-20-Projekttag-Bild_Amethyst-250x333.jpg 250w, https:\/\/www.rwg-bayreuth.de\/home\/wp-content\/uploads\/2020\/03\/19-20-Projekttag-Bild_Amethyst.jpg 768w\" sizes=\"(max-width: 338px) 100vw, 338px\" \/><\/a><br \/>\nBesonders die Kristallwelt beeindruckte uns sehr. Neben der riesigen Amethysten-Druse waren die Sch\u00fclerinnen und Sch\u00fcler v.a. von dem 3 x 3 m gro\u00dfen, begehbaren Kristallgitter, das vergr\u00f6\u00dferte Goldatome darstellt und in dessen Spiegelwelt man sich buchst\u00e4blich verliert, begeistert. Viel zu schnell war der Ausflug wieder vorbei und viele der Kinder planen bereits einen zweiten Besuch.<\/p>\n<p>Herzlichen Dank an das nette Team des Museums und an unseren netten \u201eguide\u201c Rainer.<\/p>\n","protected":false},"excerpt":{"rendered":"<p>Am Projekttag der Schule, am 13.02.2020, besuchte die 5d das Urweltmuseum in Bayreuth. Wir hatten eine sehr interessante F\u00fchrung quer durch die Erdgeschichte der letzten 500 Millionen Jahre Oberfrankens. Zun\u00e4chst stellten wir erstaunt fest, wie gro\u00df Schachtelhalme und Farne in der Vergangenheit wirklich waren. Neben Tieren aus der Eiszeit wie den H\u00f6hlenb\u00e4ren konnten die Sch\u00fcler&hellip;<\/p>\n","protected":false},"author":11,"featured_media":24430,"comment_status":"closed","ping_status":"closed","sticky":false,"template":"","format":"standard","meta":{"footnotes":""},"categories":[1],"tags":[51,40],"_links":{"self":[{"href":"https:\/\/www.rwg-bayreuth.de\/home\/index.php?rest_route=\/wp\/v2\/posts\/24423"}],"collection":[{"href":"https:\/\/www.rwg-bayreuth.de\/home\/index.php?rest_route=\/wp\/v2\/posts"}],"about":[{"href":"https:\/\/www.rwg-bayreuth.de\/home\/index.php?rest_route=\/wp\/v2\/types\/post"}],"author":[{"embeddable":true,"href":"https:\/\/www.rwg-bayreuth.de\/home\/index.php?rest_route=\/wp\/v2\/users\/11"}],"replies":[{"embeddable":true,"href":"https:\/\/www.rwg-bayreuth.de\/home\/index.php?rest_route=%2Fwp%2Fv2%2Fcomments&post=24423"}],"version-history":[{"count":1,"href":"https:\/\/www.rwg-bayreuth.de\/home\/index.php?rest_route=\/wp\/v2\/posts\/24423\/revisions"}],"predecessor-version":[{"id":24432,"href":"https:\/\/www.rwg-bayreuth.de\/home\/index.php?rest_route=\/wp\/v2\/posts\/24423\/revisions\/24432"}],"wp:featuredmedia":[{"embeddable":true,"href":"https:\/\/www.rwg-bayreuth.de\/home\/index.php?rest_route=\/wp\/v2\/media\/24430"}],"wp:attachment":[{"href":"https:\/\/www.rwg-bayreuth.de\/home\/index.php?rest_route=%2Fwp%2Fv2%2Fmedia&parent=24423"}],"wp:term":[{"taxonomy":"category","embeddable":true,"href":"https:\/\/www.rwg-bayreuth.de\/home\/index.php?rest_route=%2Fwp%2Fv2%2Fcategories&post=24423"},{"taxonomy":"post_tag","embeddable":true,"href":"https:\/\/www.rwg-bayreuth.de\/home\/index.php?rest_route=%2Fwp%2Fv2%2Ftags&post=24423"}],"curies":[{"name":"wp","href":"https:\/\/api.w.org\/{rel}","templated":true}]}}