{"id":2424,"date":"2013-07-29T16:25:18","date_gmt":"2013-07-29T15:25:18","guid":{"rendered":"http:\/\/www.rwg-bayreuth.de\/home\/?p=2424"},"modified":"2013-07-29T16:25:18","modified_gmt":"2013-07-29T15:25:18","slug":"die-neuen-schulsanis-haben-ihre-ausbildung-beendet","status":"publish","type":"post","link":"https:\/\/www.rwg-bayreuth.de\/home\/?p=2424","title":{"rendered":"Die neuen Schulsanis haben ihre Ausbildung beendet"},"content":{"rendered":"<div id=\"attachment_2425\" style=\"width: 410px\" class=\"wp-caption alignleft\"><a href=\"https:\/\/www.rwg-bayreuth.de\/home\/wp-content\/uploads\/2013\/07\/2013_Sanis_web.jpg\"><img loading=\"lazy\" decoding=\"async\" aria-describedby=\"caption-attachment-2425\" src=\"https:\/\/www.rwg-bayreuth.de\/home\/wp-content\/uploads\/2013\/07\/2013_Sanis_web.jpg\" alt=\"Schulleiterin Graf lobte die Sanit\u00e4ter f\u00fcr ihr Engagement. Die Ausbildung erfolgte durch Herrn Schill (rechts).\" width=\"400\" height=\"259\" class=\"size-full wp-image-2425\" \/><\/a><p id=\"caption-attachment-2425\" class=\"wp-caption-text\">Schulleiterin Graf lobte die Sanit\u00e4ter f\u00fcr ihr Engagement. Die Ausbildung erfolgte durch Herrn Schill (rechts).<\/p><\/div>14 Sch\u00fclerinnen und Sch\u00fcler haben sich f\u00fcr den RWG-Schulsanit\u00e4tsdienst ausbilden lassen. Alle neuen Schulsanit\u00e4ter nahmen an dem 16 Unterrichtsstunden umfassenden Erste-Hilfe-Kurs teil, der von Herrn Schill als Ausbilder geleitet wurde. Unterst\u00fctzt wurde er hierbei vom derzeitigen Sch\u00fcler-Organisator des Sanit\u00e4tsdienstes, Tizian Jahreis (10b). Die Sch\u00fclerinnen und Sch\u00fcler haben bei dem Kurs Kenntnisse aus den Bereichen Erkennen von Situationen und notwendigen Ma\u00dfnahmen der Ersten Hilfe erworben. Frau OStDin Graf bedankt sich f\u00fcr die Bereitschaft aller Teilnehmerinnen und Teilnehmer, sich aktiv in diesem wichtigen Bereich der Schule zu engagieren und w\u00fcnscht allen alten und neuen Schulsanit\u00e4tern m\u00f6glichst wenig in Anspruch genommen werden zu m\u00fcssen.<\/p>\n<p>Die neuen Schulsanit\u00e4ter sind:<br \/>\nAmmon, Helena, 7c; Ruckdeschel, Elisa, 7c; Sch\u00f6rner, Helena, 7c; Sell, Valerie, 7c; Seyferth, Carina, 7c; Stadter, Marina, 7c; Wagner, Anna-Lena, 7c; Ziegler, Carina, 7c; Dettlaff, Eva, 7d; Neidhardt, Celina, 8a; Jasef, Lena, 8a; Ammon, Linda, 8d; Niedens, Katharina, 8d<\/p>\n","protected":false},"excerpt":{"rendered":"<p>14 Sch\u00fclerinnen und Sch\u00fcler haben sich f\u00fcr den RWG-Schulsanit\u00e4tsdienst ausbilden lassen. Alle neuen Schulsanit\u00e4ter nahmen an dem 16 Unterrichtsstunden umfassenden Erste-Hilfe-Kurs teil, der von Herrn Schill als Ausbilder geleitet wurde. Unterst\u00fctzt wurde er hierbei vom derzeitigen Sch\u00fcler-Organisator des Sanit\u00e4tsdienstes, Tizian Jahreis (10b). Die Sch\u00fclerinnen und Sch\u00fcler haben bei dem Kurs Kenntnisse aus den Bereichen Erkennen&hellip;<\/p>\n","protected":false},"author":2,"featured_media":0,"comment_status":"closed","ping_status":"closed","sticky":false,"template":"","format":"standard","meta":{"footnotes":""},"categories":[1],"tags":[],"_links":{"self":[{"href":"https:\/\/www.rwg-bayreuth.de\/home\/index.php?rest_route=\/wp\/v2\/posts\/2424"}],"collection":[{"href":"https:\/\/www.rwg-bayreuth.de\/home\/index.php?rest_route=\/wp\/v2\/posts"}],"about":[{"href":"https:\/\/www.rwg-bayreuth.de\/home\/index.php?rest_route=\/wp\/v2\/types\/post"}],"author":[{"embeddable":true,"href":"https:\/\/www.rwg-bayreuth.de\/home\/index.php?rest_route=\/wp\/v2\/users\/2"}],"replies":[{"embeddable":true,"href":"https:\/\/www.rwg-bayreuth.de\/home\/index.php?rest_route=%2Fwp%2Fv2%2Fcomments&post=2424"}],"version-history":[{"count":1,"href":"https:\/\/www.rwg-bayreuth.de\/home\/index.php?rest_route=\/wp\/v2\/posts\/2424\/revisions"}],"predecessor-version":[{"id":2426,"href":"https:\/\/www.rwg-bayreuth.de\/home\/index.php?rest_route=\/wp\/v2\/posts\/2424\/revisions\/2426"}],"wp:attachment":[{"href":"https:\/\/www.rwg-bayreuth.de\/home\/index.php?rest_route=%2Fwp%2Fv2%2Fmedia&parent=2424"}],"wp:term":[{"taxonomy":"category","embeddable":true,"href":"https:\/\/www.rwg-bayreuth.de\/home\/index.php?rest_route=%2Fwp%2Fv2%2Fcategories&post=2424"},{"taxonomy":"post_tag","embeddable":true,"href":"https:\/\/www.rwg-bayreuth.de\/home\/index.php?rest_route=%2Fwp%2Fv2%2Ftags&post=2424"}],"curies":[{"name":"wp","href":"https:\/\/api.w.org\/{rel}","templated":true}]}}