{"id":24211,"date":"2020-03-01T06:11:46","date_gmt":"2020-03-01T05:11:46","guid":{"rendered":"http:\/\/www.rwg-bayreuth.de\/home\/?p=24211"},"modified":"2020-09-29T14:59:47","modified_gmt":"2020-09-29T12:59:47","slug":"europa-macht-schule-am-rwg","status":"publish","type":"post","link":"https:\/\/www.rwg-bayreuth.de\/home\/?p=24211","title":{"rendered":"Europa macht Schule am RWG"},"content":{"rendered":"<p><a href=\"https:\/\/www.rwg-bayreuth.de\/home\/wp-content\/uploads\/2020\/02\/19-20-Sozialkunde-Europa-macht-Schule.jpg\"><img loading=\"lazy\" decoding=\"async\" src=\"https:\/\/www.rwg-bayreuth.de\/home\/wp-content\/uploads\/2020\/02\/19-20-Sozialkunde-Europa-macht-Schule-450x300.jpg\" alt=\"\" width=\"450\" height=\"300\" class=\"aligncenter size-medium wp-image-24212\" srcset=\"https:\/\/www.rwg-bayreuth.de\/home\/wp-content\/uploads\/2020\/02\/19-20-Sozialkunde-Europa-macht-Schule-450x300.jpg 450w, https:\/\/www.rwg-bayreuth.de\/home\/wp-content\/uploads\/2020\/02\/19-20-Sozialkunde-Europa-macht-Schule-768x512.jpg 768w, https:\/\/www.rwg-bayreuth.de\/home\/wp-content\/uploads\/2020\/02\/19-20-Sozialkunde-Europa-macht-Schule-250x167.jpg 250w, https:\/\/www.rwg-bayreuth.de\/home\/wp-content\/uploads\/2020\/02\/19-20-Sozialkunde-Europa-macht-Schule-900x600.jpg 900w, https:\/\/www.rwg-bayreuth.de\/home\/wp-content\/uploads\/2020\/02\/19-20-Sozialkunde-Europa-macht-Schule.jpg 1024w\" sizes=\"(max-width: 450px) 100vw, 450px\" \/><\/a><\/p>\n<p>Das Projekt <em>Europa macht Schule<\/em>, das vom gleichnamigen Verein und dem Deutschen Akademischen Austauschdienst getragen wird und unter der Schirmherrschaft von Bundespr\u00e4sident Frank-Walter Steinmeier steht, bringt junge Gaststudenten aus ganz Europa in Kontakt mit Sch\u00fclerinnen und Sch\u00fclern an deutschen Schulen. Hierbei haben beide Seiten die M\u00f6glichkeit, Einblicke in die Kultur des jeweils anderen Landes zu bekommen bzw. zu vertiefen. <\/p>\n<p><a href=\"https:\/\/www.europamachtschule.de\/\"><img loading=\"lazy\" decoding=\"async\" src=\"https:\/\/www.rwg-bayreuth.de\/home\/wp-content\/uploads\/2020\/03\/EmS_Badge_2019_20-450x369.jpg\" alt=\"\" width=\"300\" height=\"246\" class=\"alignright size-medium wp-image-27091\" srcset=\"https:\/\/www.rwg-bayreuth.de\/home\/wp-content\/uploads\/2020\/03\/EmS_Badge_2019_20-450x369.jpg 450w, https:\/\/www.rwg-bayreuth.de\/home\/wp-content\/uploads\/2020\/03\/EmS_Badge_2019_20-1024x839.jpg 1024w, https:\/\/www.rwg-bayreuth.de\/home\/wp-content\/uploads\/2020\/03\/EmS_Badge_2019_20-768x629.jpg 768w, https:\/\/www.rwg-bayreuth.de\/home\/wp-content\/uploads\/2020\/03\/EmS_Badge_2019_20-250x205.jpg 250w, https:\/\/www.rwg-bayreuth.de\/home\/wp-content\/uploads\/2020\/03\/EmS_Badge_2019_20.jpg 1317w\" sizes=\"(max-width: 300px) 100vw, 300px\" \/><\/a>Im Rahmen dieses Projektes, das an Bayreuther Schulen in Kooperation mit dem Standort-Team von <em>Europa macht Schule<\/em> an der Universit\u00e4t Bayreuth stattfindet, besuchte Herr Selman \u015eeref zweimal das Richard-Wagner-Gymnasium im Januar dieses Jahres, um den Sch\u00fclerinnen und Sch\u00fclern der Klasse 10bc im sozialwissenschaftlichen Zweig Einblicke in sein Heimatland, die T\u00fcrkei, zu erm\u00f6glichen. Herr \u015eeref studiert eigentlich an der Deutsch-T\u00fcrkischen Universit\u00e4t in Istanbul, ist aber seit September 2019 f\u00fcr ein Jahr nun Student an der Universit\u00e4t Bayreuth. <\/p>\n<p>Schwerpunkte des Vortrags waren ein \u00dcberblick \u00fcber die neuere Geschichte der T\u00fcrkei und die Beleuchtung verschiedener Aspekt der t\u00fcrkischen Gesellschaft. Aber auch in das t\u00fcrkische Bildungssystem erm\u00f6glichte er der Klasse Einblicke. Zudem verschaffte er den Sch\u00fclerinnen und Sch\u00fclern einen vergleichenden \u00dcberblick \u00fcber Unterschiede und Gemeinsamkeiten der deutschen und t\u00fcrkischen Gesellschaft. <\/p>\n<p>Bei seinem zweiten Besuch konnte die Klasse Herrn \u015eeref dann Fragen sowohl zu seiner Person als auch allgemein zur T\u00fcrkei stellen. Besonders von Interesse waren f\u00fcr die Sch\u00fclerinnen und Sch\u00fcler seine bisherigen Eindr\u00fccke von Deutschland im Allgemeinen und Bayreuth im Speziellen. Aber auch an seiner Einsch\u00e4tzung der aktuellen politischen Lage in der T\u00fcrkei und seine pers\u00f6nliche Sicht auf das deutsch-t\u00fcrkische Verh\u00e4ltnisses zeigten sich die Sch\u00fclerinnen und Sch\u00fcler interessiert.<\/p>\n<p><em>Ralf Knappe<\/em><\/p>\n","protected":false},"excerpt":{"rendered":"<p>Das Projekt Europa macht Schule, das vom gleichnamigen Verein und dem Deutschen Akademischen Austauschdienst getragen wird und unter der Schirmherrschaft von Bundespr\u00e4sident Frank-Walter Steinmeier steht, bringt junge Gaststudenten aus ganz Europa in Kontakt mit Sch\u00fclerinnen und Sch\u00fclern an deutschen Schulen. Hierbei haben beide Seiten die M\u00f6glichkeit, Einblicke in die Kultur des jeweils anderen Landes zu&hellip;<\/p>\n","protected":false},"author":11,"featured_media":24212,"comment_status":"closed","ping_status":"closed","sticky":false,"template":"","format":"standard","meta":{"footnotes":""},"categories":[1],"tags":[51,52],"_links":{"self":[{"href":"https:\/\/www.rwg-bayreuth.de\/home\/index.php?rest_route=\/wp\/v2\/posts\/24211"}],"collection":[{"href":"https:\/\/www.rwg-bayreuth.de\/home\/index.php?rest_route=\/wp\/v2\/posts"}],"about":[{"href":"https:\/\/www.rwg-bayreuth.de\/home\/index.php?rest_route=\/wp\/v2\/types\/post"}],"author":[{"embeddable":true,"href":"https:\/\/www.rwg-bayreuth.de\/home\/index.php?rest_route=\/wp\/v2\/users\/11"}],"replies":[{"embeddable":true,"href":"https:\/\/www.rwg-bayreuth.de\/home\/index.php?rest_route=%2Fwp%2Fv2%2Fcomments&post=24211"}],"version-history":[{"count":4,"href":"https:\/\/www.rwg-bayreuth.de\/home\/index.php?rest_route=\/wp\/v2\/posts\/24211\/revisions"}],"predecessor-version":[{"id":27092,"href":"https:\/\/www.rwg-bayreuth.de\/home\/index.php?rest_route=\/wp\/v2\/posts\/24211\/revisions\/27092"}],"wp:featuredmedia":[{"embeddable":true,"href":"https:\/\/www.rwg-bayreuth.de\/home\/index.php?rest_route=\/wp\/v2\/media\/24212"}],"wp:attachment":[{"href":"https:\/\/www.rwg-bayreuth.de\/home\/index.php?rest_route=%2Fwp%2Fv2%2Fmedia&parent=24211"}],"wp:term":[{"taxonomy":"category","embeddable":true,"href":"https:\/\/www.rwg-bayreuth.de\/home\/index.php?rest_route=%2Fwp%2Fv2%2Fcategories&post=24211"},{"taxonomy":"post_tag","embeddable":true,"href":"https:\/\/www.rwg-bayreuth.de\/home\/index.php?rest_route=%2Fwp%2Fv2%2Ftags&post=24211"}],"curies":[{"name":"wp","href":"https:\/\/api.w.org\/{rel}","templated":true}]}}