{"id":24069,"date":"2020-02-16T06:41:57","date_gmt":"2020-02-16T05:41:57","guid":{"rendered":"http:\/\/www.rwg-bayreuth.de\/home\/?p=24069"},"modified":"2020-02-17T10:53:19","modified_gmt":"2020-02-17T09:53:19","slug":"schulsiegerin-jule-wird-zweite-beim-kreisentscheid-des-vorlesewettbewerbs","status":"publish","type":"post","link":"https:\/\/www.rwg-bayreuth.de\/home\/?p=24069","title":{"rendered":"Schulsiegerin Jule wird Zweite beim Kreisentscheid des Vorlesewettbewerbs"},"content":{"rendered":"<p><a href=\"https:\/\/www.rwg-bayreuth.de\/home\/wp-content\/uploads\/2020\/02\/19-20-Deutsch-Jule-beim-Vorlesewettbewerb.jpg\"><img loading=\"lazy\" decoding=\"async\" src=\"https:\/\/www.rwg-bayreuth.de\/home\/wp-content\/uploads\/2020\/02\/19-20-Deutsch-Jule-beim-Vorlesewettbewerb-450x338.jpg\" alt=\"\" width=\"450\" height=\"338\" class=\"aligncenter size-medium wp-image-24071\" srcset=\"https:\/\/www.rwg-bayreuth.de\/home\/wp-content\/uploads\/2020\/02\/19-20-Deutsch-Jule-beim-Vorlesewettbewerb-450x338.jpg 450w, https:\/\/www.rwg-bayreuth.de\/home\/wp-content\/uploads\/2020\/02\/19-20-Deutsch-Jule-beim-Vorlesewettbewerb-768x577.jpg 768w, https:\/\/www.rwg-bayreuth.de\/home\/wp-content\/uploads\/2020\/02\/19-20-Deutsch-Jule-beim-Vorlesewettbewerb-250x188.jpg 250w, https:\/\/www.rwg-bayreuth.de\/home\/wp-content\/uploads\/2020\/02\/19-20-Deutsch-Jule-beim-Vorlesewettbewerb.jpg 1024w\" sizes=\"(max-width: 450px) 100vw, 450px\" \/><\/a><\/p>\n<p>Im Rahmen des bundesweiten Vorlesewettbewerbs des B\u00f6rsenvereins schickte das RWG Schulsiegerin Jule aus der 6d ins Rennen um den Titel des Kreissiegers oder der Kreissiegerin. Insgesamt acht Sch\u00fclerinnen und Sch\u00fcler nahmen am Entscheid am 13.Februar 2020 in der Stadtbibliothek RW21 teil. Sie alle stellten in der ersten Runde zun\u00e4chst ein selbstgew\u00e4hltes Buch vor und lasen sodann einen dreimin\u00fctigen Ausschnitt daraus vor. Die f\u00fcnfk\u00f6pfige Jury bewertete dabei beispielsweise die Textstellenauswahl und den Stil des Lesens. Nachdem die zwei Teilnehmer und die sechs Teilnehmerinnen mit den ihnen bekannten und von ihnen vorbereiteten Texten gegl\u00e4nzt hatten, wurde ein Fremdtext (Andreas Steinh\u00f6fel: \u201eRico, Oskar und die Tieferschatten\u201c) durch da Organisationsteam gestellt, aus welchem nun wieder reihum ein circa zweimin\u00fctiger Ausschnitt vorgelesen wurde. Sp\u00e4testens jetzt war Spannung garantiert! <\/p>\n<p>Unsere Jule schlug sich in beiden Runden ausgezeichnet. Sie wurde nach einem packenden Finale gute Zweite und durfte sich mit allen anderen Leserinnen und Lesern \u00fcber eine Teilnehmerurkunde, ein Buch und ein Pr\u00e4sent des Loewe-Verlags freuen. Die Veranstaltung war rundum gelungen und bot mit einer musikalischen Zwischeneinlage und einer mit Bayreuther Fachprominenz \u00e4u\u00dferst kompetent besetzten Jury einen sehr ansprechenden und w\u00fcrdigen Rahmen. Wir w\u00fcnschen der Kreissiegerin im weiteren Verlauf des Wettbewerbs viel Erfolg und freuen uns mit unserer Schulsiegerin \u00fcber ihre au\u00dfergew\u00f6hnliche Leseleistung und den tollen Auftritt.<\/p>\n","protected":false},"excerpt":{"rendered":"<p>Im Rahmen des bundesweiten Vorlesewettbewerbs des B\u00f6rsenvereins schickte das RWG Schulsiegerin Jule aus der 6d ins Rennen um den Titel des Kreissiegers oder der Kreissiegerin. Insgesamt acht Sch\u00fclerinnen und Sch\u00fcler nahmen am Entscheid am 13.Februar 2020 in der Stadtbibliothek RW21 teil. Sie alle stellten in der ersten Runde zun\u00e4chst ein selbstgew\u00e4hltes Buch vor und lasen&hellip;<\/p>\n","protected":false},"author":11,"featured_media":24070,"comment_status":"closed","ping_status":"closed","sticky":false,"template":"","format":"standard","meta":{"footnotes":""},"categories":[1],"tags":[59,51,71],"_links":{"self":[{"href":"https:\/\/www.rwg-bayreuth.de\/home\/index.php?rest_route=\/wp\/v2\/posts\/24069"}],"collection":[{"href":"https:\/\/www.rwg-bayreuth.de\/home\/index.php?rest_route=\/wp\/v2\/posts"}],"about":[{"href":"https:\/\/www.rwg-bayreuth.de\/home\/index.php?rest_route=\/wp\/v2\/types\/post"}],"author":[{"embeddable":true,"href":"https:\/\/www.rwg-bayreuth.de\/home\/index.php?rest_route=\/wp\/v2\/users\/11"}],"replies":[{"embeddable":true,"href":"https:\/\/www.rwg-bayreuth.de\/home\/index.php?rest_route=%2Fwp%2Fv2%2Fcomments&post=24069"}],"version-history":[{"count":2,"href":"https:\/\/www.rwg-bayreuth.de\/home\/index.php?rest_route=\/wp\/v2\/posts\/24069\/revisions"}],"predecessor-version":[{"id":24181,"href":"https:\/\/www.rwg-bayreuth.de\/home\/index.php?rest_route=\/wp\/v2\/posts\/24069\/revisions\/24181"}],"wp:featuredmedia":[{"embeddable":true,"href":"https:\/\/www.rwg-bayreuth.de\/home\/index.php?rest_route=\/wp\/v2\/media\/24070"}],"wp:attachment":[{"href":"https:\/\/www.rwg-bayreuth.de\/home\/index.php?rest_route=%2Fwp%2Fv2%2Fmedia&parent=24069"}],"wp:term":[{"taxonomy":"category","embeddable":true,"href":"https:\/\/www.rwg-bayreuth.de\/home\/index.php?rest_route=%2Fwp%2Fv2%2Fcategories&post=24069"},{"taxonomy":"post_tag","embeddable":true,"href":"https:\/\/www.rwg-bayreuth.de\/home\/index.php?rest_route=%2Fwp%2Fv2%2Ftags&post=24069"}],"curies":[{"name":"wp","href":"https:\/\/api.w.org\/{rel}","templated":true}]}}