{"id":24057,"date":"2020-02-22T07:08:40","date_gmt":"2020-02-22T06:08:40","guid":{"rendered":"http:\/\/www.rwg-bayreuth.de\/home\/?p=24057"},"modified":"2020-02-13T20:20:59","modified_gmt":"2020-02-13T19:20:59","slug":"il-carnevale-non-solo-a-venezia-ma-anche-al-rwg","status":"publish","type":"post","link":"https:\/\/www.rwg-bayreuth.de\/home\/?p=24057","title":{"rendered":"Il carnevale- non solo a Venezia, ma anche al RWG!!!"},"content":{"rendered":"<div class=\"su-image-carousel  su-image-carousel-crop su-image-carousel-crop-4-3 su-image-carousel-has-lightbox su-image-carousel-has-outline su-image-carousel-adaptive su-image-carousel-slides-style-default su-image-carousel-controls-style-light su-image-carousel-align-center\" style=\"max-width:450px\" data-flickity-options='{\"groupCells\":true,\"cellSelector\":\".su-image-carousel-item\",\"adaptiveHeight\":false,\"cellAlign\":\"left\",\"prevNextButtons\":true,\"pageDots\":false,\"autoPlay\":5000,\"imagesLoaded\":true,\"contain\":true,\"selectedAttraction\":0.025000000000000001,\"friction\":0.28000000000000003}' id=\"su_image_carousel_69f1b29e942a3\"><div class=\"su-image-carousel-item\"><div class=\"su-image-carousel-item-content\"><a href=\"https:\/\/www.rwg-bayreuth.de\/home\/wp-content\/uploads\/2020\/02\/19-20-Italienisch-Sch\u00fcler-mit-Masken.jpg\" data-caption=\"\"><img loading=\"lazy\" decoding=\"async\" width=\"768\" height=\"576\" src=\"https:\/\/www.rwg-bayreuth.de\/home\/wp-content\/uploads\/2020\/02\/19-20-Italienisch-Sch\u00fcler-mit-Masken-768x576.jpg\" class=\"\" alt=\"\" srcset=\"https:\/\/www.rwg-bayreuth.de\/home\/wp-content\/uploads\/2020\/02\/19-20-Italienisch-Sch\u00fcler-mit-Masken-768x576.jpg 768w, https:\/\/www.rwg-bayreuth.de\/home\/wp-content\/uploads\/2020\/02\/19-20-Italienisch-Sch\u00fcler-mit-Masken-450x338.jpg 450w, https:\/\/www.rwg-bayreuth.de\/home\/wp-content\/uploads\/2020\/02\/19-20-Italienisch-Sch\u00fcler-mit-Masken-250x188.jpg 250w, https:\/\/www.rwg-bayreuth.de\/home\/wp-content\/uploads\/2020\/02\/19-20-Italienisch-Sch\u00fcler-mit-Masken.jpg 1024w\" sizes=\"(max-width: 768px) 100vw, 768px\" \/><\/a><\/div><\/div><div class=\"su-image-carousel-item\"><div class=\"su-image-carousel-item-content\"><a href=\"https:\/\/www.rwg-bayreuth.de\/home\/wp-content\/uploads\/2020\/02\/19-20-Italienisch-Masken-basteln.jpg\" data-caption=\"\"><img loading=\"lazy\" decoding=\"async\" width=\"768\" height=\"576\" src=\"https:\/\/www.rwg-bayreuth.de\/home\/wp-content\/uploads\/2020\/02\/19-20-Italienisch-Masken-basteln-768x576.jpg\" class=\"\" alt=\"\" srcset=\"https:\/\/www.rwg-bayreuth.de\/home\/wp-content\/uploads\/2020\/02\/19-20-Italienisch-Masken-basteln-768x576.jpg 768w, https:\/\/www.rwg-bayreuth.de\/home\/wp-content\/uploads\/2020\/02\/19-20-Italienisch-Masken-basteln-450x338.jpg 450w, https:\/\/www.rwg-bayreuth.de\/home\/wp-content\/uploads\/2020\/02\/19-20-Italienisch-Masken-basteln-250x188.jpg 250w, https:\/\/www.rwg-bayreuth.de\/home\/wp-content\/uploads\/2020\/02\/19-20-Italienisch-Masken-basteln.jpg 1024w\" sizes=\"(max-width: 768px) 100vw, 768px\" \/><\/a><\/div><\/div><div class=\"su-image-carousel-item\"><div class=\"su-image-carousel-item-content\"><a href=\"https:\/\/www.rwg-bayreuth.de\/home\/wp-content\/uploads\/2020\/02\/19-20-Italienisch-Masken-auf-Tisch.jpg\" data-caption=\"\"><img loading=\"lazy\" decoding=\"async\" width=\"768\" height=\"576\" src=\"https:\/\/www.rwg-bayreuth.de\/home\/wp-content\/uploads\/2020\/02\/19-20-Italienisch-Masken-auf-Tisch-768x576.jpg\" class=\"\" alt=\"\" srcset=\"https:\/\/www.rwg-bayreuth.de\/home\/wp-content\/uploads\/2020\/02\/19-20-Italienisch-Masken-auf-Tisch-768x576.jpg 768w, https:\/\/www.rwg-bayreuth.de\/home\/wp-content\/uploads\/2020\/02\/19-20-Italienisch-Masken-auf-Tisch-450x338.jpg 450w, https:\/\/www.rwg-bayreuth.de\/home\/wp-content\/uploads\/2020\/02\/19-20-Italienisch-Masken-auf-Tisch-250x188.jpg 250w, https:\/\/www.rwg-bayreuth.de\/home\/wp-content\/uploads\/2020\/02\/19-20-Italienisch-Masken-auf-Tisch.jpg 1024w\" sizes=\"(max-width: 768px) 100vw, 768px\" \/><\/a><\/div><\/div><\/div><script id=\"su_image_carousel_69f1b29e942a3_script\">if(window.SUImageCarousel){setTimeout(function() {window.SUImageCarousel.initGallery(document.getElementById(\"su_image_carousel_69f1b29e942a3\"))}, 0);}var su_image_carousel_69f1b29e942a3_script=document.getElementById(\"su_image_carousel_69f1b29e942a3_script\");if(su_image_carousel_69f1b29e942a3_script){su_image_carousel_69f1b29e942a3_script.parentNode.removeChild(su_image_carousel_69f1b29e942a3_script);}<\/script>\n<p>Nachdem die SprachenChecker AG das neue Jahr begr\u00fc\u00dft hat und sich laute gute Neujahresvors\u00e4tze auf Englisch (New Year`s Resolutions) \u00fcberlegt hat, wurde heute die Faschingszeit eingel\u00e4utet. Zun\u00e4chst haben wir \u00fcber den wohl bekanntesten Fasching der Welt, den <em>Carnevale a Venezia<\/em> gelesen, der dieses Jahr vom 08.02 bis 25.02.2020 stattfindet und erste italienische W\u00f6rter gelernt (campanile, volo dell`angelo, etc.). Dann haben wir uns daran gemacht, den ber\u00fchmtesten Masken \u201ebauta\u201c und \u201emoretta\u201c nachzueifern und unseren eigenen <strong>maschere veneziane<\/strong> erstellt. Hier das Ergebnis, das sich wahrlich sehen lassen kann.<\/p>\n","protected":false},"excerpt":{"rendered":"<p>Nachdem die SprachenChecker AG das neue Jahr begr\u00fc\u00dft hat und sich laute gute Neujahresvors\u00e4tze auf Englisch (New Year`s Resolutions) \u00fcberlegt hat, wurde heute die Faschingszeit eingel\u00e4utet. Zun\u00e4chst haben wir \u00fcber den wohl bekanntesten Fasching der Welt, den Carnevale a Venezia gelesen, der dieses Jahr vom 08.02 bis 25.02.2020 stattfindet und erste italienische W\u00f6rter gelernt (campanile,&hellip;<\/p>\n","protected":false},"author":11,"featured_media":24061,"comment_status":"closed","ping_status":"closed","sticky":false,"template":"","format":"standard","meta":{"footnotes":""},"categories":[1],"tags":[51,69,124],"_links":{"self":[{"href":"https:\/\/www.rwg-bayreuth.de\/home\/index.php?rest_route=\/wp\/v2\/posts\/24057"}],"collection":[{"href":"https:\/\/www.rwg-bayreuth.de\/home\/index.php?rest_route=\/wp\/v2\/posts"}],"about":[{"href":"https:\/\/www.rwg-bayreuth.de\/home\/index.php?rest_route=\/wp\/v2\/types\/post"}],"author":[{"embeddable":true,"href":"https:\/\/www.rwg-bayreuth.de\/home\/index.php?rest_route=\/wp\/v2\/users\/11"}],"replies":[{"embeddable":true,"href":"https:\/\/www.rwg-bayreuth.de\/home\/index.php?rest_route=%2Fwp%2Fv2%2Fcomments&post=24057"}],"version-history":[{"count":2,"href":"https:\/\/www.rwg-bayreuth.de\/home\/index.php?rest_route=\/wp\/v2\/posts\/24057\/revisions"}],"predecessor-version":[{"id":24064,"href":"https:\/\/www.rwg-bayreuth.de\/home\/index.php?rest_route=\/wp\/v2\/posts\/24057\/revisions\/24064"}],"wp:featuredmedia":[{"embeddable":true,"href":"https:\/\/www.rwg-bayreuth.de\/home\/index.php?rest_route=\/wp\/v2\/media\/24061"}],"wp:attachment":[{"href":"https:\/\/www.rwg-bayreuth.de\/home\/index.php?rest_route=%2Fwp%2Fv2%2Fmedia&parent=24057"}],"wp:term":[{"taxonomy":"category","embeddable":true,"href":"https:\/\/www.rwg-bayreuth.de\/home\/index.php?rest_route=%2Fwp%2Fv2%2Fcategories&post=24057"},{"taxonomy":"post_tag","embeddable":true,"href":"https:\/\/www.rwg-bayreuth.de\/home\/index.php?rest_route=%2Fwp%2Fv2%2Ftags&post=24057"}],"curies":[{"name":"wp","href":"https:\/\/api.w.org\/{rel}","templated":true}]}}