{"id":24047,"date":"2020-02-18T07:01:19","date_gmt":"2020-02-18T06:01:19","guid":{"rendered":"http:\/\/www.rwg-bayreuth.de\/home\/?p=24047"},"modified":"2020-02-13T18:08:30","modified_gmt":"2020-02-13T17:08:30","slug":"ole-flamenco","status":"publish","type":"post","link":"https:\/\/www.rwg-bayreuth.de\/home\/?p=24047","title":{"rendered":"Ol\u00e9 Flamenco!"},"content":{"rendered":"<p><a href=\"https:\/\/www.rwg-bayreuth.de\/home\/wp-content\/uploads\/2020\/02\/19-20-Spanisch-Flamenco-am-RWG-2020-2.jpg\"><img loading=\"lazy\" decoding=\"async\" src=\"https:\/\/www.rwg-bayreuth.de\/home\/wp-content\/uploads\/2020\/02\/19-20-Spanisch-Flamenco-am-RWG-2020-2-450x338.jpg\" alt=\"\" width=\"450\" height=\"338\" class=\"aligncenter size-medium wp-image-24048\" srcset=\"https:\/\/www.rwg-bayreuth.de\/home\/wp-content\/uploads\/2020\/02\/19-20-Spanisch-Flamenco-am-RWG-2020-2-450x338.jpg 450w, https:\/\/www.rwg-bayreuth.de\/home\/wp-content\/uploads\/2020\/02\/19-20-Spanisch-Flamenco-am-RWG-2020-2-768x576.jpg 768w, https:\/\/www.rwg-bayreuth.de\/home\/wp-content\/uploads\/2020\/02\/19-20-Spanisch-Flamenco-am-RWG-2020-2-250x188.jpg 250w, https:\/\/www.rwg-bayreuth.de\/home\/wp-content\/uploads\/2020\/02\/19-20-Spanisch-Flamenco-am-RWG-2020-2.jpg 1024w\" sizes=\"(max-width: 450px) 100vw, 450px\" \/><\/a><\/p>\n<p>Wer sich am letzten Dienstag unter dem Raum 113 aufhielt, konnte lautes Stampfen und Klatschen h\u00f6ren. Es war aber nicht die Decke, die am Einst\u00fcrzen war, sondern die Spanischlerner der 10. und 11.&nbsp;Klassen, die eine Schnupperstunde im Flamenco erhielten und ordentlich mit den F\u00fc\u00dfen stampften. <a href=\"https:\/\/www.rwg-bayreuth.de\/home\/wp-content\/uploads\/2020\/02\/19-20-Spanisch-Flamenco-am-RWG-2020-1.jpg\"><img loading=\"lazy\" decoding=\"async\" src=\"https:\/\/www.rwg-bayreuth.de\/home\/wp-content\/uploads\/2020\/02\/19-20-Spanisch-Flamenco-am-RWG-2020-1-450x338.jpg\" alt=\"\" width=\"450\" height=\"338\" class=\"alignright size-medium wp-image-24049\" srcset=\"https:\/\/www.rwg-bayreuth.de\/home\/wp-content\/uploads\/2020\/02\/19-20-Spanisch-Flamenco-am-RWG-2020-1-450x338.jpg 450w, https:\/\/www.rwg-bayreuth.de\/home\/wp-content\/uploads\/2020\/02\/19-20-Spanisch-Flamenco-am-RWG-2020-1-768x576.jpg 768w, https:\/\/www.rwg-bayreuth.de\/home\/wp-content\/uploads\/2020\/02\/19-20-Spanisch-Flamenco-am-RWG-2020-1-250x188.jpg 250w, https:\/\/www.rwg-bayreuth.de\/home\/wp-content\/uploads\/2020\/02\/19-20-Spanisch-Flamenco-am-RWG-2020-1.jpg 1024w\" sizes=\"(max-width: 450px) 100vw, 450px\" \/><\/a>Sibylle Kl\u00fcser von der Flamenco&shy;schule <em>Adelante<\/em> in Bayreuth war so freundlich, uns in die Grundlagen von <em>palmeadas<\/em> und <em>zapateadas<\/em> einzuweisen und erz\u00e4hlte uns auch Vieles \u00fcber die Urspr\u00fcnge und verschiedenen Stile des Flamencos. Mit ihrer freundlich-resoluten Art zeigte sie uns, was K\u00f6rperhaltung und -spannung alles bewirken k\u00f6nnen und f\u00fchrte uns in die Welt der <em>gitano<\/em>-T\u00e4nze ein. Nach nur einer Stunde konnten wir alle schon fas eine komplette Choreographie tanzen! Es war eine h\u00f6chst interessante, unterhaltsame und lehrreiche Stunde f\u00fcr uns alle \u2013 und sicherlich nicht das letzte Mal, dass wir uns mit dem Flamenco befassen. Ol\u00e9!<\/p>\n","protected":false},"excerpt":{"rendered":"<p>Wer sich am letzten Dienstag unter dem Raum 113 aufhielt, konnte lautes Stampfen und Klatschen h\u00f6ren. Es war aber nicht die Decke, die am Einst\u00fcrzen war, sondern die Spanischlerner der 10. und 11.&nbsp;Klassen, die eine Schnupperstunde im Flamenco erhielten und ordentlich mit den F\u00fc\u00dfen stampften. Sibylle Kl\u00fcser von der Flamenco&shy;schule Adelante in Bayreuth war so&hellip;<\/p>\n","protected":false},"author":11,"featured_media":24050,"comment_status":"closed","ping_status":"closed","sticky":false,"template":"","format":"standard","meta":{"footnotes":""},"categories":[1],"tags":[51,97],"_links":{"self":[{"href":"https:\/\/www.rwg-bayreuth.de\/home\/index.php?rest_route=\/wp\/v2\/posts\/24047"}],"collection":[{"href":"https:\/\/www.rwg-bayreuth.de\/home\/index.php?rest_route=\/wp\/v2\/posts"}],"about":[{"href":"https:\/\/www.rwg-bayreuth.de\/home\/index.php?rest_route=\/wp\/v2\/types\/post"}],"author":[{"embeddable":true,"href":"https:\/\/www.rwg-bayreuth.de\/home\/index.php?rest_route=\/wp\/v2\/users\/11"}],"replies":[{"embeddable":true,"href":"https:\/\/www.rwg-bayreuth.de\/home\/index.php?rest_route=%2Fwp%2Fv2%2Fcomments&post=24047"}],"version-history":[{"count":2,"href":"https:\/\/www.rwg-bayreuth.de\/home\/index.php?rest_route=\/wp\/v2\/posts\/24047\/revisions"}],"predecessor-version":[{"id":24052,"href":"https:\/\/www.rwg-bayreuth.de\/home\/index.php?rest_route=\/wp\/v2\/posts\/24047\/revisions\/24052"}],"wp:featuredmedia":[{"embeddable":true,"href":"https:\/\/www.rwg-bayreuth.de\/home\/index.php?rest_route=\/wp\/v2\/media\/24050"}],"wp:attachment":[{"href":"https:\/\/www.rwg-bayreuth.de\/home\/index.php?rest_route=%2Fwp%2Fv2%2Fmedia&parent=24047"}],"wp:term":[{"taxonomy":"category","embeddable":true,"href":"https:\/\/www.rwg-bayreuth.de\/home\/index.php?rest_route=%2Fwp%2Fv2%2Fcategories&post=24047"},{"taxonomy":"post_tag","embeddable":true,"href":"https:\/\/www.rwg-bayreuth.de\/home\/index.php?rest_route=%2Fwp%2Fv2%2Ftags&post=24047"}],"curies":[{"name":"wp","href":"https:\/\/api.w.org\/{rel}","templated":true}]}}