{"id":24020,"date":"2019-12-20T07:14:04","date_gmt":"2019-12-20T06:14:04","guid":{"rendered":"http:\/\/www.rwg-bayreuth.de\/home\/?p=24020"},"modified":"2024-03-15T19:58:17","modified_gmt":"2024-03-15T18:58:17","slug":"besuch-der-staatskanzlei-in-muenchen","status":"publish","type":"post","link":"https:\/\/www.rwg-bayreuth.de\/home\/?p=24020","title":{"rendered":"Besuch der Staatskanzlei in M\u00fcnchen"},"content":{"rendered":"<p><a href=\"https:\/\/www.rwg-bayreuth.de\/home\/wp-content\/uploads\/2020\/02\/19-20-Sozialkunde-Lernort-Staatsregierung.jpg\"><img loading=\"lazy\" decoding=\"async\" src=\"https:\/\/www.rwg-bayreuth.de\/home\/wp-content\/uploads\/2020\/02\/19-20-Sozialkunde-Lernort-Staatsregierung-450x252.jpg\" alt=\"\" width=\"450\" height=\"252\" class=\"aligncenter size-medium wp-image-24021\" srcset=\"https:\/\/www.rwg-bayreuth.de\/home\/wp-content\/uploads\/2020\/02\/19-20-Sozialkunde-Lernort-Staatsregierung-450x252.jpg 450w, https:\/\/www.rwg-bayreuth.de\/home\/wp-content\/uploads\/2020\/02\/19-20-Sozialkunde-Lernort-Staatsregierung-768x430.jpg 768w, https:\/\/www.rwg-bayreuth.de\/home\/wp-content\/uploads\/2020\/02\/19-20-Sozialkunde-Lernort-Staatsregierung-250x140.jpg 250w, https:\/\/www.rwg-bayreuth.de\/home\/wp-content\/uploads\/2020\/02\/19-20-Sozialkunde-Lernort-Staatsregierung-800x450.jpg 800w, https:\/\/www.rwg-bayreuth.de\/home\/wp-content\/uploads\/2020\/02\/19-20-Sozialkunde-Lernort-Staatsregierung.jpg 1024w\" sizes=\"(max-width: 450px) 100vw, 450px\" \/><\/a><\/p>\n<p>Am 18. Dezember 2019 fuhren 33 Sch\u00fclerinnen und Sch\u00fcler der Jahrgangsstufe 10 aus dem sozialwissenschaftlichen Zweig nach M\u00fcnchen, um im Rahmen des Projekts \u201eLernort Staatsregierung\u201c die Staatskanzlei zu besuchen. Nach der Ankunft an der Staatskanzlei und der Sicherheitskontrolle, die jede*r durchlaufen musste, konnten sich alle Sch\u00fclerinnen und Sch\u00fcler, sowie die begleitenden Lehrkr\u00e4fte, durch einen kleinen Imbiss st\u00e4rken. Anschlie\u00dfend gab es durch zwei Vertreter der Landeszentrale f\u00fcr Politische Bildung, von denen Herr M\u00fcller die Gruppe den ganzen Tag \u00fcber durch das Programm f\u00fchrte, eine Einf\u00fchrung in die Struktur und Aufgaben der Staatskanzlei. Nach dem Einf\u00fchrungsvortrag erfolgte eine kurze Begehung der Staatskanzlei. Das erste von drei Gespr\u00e4chen mit Mitarbeiter*innen der Staatskanzlei ging \u00fcber den Bereich Wirtschaftspolitik und besonders die aktuellen Herausforderungen in diesem Bereich, wobei gerade auch die Themen Umweltschutz und Nachhaltigkeit eine gro\u00dfe Rolle spielten. Weiterhin gab es eine Gespr\u00e4chsrunde mit einer Mitarbeiterin aus dem Referat f\u00fcr Internationale Beziehungen. Schwerpunkte waren hierbei die Gr\u00fcnde, warum Bayern eigenst\u00e4ndige Beziehungen mit anderen Nationen unterh\u00e4lt und welche Beziehungen von besonderer Bedeutung sind. Aber auch aktuelle Herausforderungen in der internationalen Politik wurden diskutiert. <\/p>\n<p>Im Anschluss an die beiden interessanten, aber auch anstrengenden Gespr\u00e4che, war es Zeit f\u00fcr die Mittagspause. Die Sch\u00fclerinnen und Sch\u00fcler konnten sich mit einem kostenlosen Essen in der Kantine der Staatsregierung st\u00e4rken. Die Kosten hierf\u00fcr \u00fcbernahm freundlicherweise die Landeszentrale f\u00fcr Politische Bildung. <\/p>\n<p>Nach der wohlverdienten Pause waren alle wieder aufnahmef\u00e4hig und es war Zeit f\u00fcr den letzten Vortag, in dem es um das Schreiben politischer Reden f\u00fcr alle m\u00f6glichen Anl\u00e4sse ging. Anhand konkreter Beispiele wurde den Sch\u00fclerinnen und Sch\u00fclern vermittelt, wie der Weg einer politischen Rede vom Auftrag bis zum Vortrag verl\u00e4uft und was beim Schreiben einer solchen Rede alles beachtet werden muss.<br \/>\nZum Abschluss der Veranstaltung konnten die Sch\u00fclerinnen und Sch\u00fcler beweisen, was sie den ganzen Tag \u00fcber gelernt hatten, indem zwei Gruppen bei einem Quiz gegeneinander antraten. Die Quote an richtigen Antworten war aus Lehrersicht erfreulich hoch. Nach einer relativ entspannten Busfahrt kam die Gruppe gegen 20.00 Uhr wieder in Bayreuth an. Das Feedback zur Veranstaltung war trotz eines langen und anstrengenden Tages durchweg positiv und es bleibt zu hoffen, dass Sch\u00fclerinnen und Sch\u00fcler des RWG auch in Zukunft am Projekt \u201eLernort Staatsregierung\u201c teilnehmen k\u00f6nnen. <\/p>\n","protected":false},"excerpt":{"rendered":"<p>Am 18. Dezember 2019 fuhren 33 Sch\u00fclerinnen und Sch\u00fcler der Jahrgangsstufe 10 aus dem sozialwissenschaftlichen Zweig nach M\u00fcnchen, um im Rahmen des Projekts \u201eLernort Staatsregierung\u201c die Staatskanzlei zu besuchen. Nach der Ankunft an der Staatskanzlei und der Sicherheitskontrolle, die jede*r durchlaufen musste, konnten sich alle Sch\u00fclerinnen und Sch\u00fcler, sowie die begleitenden Lehrkr\u00e4fte, durch einen kleinen&hellip;<\/p>\n","protected":false},"author":11,"featured_media":24022,"comment_status":"closed","ping_status":"closed","sticky":false,"template":"","format":"standard","meta":{"footnotes":""},"categories":[1],"tags":[126,51,148,52],"_links":{"self":[{"href":"https:\/\/www.rwg-bayreuth.de\/home\/index.php?rest_route=\/wp\/v2\/posts\/24020"}],"collection":[{"href":"https:\/\/www.rwg-bayreuth.de\/home\/index.php?rest_route=\/wp\/v2\/posts"}],"about":[{"href":"https:\/\/www.rwg-bayreuth.de\/home\/index.php?rest_route=\/wp\/v2\/types\/post"}],"author":[{"embeddable":true,"href":"https:\/\/www.rwg-bayreuth.de\/home\/index.php?rest_route=\/wp\/v2\/users\/11"}],"replies":[{"embeddable":true,"href":"https:\/\/www.rwg-bayreuth.de\/home\/index.php?rest_route=%2Fwp%2Fv2%2Fcomments&post=24020"}],"version-history":[{"count":1,"href":"https:\/\/www.rwg-bayreuth.de\/home\/index.php?rest_route=\/wp\/v2\/posts\/24020\/revisions"}],"predecessor-version":[{"id":24023,"href":"https:\/\/www.rwg-bayreuth.de\/home\/index.php?rest_route=\/wp\/v2\/posts\/24020\/revisions\/24023"}],"wp:featuredmedia":[{"embeddable":true,"href":"https:\/\/www.rwg-bayreuth.de\/home\/index.php?rest_route=\/wp\/v2\/media\/24022"}],"wp:attachment":[{"href":"https:\/\/www.rwg-bayreuth.de\/home\/index.php?rest_route=%2Fwp%2Fv2%2Fmedia&parent=24020"}],"wp:term":[{"taxonomy":"category","embeddable":true,"href":"https:\/\/www.rwg-bayreuth.de\/home\/index.php?rest_route=%2Fwp%2Fv2%2Fcategories&post=24020"},{"taxonomy":"post_tag","embeddable":true,"href":"https:\/\/www.rwg-bayreuth.de\/home\/index.php?rest_route=%2Fwp%2Fv2%2Ftags&post=24020"}],"curies":[{"name":"wp","href":"https:\/\/api.w.org\/{rel}","templated":true}]}}