{"id":23948,"date":"2020-02-10T18:48:00","date_gmt":"2020-02-10T17:48:00","guid":{"rendered":"http:\/\/www.rwg-bayreuth.de\/home\/?p=23948"},"modified":"2020-02-11T13:54:29","modified_gmt":"2020-02-11T12:54:29","slug":"mittelalter-interaktiv-und-faecheruebergreifend-erleben","status":"publish","type":"post","link":"https:\/\/www.rwg-bayreuth.de\/home\/?p=23948","title":{"rendered":"Mittelalter interaktiv und f\u00e4cher\u00fcbergreifend erleben"},"content":{"rendered":"<p><a href=\"https:\/\/www.rwg-bayreuth.de\/home\/wp-content\/uploads\/2020\/02\/19-20-D-G-Minnesang-mit-Feder-und-Tinte.jpg\"><img loading=\"lazy\" decoding=\"async\" src=\"https:\/\/www.rwg-bayreuth.de\/home\/wp-content\/uploads\/2020\/02\/19-20-D-G-Minnesang-mit-Feder-und-Tinte-450x338.jpg\" alt=\"\" width=\"450\" height=\"338\" class=\"aligncenter size-medium wp-image-23949\" srcset=\"https:\/\/www.rwg-bayreuth.de\/home\/wp-content\/uploads\/2020\/02\/19-20-D-G-Minnesang-mit-Feder-und-Tinte-450x338.jpg 450w, https:\/\/www.rwg-bayreuth.de\/home\/wp-content\/uploads\/2020\/02\/19-20-D-G-Minnesang-mit-Feder-und-Tinte-768x577.jpg 768w, https:\/\/www.rwg-bayreuth.de\/home\/wp-content\/uploads\/2020\/02\/19-20-D-G-Minnesang-mit-Feder-und-Tinte-250x188.jpg 250w, https:\/\/www.rwg-bayreuth.de\/home\/wp-content\/uploads\/2020\/02\/19-20-D-G-Minnesang-mit-Feder-und-Tinte.jpg 1024w\" sizes=\"(max-width: 450px) 100vw, 450px\" \/><\/a><\/p>\n<p>In der 7. Jahrgangsstufe wird die Epoche des Mittelalters sowohl im Fach Geschichte als auch im Fach Deutsch thematisiert.<\/p>\n<p><a href=\"https:\/\/www.rwg-bayreuth.de\/home\/wp-content\/uploads\/2020\/02\/19-20-D-G-Nemt-frouwe-disen-kranz-Gestaltung-durch-eine-Sch\u00fclerin.jpg\"><img loading=\"lazy\" decoding=\"async\" src=\"https:\/\/www.rwg-bayreuth.de\/home\/wp-content\/uploads\/2020\/02\/19-20-D-G-Nemt-frouwe-disen-kranz-Gestaltung-durch-eine-Sch\u00fclerin-331x450.jpg\" alt=\"\" width=\"331\" height=\"450\" class=\"alignleft size-medium wp-image-23950\" srcset=\"https:\/\/www.rwg-bayreuth.de\/home\/wp-content\/uploads\/2020\/02\/19-20-D-G-Nemt-frouwe-disen-kranz-Gestaltung-durch-eine-Sch\u00fclerin-331x450.jpg 331w, https:\/\/www.rwg-bayreuth.de\/home\/wp-content\/uploads\/2020\/02\/19-20-D-G-Nemt-frouwe-disen-kranz-Gestaltung-durch-eine-Sch\u00fclerin-250x340.jpg 250w, https:\/\/www.rwg-bayreuth.de\/home\/wp-content\/uploads\/2020\/02\/19-20-D-G-Nemt-frouwe-disen-kranz-Gestaltung-durch-eine-Sch\u00fclerin.jpg 753w\" sizes=\"(max-width: 331px) 100vw, 331px\" \/><\/a>Im Fach Ge&shy;schich&shy;te wurden seit Beginn des Schul&shy;jahres zun\u00e4chst alle wichtigen Grund&shy;lagen erlernt, bei&shy;spiels&shy;weise Lehns&shy;wesen, Kreuz&shy;z\u00fcge, Kirchen&shy;bau und Reise&shy;k\u00f6nig&shy;tum. Hier wurde bereits ein Bezug zu Bayern und Bay&shy;reuth hergestellt.<br \/>\nVor einigen Wochen n\u00e4herten wir uns auch im Fach Deutsch \u2013 aus sprach- und literatur&shy;wissen&shy;schaft&shy;licher Perspektive \u2013 dem Mittelalter an. So trugen die Sch\u00fcler*innen gekonnt einige Minnelieder auf Mittelhochdeutsch vor, was am\u00fcsant und lehrreich zugleich war. Um noch mehr in die Rolle der Minnedichter zu schl\u00fcpfen, gestalteten die Sch\u00fcler*innen selbst eine Seite, auf der sie einige Verse bekannter S\u00e4nge mit Tinte und Feder abschrieben. Selbstverst\u00e4ndlich wurde ihr Werk auch mit einer Initiale, dem schm\u00fcckenden Anfangsbuchstaben des Lieds, und einer passenden Zeichnung verziert. Die Ergebnisse k\u00f6nnen sich sehen lassen! <\/p>\n<p><a href=\"https:\/\/www.rwg-bayreuth.de\/home\/wp-content\/uploads\/2020\/02\/19-20-D-G-Klasse-7b-mit-Museumsp\u00e4dagoge-Herr-Sasso-vor-dem-Historischen-Museum.jpg\"><img loading=\"lazy\" decoding=\"async\" src=\"https:\/\/www.rwg-bayreuth.de\/home\/wp-content\/uploads\/2020\/02\/19-20-D-G-Klasse-7b-mit-Museumsp\u00e4dagoge-Herr-Sasso-vor-dem-Historischen-Museum-338x450.jpg\" alt=\"\" width=\"338\" height=\"450\" class=\"alignright size-medium wp-image-23951\" srcset=\"https:\/\/www.rwg-bayreuth.de\/home\/wp-content\/uploads\/2020\/02\/19-20-D-G-Klasse-7b-mit-Museumsp\u00e4dagoge-Herr-Sasso-vor-dem-Historischen-Museum-338x450.jpg 338w, https:\/\/www.rwg-bayreuth.de\/home\/wp-content\/uploads\/2020\/02\/19-20-D-G-Klasse-7b-mit-Museumsp\u00e4dagoge-Herr-Sasso-vor-dem-Historischen-Museum-250x333.jpg 250w, https:\/\/www.rwg-bayreuth.de\/home\/wp-content\/uploads\/2020\/02\/19-20-D-G-Klasse-7b-mit-Museumsp\u00e4dagoge-Herr-Sasso-vor-dem-Historischen-Museum.jpg 768w\" sizes=\"(max-width: 338px) 100vw, 338px\" \/><\/a>Am 7. Februar ging es schlie\u00df&shy;lich zusammen mit Mu&shy;seums&shy;p\u00e4da&shy;goge Herrn Sasso auf eine spannende Ent&shy;deckungs&shy;tour durch Bay&shy;reuth. Nach einer kurzen F\u00fchrung durch das his&shy;to&shy;rische Museum erkl\u00e4rte Herr Sasso bei einem Spazier&shy;gang durch die Alt&shy;stadt, wie Bayreuth zur Zeit des Mittel&shy;alters wohl ausgehen hat, obwohl heute kaum noch \u00dcberreste aus der Zeit zwischen 500 und 1500 zu finden sind. Die Sch\u00fcler*innen konnten ihr bereits erlerntes Wissen vertiefen und besch\u00e4ftigten sich dar\u00fcber hinaus intensiv mit den Themen \u201eQuellen und \u00dcberlieferung\u201c, \u201eStadtkirche\u201c, \u201eStadtmauer\u201c sowie \u201eHerrschaft\u201c. Eine Reflexion rundete die Einheit ab. <\/p>\n<p><em>StRefin Josefine Winkler &#038; StRef Robert Brendel<\/em><\/p>\n","protected":false},"excerpt":{"rendered":"<p>In der 7. Jahrgangsstufe wird die Epoche des Mittelalters sowohl im Fach Geschichte als auch im Fach Deutsch thematisiert. Im Fach Ge&shy;schich&shy;te wurden seit Beginn des Schul&shy;jahres zun\u00e4chst alle wichtigen Grund&shy;lagen erlernt, bei&shy;spiels&shy;weise Lehns&shy;wesen, Kreuz&shy;z\u00fcge, Kirchen&shy;bau und Reise&shy;k\u00f6nig&shy;tum. Hier wurde bereits ein Bezug zu Bayern und Bay&shy;reuth hergestellt. Vor einigen Wochen n\u00e4herten wir uns auch&hellip;<\/p>\n","protected":false},"author":11,"featured_media":23968,"comment_status":"closed","ping_status":"closed","sticky":false,"template":"","format":"standard","meta":{"footnotes":""},"categories":[1],"tags":[59,90,51],"_links":{"self":[{"href":"https:\/\/www.rwg-bayreuth.de\/home\/index.php?rest_route=\/wp\/v2\/posts\/23948"}],"collection":[{"href":"https:\/\/www.rwg-bayreuth.de\/home\/index.php?rest_route=\/wp\/v2\/posts"}],"about":[{"href":"https:\/\/www.rwg-bayreuth.de\/home\/index.php?rest_route=\/wp\/v2\/types\/post"}],"author":[{"embeddable":true,"href":"https:\/\/www.rwg-bayreuth.de\/home\/index.php?rest_route=\/wp\/v2\/users\/11"}],"replies":[{"embeddable":true,"href":"https:\/\/www.rwg-bayreuth.de\/home\/index.php?rest_route=%2Fwp%2Fv2%2Fcomments&post=23948"}],"version-history":[{"count":5,"href":"https:\/\/www.rwg-bayreuth.de\/home\/index.php?rest_route=\/wp\/v2\/posts\/23948\/revisions"}],"predecessor-version":[{"id":23956,"href":"https:\/\/www.rwg-bayreuth.de\/home\/index.php?rest_route=\/wp\/v2\/posts\/23948\/revisions\/23956"}],"wp:featuredmedia":[{"embeddable":true,"href":"https:\/\/www.rwg-bayreuth.de\/home\/index.php?rest_route=\/wp\/v2\/media\/23968"}],"wp:attachment":[{"href":"https:\/\/www.rwg-bayreuth.de\/home\/index.php?rest_route=%2Fwp%2Fv2%2Fmedia&parent=23948"}],"wp:term":[{"taxonomy":"category","embeddable":true,"href":"https:\/\/www.rwg-bayreuth.de\/home\/index.php?rest_route=%2Fwp%2Fv2%2Fcategories&post=23948"},{"taxonomy":"post_tag","embeddable":true,"href":"https:\/\/www.rwg-bayreuth.de\/home\/index.php?rest_route=%2Fwp%2Fv2%2Ftags&post=23948"}],"curies":[{"name":"wp","href":"https:\/\/api.w.org\/{rel}","templated":true}]}}