{"id":23882,"date":"2020-02-06T18:32:33","date_gmt":"2020-02-06T17:32:33","guid":{"rendered":"http:\/\/www.rwg-bayreuth.de\/home\/?p=23882"},"modified":"2020-02-04T18:32:48","modified_gmt":"2020-02-04T17:32:48","slug":"speed-speaking-im-kunstmuseum","status":"publish","type":"post","link":"https:\/\/www.rwg-bayreuth.de\/home\/?p=23882","title":{"rendered":"\u201eSpeed Speaking\u201c im Kunstmuseum"},"content":{"rendered":"<h2>&hellip; eine neue Art der Kunstvermittlung erfahren in der Ausstellung \u201eGestik\/Zeichen\/Schrift\u201c<\/h2>\n<p><a href=\"https:\/\/www.rwg-bayreuth.de\/home\/wp-content\/uploads\/2020\/02\/19-20-Kunst-Gestische-Abstraktion-mit-Buntstiften.jpg\"><img loading=\"lazy\" decoding=\"async\" src=\"https:\/\/www.rwg-bayreuth.de\/home\/wp-content\/uploads\/2020\/02\/19-20-Kunst-Gestische-Abstraktion-mit-Buntstiften-450x338.jpg\" alt=\"\" width=\"450\" height=\"338\" class=\"aligncenter size-medium wp-image-23889\" srcset=\"https:\/\/www.rwg-bayreuth.de\/home\/wp-content\/uploads\/2020\/02\/19-20-Kunst-Gestische-Abstraktion-mit-Buntstiften-450x338.jpg 450w, https:\/\/www.rwg-bayreuth.de\/home\/wp-content\/uploads\/2020\/02\/19-20-Kunst-Gestische-Abstraktion-mit-Buntstiften-768x576.jpg 768w, https:\/\/www.rwg-bayreuth.de\/home\/wp-content\/uploads\/2020\/02\/19-20-Kunst-Gestische-Abstraktion-mit-Buntstiften-250x188.jpg 250w, https:\/\/www.rwg-bayreuth.de\/home\/wp-content\/uploads\/2020\/02\/19-20-Kunst-Gestische-Abstraktion-mit-Buntstiften.jpg 1024w\" sizes=\"(max-width: 450px) 100vw, 450px\" \/><\/a><\/p>\n<p>Der Grundkurs Q12 besuchte im Januar mit Frau Gerdes das Kunstmuseum, und setzte sich mit der gestischen Abstraktion auseinander.<br \/>\nIm Rahmen der vorwiegend politisch motivierten Ausstellungsgestaltung der zumeist Druckgrafiken auf Papier erfuhren die Sch\u00fcler, wie man z.B. im Dritten Reich Zensur ausge\u00fcbt hatte und konnten direkt an Bildwerken Hinweise der Unterdr\u00fcckung der freien Meinungs\u00e4u\u00dferung erkennen. Die Sch\u00fcler untersuchten zw\u00f6lf Bilder aus verschiedenen Epochen mit Hilfe verschiedener Arbeitsbl\u00e4tter, welche von der Museumsp\u00e4dagogin Frau Dr. Trost erstellt wurden. Innerhalb von 80 Minuten informierten sich die Grundkursteilnehmer gegenseitig mit kurzen Vortr\u00e4gen, bei denen sie die inhaltlichen Erg\u00e4nzungen von Frau Dr. Trost gerne in ihre \u00dcberlegungen mit einbezogen. <\/p>\n<p>Am darauffolgenden Dienstag besuchte eine Gruppe von 11Kl\u00e4sslern ebenfalls das Museum, sie erhielten zeichnerische Arbeitsauftr\u00e4ge vor den Originalen und informierten sich anhand von Impulsauftr\u00e4gen \u00fcber die K\u00fcnstler und deren Gestaltungsideen. Eine Reihe von originellen Zeichnungen entstand im Stehen, Sitzen und sogar im Liegen.<\/p>\n<div class=\"su-image-carousel  su-image-carousel-columns-3 su-image-carousel-has-spacing su-image-carousel-has-lightbox su-image-carousel-has-outline su-image-carousel-adaptive su-image-carousel-slides-style-default su-image-carousel-controls-style-light su-image-carousel-align-center\" style=\"\" data-flickity-options='{\"groupCells\":true,\"cellSelector\":\".su-image-carousel-item\",\"adaptiveHeight\":true,\"cellAlign\":\"left\",\"prevNextButtons\":true,\"pageDots\":false,\"autoPlay\":5000,\"imagesLoaded\":true,\"contain\":false,\"selectedAttraction\":0.025000000000000001,\"friction\":0.28000000000000003}' id=\"su_image_carousel_69f3fe6dd0617\"><div class=\"su-image-carousel-item\"><div class=\"su-image-carousel-item-content\"><a href=\"https:\/\/www.rwg-bayreuth.de\/home\/wp-content\/uploads\/2020\/02\/19-20-Kunst-zeichnerische-Erschlie\u00dfung-eines-Kunstwerkes.jpg\" data-caption=\"zeichnerische Erschlie\u00dfung eines Kunstwerkes\"><img loading=\"lazy\" decoding=\"async\" width=\"768\" height=\"1024\" src=\"https:\/\/www.rwg-bayreuth.de\/home\/wp-content\/uploads\/2020\/02\/19-20-Kunst-zeichnerische-Erschlie\u00dfung-eines-Kunstwerkes.jpg\" class=\"\" alt=\"\" srcset=\"https:\/\/www.rwg-bayreuth.de\/home\/wp-content\/uploads\/2020\/02\/19-20-Kunst-zeichnerische-Erschlie\u00dfung-eines-Kunstwerkes.jpg 768w, https:\/\/www.rwg-bayreuth.de\/home\/wp-content\/uploads\/2020\/02\/19-20-Kunst-zeichnerische-Erschlie\u00dfung-eines-Kunstwerkes-338x450.jpg 338w, https:\/\/www.rwg-bayreuth.de\/home\/wp-content\/uploads\/2020\/02\/19-20-Kunst-zeichnerische-Erschlie\u00dfung-eines-Kunstwerkes-250x333.jpg 250w\" sizes=\"(max-width: 768px) 100vw, 768px\" \/><span>zeichnerische Erschlie\u00dfung eines Kunstwerkes<\/span><\/a><\/div><\/div><div class=\"su-image-carousel-item\"><div class=\"su-image-carousel-item-content\"><a href=\"https:\/\/www.rwg-bayreuth.de\/home\/wp-content\/uploads\/2020\/02\/19-20-Kunst-literarisch-ambitionierte-Nachzeichnung-eines-Kunstwerkes.jpg\" data-caption=\"literarisch ambitionierte Nachzeichnung eines Kunstwerkes\"><img loading=\"lazy\" decoding=\"async\" width=\"767\" height=\"1024\" src=\"https:\/\/www.rwg-bayreuth.de\/home\/wp-content\/uploads\/2020\/02\/19-20-Kunst-literarisch-ambitionierte-Nachzeichnung-eines-Kunstwerkes.jpg\" class=\"\" alt=\"\" srcset=\"https:\/\/www.rwg-bayreuth.de\/home\/wp-content\/uploads\/2020\/02\/19-20-Kunst-literarisch-ambitionierte-Nachzeichnung-eines-Kunstwerkes.jpg 767w, https:\/\/www.rwg-bayreuth.de\/home\/wp-content\/uploads\/2020\/02\/19-20-Kunst-literarisch-ambitionierte-Nachzeichnung-eines-Kunstwerkes-337x450.jpg 337w, https:\/\/www.rwg-bayreuth.de\/home\/wp-content\/uploads\/2020\/02\/19-20-Kunst-literarisch-ambitionierte-Nachzeichnung-eines-Kunstwerkes-250x334.jpg 250w\" sizes=\"(max-width: 767px) 100vw, 767px\" \/><span>literarisch ambitionierte Nachzeichnung eines Kunstwerkes<\/span><\/a><\/div><\/div><div class=\"su-image-carousel-item\"><div class=\"su-image-carousel-item-content\"><a href=\"https:\/\/www.rwg-bayreuth.de\/home\/wp-content\/uploads\/2020\/02\/19-20-Kunst-Q12-r\u00e4tselt-\u00fcber-Bildinhalte.jpg\" data-caption=\"Q12 r\u00e4tselt \u00fcber Bildinhalte\"><img loading=\"lazy\" decoding=\"async\" width=\"768\" height=\"1024\" src=\"https:\/\/www.rwg-bayreuth.de\/home\/wp-content\/uploads\/2020\/02\/19-20-Kunst-Q12-r\u00e4tselt-\u00fcber-Bildinhalte.jpg\" class=\"\" alt=\"\" srcset=\"https:\/\/www.rwg-bayreuth.de\/home\/wp-content\/uploads\/2020\/02\/19-20-Kunst-Q12-r\u00e4tselt-\u00fcber-Bildinhalte.jpg 768w, https:\/\/www.rwg-bayreuth.de\/home\/wp-content\/uploads\/2020\/02\/19-20-Kunst-Q12-r\u00e4tselt-\u00fcber-Bildinhalte-338x450.jpg 338w, https:\/\/www.rwg-bayreuth.de\/home\/wp-content\/uploads\/2020\/02\/19-20-Kunst-Q12-r\u00e4tselt-\u00fcber-Bildinhalte-250x333.jpg 250w\" sizes=\"(max-width: 768px) 100vw, 768px\" \/><span>Q12 r\u00e4tselt \u00fcber Bildinhalte<\/span><\/a><\/div><\/div><div class=\"su-image-carousel-item\"><div class=\"su-image-carousel-item-content\"><a href=\"https:\/\/www.rwg-bayreuth.de\/home\/wp-content\/uploads\/2020\/02\/19-20-Kunst-Gestische-Abstraktion-mit-Buntstiften.jpg\" data-caption=\"Gestische Abstraktion mit Buntstiften\"><img loading=\"lazy\" decoding=\"async\" width=\"1024\" height=\"768\" src=\"https:\/\/www.rwg-bayreuth.de\/home\/wp-content\/uploads\/2020\/02\/19-20-Kunst-Gestische-Abstraktion-mit-Buntstiften.jpg\" class=\"\" alt=\"\" srcset=\"https:\/\/www.rwg-bayreuth.de\/home\/wp-content\/uploads\/2020\/02\/19-20-Kunst-Gestische-Abstraktion-mit-Buntstiften.jpg 1024w, https:\/\/www.rwg-bayreuth.de\/home\/wp-content\/uploads\/2020\/02\/19-20-Kunst-Gestische-Abstraktion-mit-Buntstiften-450x338.jpg 450w, https:\/\/www.rwg-bayreuth.de\/home\/wp-content\/uploads\/2020\/02\/19-20-Kunst-Gestische-Abstraktion-mit-Buntstiften-768x576.jpg 768w, https:\/\/www.rwg-bayreuth.de\/home\/wp-content\/uploads\/2020\/02\/19-20-Kunst-Gestische-Abstraktion-mit-Buntstiften-250x188.jpg 250w\" sizes=\"(max-width: 1024px) 100vw, 1024px\" \/><span>Gestische Abstraktion mit Buntstiften<\/span><\/a><\/div><\/div><div class=\"su-image-carousel-item\"><div class=\"su-image-carousel-item-content\"><a href=\"https:\/\/www.rwg-bayreuth.de\/home\/wp-content\/uploads\/2020\/02\/19-20-Kunst-Q11-erschlie\u00dft-ein-Bild.jpg\" data-caption=\"Q11 erschlie\u00dft ein Bild\"><img loading=\"lazy\" decoding=\"async\" width=\"1024\" height=\"768\" src=\"https:\/\/www.rwg-bayreuth.de\/home\/wp-content\/uploads\/2020\/02\/19-20-Kunst-Q11-erschlie\u00dft-ein-Bild.jpg\" class=\"\" alt=\"\" srcset=\"https:\/\/www.rwg-bayreuth.de\/home\/wp-content\/uploads\/2020\/02\/19-20-Kunst-Q11-erschlie\u00dft-ein-Bild.jpg 1024w, https:\/\/www.rwg-bayreuth.de\/home\/wp-content\/uploads\/2020\/02\/19-20-Kunst-Q11-erschlie\u00dft-ein-Bild-450x338.jpg 450w, https:\/\/www.rwg-bayreuth.de\/home\/wp-content\/uploads\/2020\/02\/19-20-Kunst-Q11-erschlie\u00dft-ein-Bild-768x576.jpg 768w, https:\/\/www.rwg-bayreuth.de\/home\/wp-content\/uploads\/2020\/02\/19-20-Kunst-Q11-erschlie\u00dft-ein-Bild-250x188.jpg 250w\" sizes=\"(max-width: 1024px) 100vw, 1024px\" \/><span>Q11 erschlie\u00dft ein Bild<\/span><\/a><\/div><\/div><\/div><script id=\"su_image_carousel_69f3fe6dd0617_script\">if(window.SUImageCarousel){setTimeout(function() {window.SUImageCarousel.initGallery(document.getElementById(\"su_image_carousel_69f3fe6dd0617\"))}, 0);}var su_image_carousel_69f3fe6dd0617_script=document.getElementById(\"su_image_carousel_69f3fe6dd0617_script\");if(su_image_carousel_69f3fe6dd0617_script){su_image_carousel_69f3fe6dd0617_script.parentNode.removeChild(su_image_carousel_69f3fe6dd0617_script);}<\/script>\n<p>Der Besuch in unserem Bayreuther Kunstmuseum war wie immer ein Gewinn f\u00fcr den Kunstunterricht. <\/p>\n<p><em>A. Gerdes<\/em><\/p>\n","protected":false},"excerpt":{"rendered":"<p>&hellip; eine neue Art der Kunstvermittlung erfahren in der Ausstellung \u201eGestik\/Zeichen\/Schrift\u201c Der Grundkurs Q12 besuchte im Januar mit Frau Gerdes das Kunstmuseum, und setzte sich mit der gestischen Abstraktion auseinander. Im Rahmen der vorwiegend politisch motivierten Ausstellungsgestaltung der zumeist Druckgrafiken auf Papier erfuhren die Sch\u00fcler, wie man z.B. im Dritten Reich Zensur ausge\u00fcbt hatte und&hellip;<\/p>\n","protected":false},"author":11,"featured_media":23890,"comment_status":"closed","ping_status":"closed","sticky":false,"template":"","format":"standard","meta":{"footnotes":""},"categories":[1],"tags":[51,41],"_links":{"self":[{"href":"https:\/\/www.rwg-bayreuth.de\/home\/index.php?rest_route=\/wp\/v2\/posts\/23882"}],"collection":[{"href":"https:\/\/www.rwg-bayreuth.de\/home\/index.php?rest_route=\/wp\/v2\/posts"}],"about":[{"href":"https:\/\/www.rwg-bayreuth.de\/home\/index.php?rest_route=\/wp\/v2\/types\/post"}],"author":[{"embeddable":true,"href":"https:\/\/www.rwg-bayreuth.de\/home\/index.php?rest_route=\/wp\/v2\/users\/11"}],"replies":[{"embeddable":true,"href":"https:\/\/www.rwg-bayreuth.de\/home\/index.php?rest_route=%2Fwp%2Fv2%2Fcomments&post=23882"}],"version-history":[{"count":10,"href":"https:\/\/www.rwg-bayreuth.de\/home\/index.php?rest_route=\/wp\/v2\/posts\/23882\/revisions"}],"predecessor-version":[{"id":23902,"href":"https:\/\/www.rwg-bayreuth.de\/home\/index.php?rest_route=\/wp\/v2\/posts\/23882\/revisions\/23902"}],"wp:featuredmedia":[{"embeddable":true,"href":"https:\/\/www.rwg-bayreuth.de\/home\/index.php?rest_route=\/wp\/v2\/media\/23890"}],"wp:attachment":[{"href":"https:\/\/www.rwg-bayreuth.de\/home\/index.php?rest_route=%2Fwp%2Fv2%2Fmedia&parent=23882"}],"wp:term":[{"taxonomy":"category","embeddable":true,"href":"https:\/\/www.rwg-bayreuth.de\/home\/index.php?rest_route=%2Fwp%2Fv2%2Fcategories&post=23882"},{"taxonomy":"post_tag","embeddable":true,"href":"https:\/\/www.rwg-bayreuth.de\/home\/index.php?rest_route=%2Fwp%2Fv2%2Ftags&post=23882"}],"curies":[{"name":"wp","href":"https:\/\/api.w.org\/{rel}","templated":true}]}}