{"id":23741,"date":"2020-02-02T14:18:40","date_gmt":"2020-02-02T13:18:40","guid":{"rendered":"http:\/\/www.rwg-bayreuth.de\/home\/?p=23741"},"modified":"2020-11-20T15:43:39","modified_gmt":"2020-11-20T14:43:39","slug":"mit-gedichten-durch-das-jahr-die-klasse-6c-gestaltet","status":"publish","type":"post","link":"https:\/\/www.rwg-bayreuth.de\/home\/?p=23741","title":{"rendered":"Mit Gedichten durch das Jahr \u2013 die Klasse 6c gestaltet"},"content":{"rendered":"<p><a href=\"https:\/\/www.rwg-bayreuth.de\/home\/wp-content\/uploads\/2020\/02\/19-20-Deutsch-Kalender_Klasse.jpg\"><img loading=\"lazy\" decoding=\"async\" src=\"https:\/\/www.rwg-bayreuth.de\/home\/wp-content\/uploads\/2020\/02\/19-20-Deutsch-Kalender_Klasse-450x338.jpg\" alt=\"\" width=\"450\" height=\"338\" class=\"aligncenter size-medium wp-image-23745\" srcset=\"https:\/\/www.rwg-bayreuth.de\/home\/wp-content\/uploads\/2020\/02\/19-20-Deutsch-Kalender_Klasse-450x338.jpg 450w, https:\/\/www.rwg-bayreuth.de\/home\/wp-content\/uploads\/2020\/02\/19-20-Deutsch-Kalender_Klasse-768x576.jpg 768w, https:\/\/www.rwg-bayreuth.de\/home\/wp-content\/uploads\/2020\/02\/19-20-Deutsch-Kalender_Klasse-250x188.jpg 250w, https:\/\/www.rwg-bayreuth.de\/home\/wp-content\/uploads\/2020\/02\/19-20-Deutsch-Kalender_Klasse.jpg 1024w\" sizes=\"(max-width: 450px) 100vw, 450px\" \/><\/a><\/p>\n<p>In den ersten Wochen des neuen Jahres ging es hoch her im Klassenzimmer der 6c.  Die Klassen&shy;leiterin und Deutschlehrerin der Klasse, Frau Track, hatte sich eine besondere Idee ausgedacht, um nach den Weihnachtsferien wieder in den Schulalltag zu starten und den Sch\u00fcler(inne)n eine Freude zu machen. Gemeinsam mit der Klasse bastelte sie zum Thema Gedichte einen lyrischen Monats&shy;kalender, den die Sch\u00fcler\/innen als Projekt w\u00e4hrend der Deutsch&shy;stunden erarbeiteten und gestalteten. <\/p>\n<p><a href=\"https:\/\/www.rwg-bayreuth.de\/home\/wp-content\/uploads\/2020\/02\/19-20-Deutsch-Bsp.Seite_.jpg\"><img loading=\"lazy\" decoding=\"async\" src=\"https:\/\/www.rwg-bayreuth.de\/home\/wp-content\/uploads\/2020\/02\/19-20-Deutsch-Bsp.Seite_-450x338.jpg\" alt=\"\" width=\"450\" height=\"338\" class=\"alignright size-medium wp-image-23743\" srcset=\"https:\/\/www.rwg-bayreuth.de\/home\/wp-content\/uploads\/2020\/02\/19-20-Deutsch-Bsp.Seite_-450x338.jpg 450w, https:\/\/www.rwg-bayreuth.de\/home\/wp-content\/uploads\/2020\/02\/19-20-Deutsch-Bsp.Seite_-768x576.jpg 768w, https:\/\/www.rwg-bayreuth.de\/home\/wp-content\/uploads\/2020\/02\/19-20-Deutsch-Bsp.Seite_-250x188.jpg 250w, https:\/\/www.rwg-bayreuth.de\/home\/wp-content\/uploads\/2020\/02\/19-20-Deutsch-Bsp.Seite_.jpg 1024w\" sizes=\"(max-width: 450px) 100vw, 450px\" \/><\/a>Als&nbsp;ersten Schritt hatte Frau Track eine Vor&shy;auswahl an kurzen Ge&shy;dichten unter&shy;schied&shy;licher Autoren getroffen und diese bereits aus&shy;ge&shy;druckt; das Thema lautete \u201eJahres&shy;zeiten\u201c. Da die Klasse aus 23 Kindern (und einer Lehrerin) besteht, waren exakt je zwei Gedichte f\u00fcr einen Monat gedacht. Jeder aus der Klasse durfte sich ein Gedicht aus&shy;suchen, das er dann sauber auf ein DinA5-Blatt abschrieb; beim \u00dcbertragen war also Genauigkeit gefragt und auch ein bisschen k\u00fcnstlerisches Talent \u2013 denn im Anschluss sollte das Gedicht zus\u00e4tzlich noch mit passenden Bildchen zur jeweiligen Jahreszeit verziert oder aber beklebt werden. Hierbei waren der eigenen Kreativit\u00e4t und Phantasie keine Grenzen gesetzt! <\/p>\n<p><a href=\"https:\/\/www.rwg-bayreuth.de\/home\/wp-content\/uploads\/2020\/02\/19-20-Deutsch-Kalender_Kinder.jpg\"><img loading=\"lazy\" decoding=\"async\" src=\"https:\/\/www.rwg-bayreuth.de\/home\/wp-content\/uploads\/2020\/02\/19-20-Deutsch-Kalender_Kinder-450x338.jpg\" alt=\"\" width=\"450\" height=\"338\" class=\"alignleft size-medium wp-image-23744\" srcset=\"https:\/\/www.rwg-bayreuth.de\/home\/wp-content\/uploads\/2020\/02\/19-20-Deutsch-Kalender_Kinder-450x338.jpg 450w, https:\/\/www.rwg-bayreuth.de\/home\/wp-content\/uploads\/2020\/02\/19-20-Deutsch-Kalender_Kinder-768x576.jpg 768w, https:\/\/www.rwg-bayreuth.de\/home\/wp-content\/uploads\/2020\/02\/19-20-Deutsch-Kalender_Kinder-250x188.jpg 250w, https:\/\/www.rwg-bayreuth.de\/home\/wp-content\/uploads\/2020\/02\/19-20-Deutsch-Kalender_Kinder-600x450.jpg 600w, https:\/\/www.rwg-bayreuth.de\/home\/wp-content\/uploads\/2020\/02\/19-20-Deutsch-Kalender_Kinder.jpg 1024w\" sizes=\"(max-width: 450px) 100vw, 450px\" \/><\/a>Danach wurden die ge&shy;stal&shy;teten Be&shy;itr\u00e4ge aller Sch\u00fc&shy;ler&shy;\/innen von Frau Track ein&shy;ge&shy;sammelt und ver&shy;viel&shy;f\u00e4l&shy;tigt, sodass dadurch jede\/r in der Klasse die Gedichte der Mitsch\u00fcler&shy;\/innen als Kopie erhalten konnte. Auch die Deutschlehrerin hatte selbst einen Gedicht&shy;beitrag gestaltet. Und die Klassen&shy;leiterin hatte noch eine \u00dcberraschung vorbereitet: Alle Kinder bekamen zus\u00e4tzlich zu den 24 Gedichten auch noch einen druckfrischen Kalender 2020 zum Selbstgestalten, in den nun Monat f\u00fcr Monat die einzelnen Sch\u00fclerbeitr\u00e4ge platziert wurden. Zur Abrundung machte sich die Klasse noch an die Bearbeitung eines individuellen Covers; die R\u00fcckseite konnte zudem mit einer \u00dcbersicht beklebt werden, die mit den Gedichttiteln, Autoren und den jeweiligen Gestaltern aus der 6c bedruckt war. <\/p>\n<p>Schlie\u00dflich konnten sich zuhause Eltern, Gro\u00df&shy;eltern und nat\u00fcrlich die Sch\u00fcler&shy;\/innen selbst \u00fcber den besonderen Kalender freuen. Und das Projekt hatte noch etwas bewirkt in der Klasse: Die Kinder hatten nochmals mit ihrer Deutsch&shy;lehrerin die Grund&shy;kenntnisse \u00fcber das Gedicht (z.&nbsp;B. die Reimarten, das Metrum etc.) wiederholt; au\u00dferdem sollte jedes Kind zum Abschluss noch sein Gedicht auswendig und sinntragend betont vor der Klasse vortragen. Somit wurde am Ende jeder mit einer guten Note f\u00fcr die gelungene Pr\u00e4sentation belohnt! <\/p>\n<p><a href=\"https:\/\/www.rwg-bayreuth.de\/home\/wp-content\/uploads\/2020\/02\/19-20-Deutsch-Bericht-verfassen.jpg\"><img loading=\"lazy\" decoding=\"async\" src=\"https:\/\/www.rwg-bayreuth.de\/home\/wp-content\/uploads\/2020\/02\/19-20-Deutsch-Bericht-verfassen-450x338.jpg\" alt=\"\" width=\"450\" height=\"338\" class=\"alignright size-medium wp-image-23742\" srcset=\"https:\/\/www.rwg-bayreuth.de\/home\/wp-content\/uploads\/2020\/02\/19-20-Deutsch-Bericht-verfassen-450x338.jpg 450w, https:\/\/www.rwg-bayreuth.de\/home\/wp-content\/uploads\/2020\/02\/19-20-Deutsch-Bericht-verfassen-768x576.jpg 768w, https:\/\/www.rwg-bayreuth.de\/home\/wp-content\/uploads\/2020\/02\/19-20-Deutsch-Bericht-verfassen-250x188.jpg 250w, https:\/\/www.rwg-bayreuth.de\/home\/wp-content\/uploads\/2020\/02\/19-20-Deutsch-Bericht-verfassen.jpg 1024w\" sizes=\"(max-width: 450px) 100vw, 450px\" \/><\/a><strong>\u00dcbrigens:<\/strong> Auch&nbsp;der Artikel selbst ist Teil einer Unter&shy;richts&shy;sequenz im Deutsch&shy;unter&shy;richt der 6. Jahr&shy;gangs&shy;stufe: Zum Thema &#8218;Bericht&#8216; haben die Sch\u00fcler&shy;\/innen der Klasse 6c ge&shy;mein&shy;schaft&shy;lich diesen Beitrag verfasst und sich dar\u00fcber hinaus in einer Methode der Pr\u00e4sen&shy;tation von Arbeits&shy;ergeb&shy;nissen ge\u00fcbt, die Teil unseres KOMPASS-Programms der Unterstufe am RWG ist \u2013 das Verfassen von eigenen Beitr\u00e4gen f\u00fcr die Schulhomepage. <\/p>\n<p>Vielen Dank, liebe Sch\u00fcler\/innen, f\u00fcr eure gelungene Mitarbeit!<br \/>\nS. Track<\/p>\n","protected":false},"excerpt":{"rendered":"<p>In den ersten Wochen des neuen Jahres ging es hoch her im Klassenzimmer der 6c. Die Klassen&shy;leiterin und Deutschlehrerin der Klasse, Frau Track, hatte sich eine besondere Idee ausgedacht, um nach den Weihnachtsferien wieder in den Schulalltag zu starten und den Sch\u00fcler(inne)n eine Freude zu machen. Gemeinsam mit der Klasse bastelte sie zum Thema Gedichte&hellip;<\/p>\n","protected":false},"author":11,"featured_media":23749,"comment_status":"closed","ping_status":"closed","sticky":false,"template":"","format":"standard","meta":{"footnotes":""},"categories":[1],"tags":[59,51,109],"_links":{"self":[{"href":"https:\/\/www.rwg-bayreuth.de\/home\/index.php?rest_route=\/wp\/v2\/posts\/23741"}],"collection":[{"href":"https:\/\/www.rwg-bayreuth.de\/home\/index.php?rest_route=\/wp\/v2\/posts"}],"about":[{"href":"https:\/\/www.rwg-bayreuth.de\/home\/index.php?rest_route=\/wp\/v2\/types\/post"}],"author":[{"embeddable":true,"href":"https:\/\/www.rwg-bayreuth.de\/home\/index.php?rest_route=\/wp\/v2\/users\/11"}],"replies":[{"embeddable":true,"href":"https:\/\/www.rwg-bayreuth.de\/home\/index.php?rest_route=%2Fwp%2Fv2%2Fcomments&post=23741"}],"version-history":[{"count":5,"href":"https:\/\/www.rwg-bayreuth.de\/home\/index.php?rest_route=\/wp\/v2\/posts\/23741\/revisions"}],"predecessor-version":[{"id":27355,"href":"https:\/\/www.rwg-bayreuth.de\/home\/index.php?rest_route=\/wp\/v2\/posts\/23741\/revisions\/27355"}],"wp:featuredmedia":[{"embeddable":true,"href":"https:\/\/www.rwg-bayreuth.de\/home\/index.php?rest_route=\/wp\/v2\/media\/23749"}],"wp:attachment":[{"href":"https:\/\/www.rwg-bayreuth.de\/home\/index.php?rest_route=%2Fwp%2Fv2%2Fmedia&parent=23741"}],"wp:term":[{"taxonomy":"category","embeddable":true,"href":"https:\/\/www.rwg-bayreuth.de\/home\/index.php?rest_route=%2Fwp%2Fv2%2Fcategories&post=23741"},{"taxonomy":"post_tag","embeddable":true,"href":"https:\/\/www.rwg-bayreuth.de\/home\/index.php?rest_route=%2Fwp%2Fv2%2Ftags&post=23741"}],"curies":[{"name":"wp","href":"https:\/\/api.w.org\/{rel}","templated":true}]}}