{"id":23709,"date":"2020-01-23T07:55:27","date_gmt":"2020-01-23T06:55:27","guid":{"rendered":"http:\/\/www.rwg-bayreuth.de\/home\/?p=23709"},"modified":"2021-03-19T15:42:35","modified_gmt":"2021-03-19T14:42:35","slug":"suesse-leckereien-fuer-die-deutsch-franzoesische-freundschaft","status":"publish","type":"post","link":"https:\/\/www.rwg-bayreuth.de\/home\/?p=23709","title":{"rendered":"S\u00fc\u00dfe Leckereien f\u00fcr die deutsch-franz\u00f6sische Freundschaft"},"content":{"rendered":"<p><a href=\"https:\/\/www.rwg-bayreuth.de\/home\/wp-content\/uploads\/2020\/01\/dt.-frz.Tag-1.jpg\"><img loading=\"lazy\" decoding=\"async\" src=\"https:\/\/www.rwg-bayreuth.de\/home\/wp-content\/uploads\/2020\/01\/dt.-frz.Tag-1-450x338.jpg\" alt=\"\" width=\"450\" height=\"338\" class=\"aligncenter size-medium wp-image-23710\" srcset=\"https:\/\/www.rwg-bayreuth.de\/home\/wp-content\/uploads\/2020\/01\/dt.-frz.Tag-1-450x338.jpg 450w, https:\/\/www.rwg-bayreuth.de\/home\/wp-content\/uploads\/2020\/01\/dt.-frz.Tag-1-768x576.jpg 768w, https:\/\/www.rwg-bayreuth.de\/home\/wp-content\/uploads\/2020\/01\/dt.-frz.Tag-1-250x188.jpg 250w, https:\/\/www.rwg-bayreuth.de\/home\/wp-content\/uploads\/2020\/01\/dt.-frz.Tag-1.jpg 1024w\" sizes=\"(max-width: 450px) 100vw, 450px\" \/><\/a><\/p>\n<p>Am 22.&nbsp;Januar 1963 wurde der Elys\u00e9e-Vertrag unterzeichnet, der nach jahrhundertelanger &#8222;Erbfeindschaft&#8220; die Freundschaft zwischen Deutschland und Frankreich besiegeln sollte. Den Grundstein dieser Freundschaft bildete die F\u00f6rderung deutsch-franz\u00f6sischer Jugendbegegnungen. So sind im Laufe der Jahre nicht nur zahlreiche St\u00e4dtepartnerschaften entstanden, sondern auch Sch\u00fcleraustauschprogramme wie unser Annecy-Austausch. Aus diesem Grund wird allj\u00e4hrlich am 22.&nbsp;Januar der deutsch-franz\u00f6sische Tag gefeiert. <\/p>\n<p><a href=\"https:\/\/www.rwg-bayreuth.de\/home\/wp-content\/uploads\/2020\/01\/dt.-frz.-Tag-2.jpg\"><img loading=\"lazy\" decoding=\"async\" src=\"https:\/\/www.rwg-bayreuth.de\/home\/wp-content\/uploads\/2020\/01\/dt.-frz.-Tag-2-450x338.jpg\" alt=\"\" width=\"450\" height=\"338\" class=\"alignright size-medium wp-image-23712\" srcset=\"https:\/\/www.rwg-bayreuth.de\/home\/wp-content\/uploads\/2020\/01\/dt.-frz.-Tag-2-450x338.jpg 450w, https:\/\/www.rwg-bayreuth.de\/home\/wp-content\/uploads\/2020\/01\/dt.-frz.-Tag-2-768x576.jpg 768w, https:\/\/www.rwg-bayreuth.de\/home\/wp-content\/uploads\/2020\/01\/dt.-frz.-Tag-2-250x188.jpg 250w, https:\/\/www.rwg-bayreuth.de\/home\/wp-content\/uploads\/2020\/01\/dt.-frz.-Tag-2.jpg 1024w\" sizes=\"(max-width: 450px) 100vw, 450px\" \/><\/a>Das&nbsp;RWG&nbsp;mischte dieses Jahr kr\u00e4ftig mit: Mit einem dicht belagerten Cr\u00eapes-Stand in der Oberen Pausenhalle, an dem flei\u00dfige Sch\u00fclerinnen der Q11 ab der 1&nbsp;Pause leckere Cr\u00eapes mit Nutella und Zimtzucker verkauften. Die bis in den Gang reichende Schlange bewies den Erfolg dieser Aktion &#8211; gegen Ende hin musste sogar noch Teig nachgemacht werden. Die Franz\u00f6sischlehrer nutzen ihre Stunden, um mit ihren Klassen die Obere Pausenhalle zu besuchen, wo es au\u00dfer Cr\u00eapes auch noch ein Quiz \u00fcber unser Nachbarland, Infos zu den deutsch-franz\u00f6sischen Beziehungen und franz\u00f6sische Zungenbrecher zum Ausprobieren gab. Wer wollte, konnte sich die Tricolore ins Gesicht schminken lassen. Etliche zufrieden schmatzende und bleu-blanc-rouge bemalte Sch\u00fclerInnen liefen einem an diesem Tag \u00fcber den Weg. Der Erl\u00f6s des Cr\u00eapes-Verkaufes kommt nicht nur der Q11 zugute, sondern auch dem Benin-Projekt der Klasse 6e, die bereit seit letztem Jahr das Waisenhaus &#8222;La Paix&#8220; in Natitingou unterst\u00fctzt, sowie der Fachschaft Evangelische Religion f\u00fcr das &#8222;Pangani Lutheran Children Center&#8220; in Nairobi.<\/p>\n<p>Der Duft nach Cr\u00eapes durchzog \u00fcbrigens noch am Tag danach das Schulhaus &hellip;<\/p>\n","protected":false},"excerpt":{"rendered":"<p>Am 22.&nbsp;Januar 1963 wurde der Elys\u00e9e-Vertrag unterzeichnet, der nach jahrhundertelanger &#8222;Erbfeindschaft&#8220; die Freundschaft zwischen Deutschland und Frankreich besiegeln sollte. Den Grundstein dieser Freundschaft bildete die F\u00f6rderung deutsch-franz\u00f6sischer Jugendbegegnungen. So sind im Laufe der Jahre nicht nur zahlreiche St\u00e4dtepartnerschaften entstanden, sondern auch Sch\u00fcleraustauschprogramme wie unser Annecy-Austausch. Aus diesem Grund wird allj\u00e4hrlich am 22.&nbsp;Januar der deutsch-franz\u00f6sische Tag&hellip;<\/p>\n","protected":false},"author":11,"featured_media":23711,"comment_status":"closed","ping_status":"closed","sticky":false,"template":"","format":"standard","meta":{"footnotes":""},"categories":[1],"tags":[93,51],"_links":{"self":[{"href":"https:\/\/www.rwg-bayreuth.de\/home\/index.php?rest_route=\/wp\/v2\/posts\/23709"}],"collection":[{"href":"https:\/\/www.rwg-bayreuth.de\/home\/index.php?rest_route=\/wp\/v2\/posts"}],"about":[{"href":"https:\/\/www.rwg-bayreuth.de\/home\/index.php?rest_route=\/wp\/v2\/types\/post"}],"author":[{"embeddable":true,"href":"https:\/\/www.rwg-bayreuth.de\/home\/index.php?rest_route=\/wp\/v2\/users\/11"}],"replies":[{"embeddable":true,"href":"https:\/\/www.rwg-bayreuth.de\/home\/index.php?rest_route=%2Fwp%2Fv2%2Fcomments&post=23709"}],"version-history":[{"count":6,"href":"https:\/\/www.rwg-bayreuth.de\/home\/index.php?rest_route=\/wp\/v2\/posts\/23709\/revisions"}],"predecessor-version":[{"id":23719,"href":"https:\/\/www.rwg-bayreuth.de\/home\/index.php?rest_route=\/wp\/v2\/posts\/23709\/revisions\/23719"}],"wp:featuredmedia":[{"embeddable":true,"href":"https:\/\/www.rwg-bayreuth.de\/home\/index.php?rest_route=\/wp\/v2\/media\/23711"}],"wp:attachment":[{"href":"https:\/\/www.rwg-bayreuth.de\/home\/index.php?rest_route=%2Fwp%2Fv2%2Fmedia&parent=23709"}],"wp:term":[{"taxonomy":"category","embeddable":true,"href":"https:\/\/www.rwg-bayreuth.de\/home\/index.php?rest_route=%2Fwp%2Fv2%2Fcategories&post=23709"},{"taxonomy":"post_tag","embeddable":true,"href":"https:\/\/www.rwg-bayreuth.de\/home\/index.php?rest_route=%2Fwp%2Fv2%2Ftags&post=23709"}],"curies":[{"name":"wp","href":"https:\/\/api.w.org\/{rel}","templated":true}]}}