{"id":23589,"date":"2020-01-04T01:04:35","date_gmt":"2020-01-04T00:04:35","guid":{"rendered":"http:\/\/www.rwg-bayreuth.de\/home\/?p=23589"},"modified":"2022-12-31T18:00:16","modified_gmt":"2022-12-31T17:00:16","slug":"p-seminar-mathematik-cafe-pi-von-schuelern-fuer-schueler-erklaert","status":"publish","type":"post","link":"https:\/\/www.rwg-bayreuth.de\/home\/?p=23589","title":{"rendered":"P-Seminar Mathematik: \u201eCaf\u00e9 \u03c0 \u2013 Von Sch\u00fclern f\u00fcr Sch\u00fcler erkl\u00e4rt\u201c"},"content":{"rendered":"<p><a href=\"https:\/\/www.rwg-bayreuth.de\/home\/wp-content\/uploads\/2019\/12\/19-20-CafePi-Projektnachmitag2.jpg\"><img loading=\"lazy\" decoding=\"async\" src=\"https:\/\/www.rwg-bayreuth.de\/home\/wp-content\/uploads\/2019\/12\/19-20-CafePi-Projektnachmitag2-450x253.jpg\" alt=\"\" width=\"450\" height=\"253\" class=\"aligncenter size-medium wp-image-23590\" srcset=\"https:\/\/www.rwg-bayreuth.de\/home\/wp-content\/uploads\/2019\/12\/19-20-CafePi-Projektnachmitag2-450x253.jpg 450w, https:\/\/www.rwg-bayreuth.de\/home\/wp-content\/uploads\/2019\/12\/19-20-CafePi-Projektnachmitag2-768x432.jpg 768w, https:\/\/www.rwg-bayreuth.de\/home\/wp-content\/uploads\/2019\/12\/19-20-CafePi-Projektnachmitag2-250x141.jpg 250w, https:\/\/www.rwg-bayreuth.de\/home\/wp-content\/uploads\/2019\/12\/19-20-CafePi-Projektnachmitag2.jpg 1024w, https:\/\/www.rwg-bayreuth.de\/home\/wp-content\/uploads\/2019\/12\/19-20-CafePi-Projektnachmitag2-800x450.jpg 800w\" sizes=\"(max-width: 450px) 100vw, 450px\" \/><\/a><\/p>\n<p>\u201eVon Sch\u00fclern f\u00fcr Sch\u00fcler erkl\u00e4rt\u201c. So lautet das Motto des Sch\u00fclercaf\u00e9s \u201eCaf\u00e9 \u03c0\u201c, das den Sch\u00fclerinnen und Sch\u00fclern der Unterstufe bereits seit drei Jahren die M\u00f6glichkeit gibt, ihre Kenntnisse im Fach Mathematik zu verbessern. Das Team besteht aus elf engagierten und hilfsbereiten Sch\u00fclerinnen und Sch\u00fclern der Q12, die bei Fragen und Problemen in Mathematik zur Verf\u00fcgung stehen, beim Erledigen der Hausaufgaben helfen und die Schulaufgabenvorbereitung unterst\u00fctzen. Zus\u00e4tzlich dazu, fanden auch in diesem Jahr wieder verschiedene mathematische Projektnachmittage f\u00fcr die Jahrgangsstufen f\u00fcnf bis sieben statt.<\/p>\n<p>Das Caf\u00e9, das im Raum 218 im Altbau zu finden ist, hat immer montags und donnerstags in der Mittagspause von 12.45 bis 13.30 Uhr ge\u00f6ffnet. Dar\u00fcber hinaus trifft man auch am Dienstag von 13.30 bis 14.15 Uhr zwei Sch\u00fcler des Teams an, die f\u00fcr die Sch\u00fclerinnen und Sch\u00fcler der Ganztagsbetreuung bereitstehen. F\u00fcr den kleinen Hunger zwischendurch bieten wir auch Snacks und Getr\u00e4nke an. <\/p>\n<p>Der sportliche Projektnachmittag f\u00fcr die 5. Jahrgangsstufe wurde vom Dreierteam, bestehend aus Leonie F., Leonie S. und Maria, organisiert. In der Turnhalle konnten die Sch\u00fclerinnen und Sch\u00fcler bei Spielen wie \u201eMathe-Brennball\u201c und einer \u201eMathe-Staffel\u201c ihre Kenntnisse zum Thema Zahlenmengen in sportlicher Atmosph\u00e4re erweitern.<\/p>\n<p><a href=\"https:\/\/www.rwg-bayreuth.de\/home\/wp-content\/uploads\/2019\/12\/19-20-CafePi-Projektnachmitag1.jpg\"><img loading=\"lazy\" decoding=\"async\" src=\"https:\/\/www.rwg-bayreuth.de\/home\/wp-content\/uploads\/2019\/12\/19-20-CafePi-Projektnachmitag1-253x450.jpg\" alt=\"\" width=\"253\" height=\"450\" class=\"alignright size-medium wp-image-23591\" srcset=\"https:\/\/www.rwg-bayreuth.de\/home\/wp-content\/uploads\/2019\/12\/19-20-CafePi-Projektnachmitag1-253x450.jpg 253w, https:\/\/www.rwg-bayreuth.de\/home\/wp-content\/uploads\/2019\/12\/19-20-CafePi-Projektnachmitag1-250x444.jpg 250w, https:\/\/www.rwg-bayreuth.de\/home\/wp-content\/uploads\/2019\/12\/19-20-CafePi-Projektnachmitag1.jpg 576w\" sizes=\"(max-width: 253px) 100vw, 253px\" \/><\/a>F\u00fcr die 6. Jahrgangsstufe wurde ein Lernzirkel zum Rechnen mit Br\u00fcchen und Dezimalbr\u00fcchen angeboten. Gina, Ann-Katrin und Selina bereiteten hierf\u00fcr drei abwechslungsreiche Stationen vor, an denen die Sechstkl\u00e4ssler ihr Wissen spielerisch auf die Probe stellen konnten.<br \/>\nZwei weitere Dreierteams veranstalteten jeweils einen \u00dcbungsnachmittag f\u00fcr die 7. Klassen, bei dem die Themen Terme und Termumformungen vertieft wurden.<\/p>\n<p>Auch dieses Jahr bereitete uns die Arbeit im Caf\u00e9 wieder sehr gro\u00dfe Freude. In gem\u00fctlicher Atmosph\u00e4re konnten wir zahlreiche Sch\u00fclerinnen und Sch\u00fcler f\u00fcr das Fach Mathematik begeistern.<br \/>\nDie Teilnehmer des Seminars sowie Frau Wei\u00df m\u00f6chten sich f\u00fcr die erfolgreiche Zusammenarbeit bedanken. Wir hoffen, dass das Caf\u00e9 auch in Zukunft mit viel Begeisterung weitergef\u00fchrt wird.<\/p>\n<p><em>Selina und Gina, Q12<\/em><\/p>\n","protected":false},"excerpt":{"rendered":"<p>\u201eVon Sch\u00fclern f\u00fcr Sch\u00fcler erkl\u00e4rt\u201c. So lautet das Motto des Sch\u00fclercaf\u00e9s \u201eCaf\u00e9 \u03c0\u201c, das den Sch\u00fclerinnen und Sch\u00fclern der Unterstufe bereits seit drei Jahren die M\u00f6glichkeit gibt, ihre Kenntnisse im Fach Mathematik zu verbessern. Das Team besteht aus elf engagierten und hilfsbereiten Sch\u00fclerinnen und Sch\u00fclern der Q12, die bei Fragen und Problemen in Mathematik zur&hellip;<\/p>\n","protected":false},"author":11,"featured_media":23593,"comment_status":"closed","ping_status":"closed","sticky":false,"template":"","format":"standard","meta":{"footnotes":""},"categories":[1],"tags":[54,99,51,70,96,64],"_links":{"self":[{"href":"https:\/\/www.rwg-bayreuth.de\/home\/index.php?rest_route=\/wp\/v2\/posts\/23589"}],"collection":[{"href":"https:\/\/www.rwg-bayreuth.de\/home\/index.php?rest_route=\/wp\/v2\/posts"}],"about":[{"href":"https:\/\/www.rwg-bayreuth.de\/home\/index.php?rest_route=\/wp\/v2\/types\/post"}],"author":[{"embeddable":true,"href":"https:\/\/www.rwg-bayreuth.de\/home\/index.php?rest_route=\/wp\/v2\/users\/11"}],"replies":[{"embeddable":true,"href":"https:\/\/www.rwg-bayreuth.de\/home\/index.php?rest_route=%2Fwp%2Fv2%2Fcomments&post=23589"}],"version-history":[{"count":2,"href":"https:\/\/www.rwg-bayreuth.de\/home\/index.php?rest_route=\/wp\/v2\/posts\/23589\/revisions"}],"predecessor-version":[{"id":23594,"href":"https:\/\/www.rwg-bayreuth.de\/home\/index.php?rest_route=\/wp\/v2\/posts\/23589\/revisions\/23594"}],"wp:featuredmedia":[{"embeddable":true,"href":"https:\/\/www.rwg-bayreuth.de\/home\/index.php?rest_route=\/wp\/v2\/media\/23593"}],"wp:attachment":[{"href":"https:\/\/www.rwg-bayreuth.de\/home\/index.php?rest_route=%2Fwp%2Fv2%2Fmedia&parent=23589"}],"wp:term":[{"taxonomy":"category","embeddable":true,"href":"https:\/\/www.rwg-bayreuth.de\/home\/index.php?rest_route=%2Fwp%2Fv2%2Fcategories&post=23589"},{"taxonomy":"post_tag","embeddable":true,"href":"https:\/\/www.rwg-bayreuth.de\/home\/index.php?rest_route=%2Fwp%2Fv2%2Ftags&post=23589"}],"curies":[{"name":"wp","href":"https:\/\/api.w.org\/{rel}","templated":true}]}}