{"id":23531,"date":"2019-11-17T08:10:52","date_gmt":"2019-11-17T07:10:52","guid":{"rendered":"http:\/\/www.rwg-bayreuth.de\/home\/?p=23531"},"modified":"2020-02-16T15:51:36","modified_gmt":"2020-02-16T14:51:36","slug":"schullandheimaufenthalt-der-5-klassen-in-weissenstadt-natur-sport-lernen-und-zusammenhalt","status":"publish","type":"post","link":"https:\/\/www.rwg-bayreuth.de\/home\/?p=23531","title":{"rendered":"Schul&shy;land&shy;heim&shy;auf&shy;ent&shy;halt der 5.&nbsp;Klassen in Wei&shy;\u00dfen&shy;stadt \u2013 Natur, Sport, Ler&shy;nen und Zusammenhalt"},"content":{"rendered":"<p><a href=\"https:\/\/www.rwg-bayreuth.de\/home\/wp-content\/uploads\/2019\/12\/19-20-Wei\u00dfenstadt-Auf-dem-Gipfel-des-Waldsteins.jpg\"><img loading=\"lazy\" decoding=\"async\" src=\"https:\/\/www.rwg-bayreuth.de\/home\/wp-content\/uploads\/2019\/12\/19-20-Wei\u00dfenstadt-Auf-dem-Gipfel-des-Waldsteins-450x338.jpg\" alt=\"\" width=\"450\" height=\"338\" class=\"aligncenter size-medium wp-image-23533\" srcset=\"https:\/\/www.rwg-bayreuth.de\/home\/wp-content\/uploads\/2019\/12\/19-20-Wei\u00dfenstadt-Auf-dem-Gipfel-des-Waldsteins-450x338.jpg 450w, https:\/\/www.rwg-bayreuth.de\/home\/wp-content\/uploads\/2019\/12\/19-20-Wei\u00dfenstadt-Auf-dem-Gipfel-des-Waldsteins-768x576.jpg 768w, https:\/\/www.rwg-bayreuth.de\/home\/wp-content\/uploads\/2019\/12\/19-20-Wei\u00dfenstadt-Auf-dem-Gipfel-des-Waldsteins-250x188.jpg 250w, https:\/\/www.rwg-bayreuth.de\/home\/wp-content\/uploads\/2019\/12\/19-20-Wei\u00dfenstadt-Auf-dem-Gipfel-des-Waldsteins.jpg 1024w\" sizes=\"(max-width: 450px) 100vw, 450px\" \/><\/a><\/p>\n<p>Vom 11. bis 15.11.19 fanden die Kennenlerntage unserer 5.Kl\u00e4sser in Wei\u00dfenstadt statt. Von Montag bis Mittwoch waren die Klassen 5a und 5b vor Ort und wurden dann von Mittwoch bis Freitag von den Klassen 5c und 5d abgel\u00f6st.<\/p>\n<p>Gleich nach der Ankunft im Schullandheim wurden die Zimmer bezogen und einige Sch\u00fcler vor schier un\u00fcberwindbare Herausforderungen gestellt \u2013 das Bett musste \u00fcberzogen werden. Zum Gl\u00fcck waren unsere f\u00fcrsorglichen Tutoren mit dabei und griffen unseren Sch\u00fctzlingen tatkr\u00e4ftig unter die Arme. Nachdem das gr\u00f6\u00dfte Problem des Tages \u00fcberwunden war, hatten die Sch\u00fcler Zeit, das Schullandheim mit seinen vielen M\u00f6glichkeiten zur Freizeitgestaltung zu erkunden. Sofort wurde die Sporthalle in Beschlag genommen und in den Folgetagen mit etlichen Fu\u00dfballturnieren und Turneinlagen dauerhaft besucht. Au\u00dferdem fanden die Aufenthaltsr\u00e4ume mit der Tischtennisplatte, dem Airhockey und dem Tischkicker gro\u00dfe Begeisterung. Unsere musikalisch versierten Sch\u00fcler fanden sich gleich beim Klavier ein und verzauberten uns w\u00e4hrend des gesamten Aufenthalts mit ihren St\u00fccken. <\/p>\n<p>Es wurde vor Ort aber nicht nur gespielt \u2013 ganz im Gegenteil. Neben den Tutoren waren auch die Medienscouts und die Streitschlichter unserer Schule mit nach Wei\u00dfenstadt gefahren und erarbeiteten vor Ort Regeln zur sinnvollen Nutzung von Smartphones und vor allem des Klassenchats. In einem weiteren Workshop wurde spielerisch bei Teambuildingma\u00dfnahmen eine konfliktfreie Kommunikation geschult und die Klassengemeinschaft gest\u00e4rkt. Ein riesen gro\u00dfes Lob und ganz herzlicher Dank an dieser Stelle an unsere Tutoren, Medienscouts und die Streitschlichter. Ihr habt richtig gute Arbeit geleistet und den Schullandheimaufenthalt f\u00fcr uns Lehrkr\u00e4fte wesentlich erleichtert und insgesamt noch weiter aufgewertet. <\/p>\n<p>Wenn die Sch\u00fcler mal nicht spielten oder Workshops besuchten, ging es in die wunderbare Natur des Fichtelgebirges. So wurde bei einer umfangreicheren Wanderung der gro\u00dfe Waldstein erklommen und von dessen Aussichtsplattform der atemberaubende Blick \u00fcber unsere Heimat genossen. Ein k\u00fcrzerer Spaziergang f\u00fchrte uns um den Wei\u00dfenst\u00e4dter See und an den dort gelegenen Spielplatz, wo sich die Drehscheibe zum absoluten Highlight entwickelte. Am Abend bestand au\u00dferdem die M\u00f6glichkeit zu einer freiwilligen Nachtwanderung. Einige mutige Sch\u00fcler machten sich gemeinsam mit ihren Lehrern und den Tutoren ohne Handy und Taschenlampe auf eine aufregende Runde durch den stock finsteren Wald. Herr Bauer steigerte die Spannung auf dieser Tour mit schaurigen Geschichten von unheimlichen Waldbewohnern und wilden Tieren. Auch er konnte ja nicht wissen, dass wir dann tats\u00e4chlich beinahe von aufgeschreckten Rehen \u00fcber den Haufen gerannt wurden.<br \/>\nSo verging die Zeit im Schullandheim wie im Flug und unz\u00e4hlige unvergessliche Momente haben sich in unseren K\u00f6pfen gespeichert. Viele Sch\u00fcler konnten sich vor Ort auf eine ganz neue Art und viel intensiver kennen lernen, Klassengemeinschaften haben sich gefestigt, das Smartphone wurde auch mal kritisch be\u00e4ugt, die Klassenleiter wurden au\u00dferhalb des Unterrichts erlebt und das Wandern wurde als neue Leidenschaft entdeckt \ud83d\ude09<\/p>\n<p>Eure Klassenleiter, Ramona von der OGS und euer Unterstufenbetreuer, Herr Bauer, hatten eine gute Zeit mit euch und freuen sich auf viele gemeinsame Schuljahre und weitere Fahrten am RWG!<\/p>\n","protected":false},"excerpt":{"rendered":"<p>Vom 11. bis 15.11.19 fanden die Kennenlerntage unserer 5.Kl\u00e4sser in Wei\u00dfenstadt statt. Von Montag bis Mittwoch waren die Klassen 5a und 5b vor Ort und wurden dann von Mittwoch bis Freitag von den Klassen 5c und 5d abgel\u00f6st. Gleich nach der Ankunft im Schullandheim wurden die Zimmer bezogen und einige Sch\u00fcler vor schier un\u00fcberwindbare Herausforderungen&hellip;<\/p>\n","protected":false},"author":11,"featured_media":23532,"comment_status":"closed","ping_status":"closed","sticky":false,"template":"","format":"standard","meta":{"footnotes":""},"categories":[1],"tags":[47,126,51,122],"_links":{"self":[{"href":"https:\/\/www.rwg-bayreuth.de\/home\/index.php?rest_route=\/wp\/v2\/posts\/23531"}],"collection":[{"href":"https:\/\/www.rwg-bayreuth.de\/home\/index.php?rest_route=\/wp\/v2\/posts"}],"about":[{"href":"https:\/\/www.rwg-bayreuth.de\/home\/index.php?rest_route=\/wp\/v2\/types\/post"}],"author":[{"embeddable":true,"href":"https:\/\/www.rwg-bayreuth.de\/home\/index.php?rest_route=\/wp\/v2\/users\/11"}],"replies":[{"embeddable":true,"href":"https:\/\/www.rwg-bayreuth.de\/home\/index.php?rest_route=%2Fwp%2Fv2%2Fcomments&post=23531"}],"version-history":[{"count":8,"href":"https:\/\/www.rwg-bayreuth.de\/home\/index.php?rest_route=\/wp\/v2\/posts\/23531\/revisions"}],"predecessor-version":[{"id":23624,"href":"https:\/\/www.rwg-bayreuth.de\/home\/index.php?rest_route=\/wp\/v2\/posts\/23531\/revisions\/23624"}],"wp:featuredmedia":[{"embeddable":true,"href":"https:\/\/www.rwg-bayreuth.de\/home\/index.php?rest_route=\/wp\/v2\/media\/23532"}],"wp:attachment":[{"href":"https:\/\/www.rwg-bayreuth.de\/home\/index.php?rest_route=%2Fwp%2Fv2%2Fmedia&parent=23531"}],"wp:term":[{"taxonomy":"category","embeddable":true,"href":"https:\/\/www.rwg-bayreuth.de\/home\/index.php?rest_route=%2Fwp%2Fv2%2Fcategories&post=23531"},{"taxonomy":"post_tag","embeddable":true,"href":"https:\/\/www.rwg-bayreuth.de\/home\/index.php?rest_route=%2Fwp%2Fv2%2Ftags&post=23531"}],"curies":[{"name":"wp","href":"https:\/\/api.w.org\/{rel}","templated":true}]}}