{"id":23407,"date":"2019-12-03T16:36:48","date_gmt":"2019-12-03T15:36:48","guid":{"rendered":"http:\/\/www.rwg-bayreuth.de\/home\/?p=23407"},"modified":"2019-12-03T16:48:10","modified_gmt":"2019-12-03T15:48:10","slug":"und-was-guckst-du","status":"publish","type":"post","link":"https:\/\/www.rwg-bayreuth.de\/home\/?p=23407","title":{"rendered":"Und was guckst du?"},"content":{"rendered":"<p><a href=\"https:\/\/www.rwg-bayreuth.de\/home\/wp-content\/uploads\/2019\/12\/19-20-Deutsch-Guckl\u00f6cher-6d.jpg\"><img loading=\"lazy\" decoding=\"async\" src=\"https:\/\/www.rwg-bayreuth.de\/home\/wp-content\/uploads\/2019\/12\/19-20-Deutsch-Guckl\u00f6cher-6d-450x418.jpg\" alt=\"\" width=\"450\" height=\"418\" class=\"alignright size-medium wp-image-23408\" srcset=\"https:\/\/www.rwg-bayreuth.de\/home\/wp-content\/uploads\/2019\/12\/19-20-Deutsch-Guckl\u00f6cher-6d-450x418.jpg 450w, https:\/\/www.rwg-bayreuth.de\/home\/wp-content\/uploads\/2019\/12\/19-20-Deutsch-Guckl\u00f6cher-6d-768x714.jpg 768w, https:\/\/www.rwg-bayreuth.de\/home\/wp-content\/uploads\/2019\/12\/19-20-Deutsch-Guckl\u00f6cher-6d-250x232.jpg 250w, https:\/\/www.rwg-bayreuth.de\/home\/wp-content\/uploads\/2019\/12\/19-20-Deutsch-Guckl\u00f6cher-6d.jpg 1024w\" sizes=\"(max-width: 450px) 100vw, 450px\" \/><\/a><\/p>\n<p>Im&nbsp;Rahmen&nbsp;des bundesweiten Vorlesetages am 15. November 2019 und im Rahmen der Lesef\u00f6rderung des RWG entwickelte die Klasse 6d eine Ausstellung zu ihren spannenden und aben&shy;teuer&shy;reichen Lesetipps f\u00fcr die Unterstufe. <\/p>\n<p>Jede Sch\u00fclerin und jeder Sch\u00fcler w\u00e4hlte daf\u00fcr ein Buch aus und legte zu diesem ein individuelles \u201eGuckloch\u201c an. Unter der Zielsetzung, das ausgew\u00e4hlte Buch m\u00f6glichst anschaulich und Leselust weckend zu gestalten, malten und bastelten, schrieben und tobten sich die Sch\u00fclerinnen und Sch\u00fcler kreativ aus. So skizzierten sie beispielsweise den Inhalt, die thematischen Schwerpunkte und die Protagonisten ihrer in den Unterricht mitgebrachten literarischen Werke. Den Kern jedes Gucklochs bildet dabei die Auswahl und k\u00fcnstlerische Gestaltung einer Szene, eines markanten Gegenstandes oder einer Hauptperson im \u201eGuckloch\u201c auf der Titelseite des individuell angefertigten \u201eB\u00fcchleins zum Buch\u201c. Ein pers\u00f6nliches Fazit in Form einer Bewertung und einer Leseempfehlung rundet jede Sch\u00fclerarbeit ab. Am Ende des Projektes offenbart sich eine bunte Vielfalt aus Kinder- und Jugendromanen, die von Fantasy \u00fcber historische Romane und Adoleszenzliteratur zu autobiographisch anmutenden Texten reicht. <\/p>\n<p>Die Ausstellung wurde im Klassenzimmer der 6d aufgebaut, wird nach den Weihnachtsferien dann aber ins Lesende Klassenzimmer umziehen, um so jedem Unterstufensch\u00fcler und jeder Unterstufensch\u00fclerin als eine Anregung f\u00fcr neue Lesestoffe zu dienen.<\/p>\n<p><em>StRefin A. Becher<\/em><\/p>\n","protected":false},"excerpt":{"rendered":"<p>Im&nbsp;Rahmen&nbsp;des bundesweiten Vorlesetages am 15. November 2019 und im Rahmen der Lesef\u00f6rderung des RWG entwickelte die Klasse 6d eine Ausstellung zu ihren spannenden und aben&shy;teuer&shy;reichen Lesetipps f\u00fcr die Unterstufe. Jede Sch\u00fclerin und jeder Sch\u00fcler w\u00e4hlte daf\u00fcr ein Buch aus und legte zu diesem ein individuelles \u201eGuckloch\u201c an. Unter der Zielsetzung, das ausgew\u00e4hlte Buch m\u00f6glichst anschaulich&hellip;<\/p>\n","protected":false},"author":11,"featured_media":23409,"comment_status":"closed","ping_status":"closed","sticky":false,"template":"","format":"standard","meta":{"footnotes":""},"categories":[1],"tags":[59,51],"_links":{"self":[{"href":"https:\/\/www.rwg-bayreuth.de\/home\/index.php?rest_route=\/wp\/v2\/posts\/23407"}],"collection":[{"href":"https:\/\/www.rwg-bayreuth.de\/home\/index.php?rest_route=\/wp\/v2\/posts"}],"about":[{"href":"https:\/\/www.rwg-bayreuth.de\/home\/index.php?rest_route=\/wp\/v2\/types\/post"}],"author":[{"embeddable":true,"href":"https:\/\/www.rwg-bayreuth.de\/home\/index.php?rest_route=\/wp\/v2\/users\/11"}],"replies":[{"embeddable":true,"href":"https:\/\/www.rwg-bayreuth.de\/home\/index.php?rest_route=%2Fwp%2Fv2%2Fcomments&post=23407"}],"version-history":[{"count":2,"href":"https:\/\/www.rwg-bayreuth.de\/home\/index.php?rest_route=\/wp\/v2\/posts\/23407\/revisions"}],"predecessor-version":[{"id":23413,"href":"https:\/\/www.rwg-bayreuth.de\/home\/index.php?rest_route=\/wp\/v2\/posts\/23407\/revisions\/23413"}],"wp:featuredmedia":[{"embeddable":true,"href":"https:\/\/www.rwg-bayreuth.de\/home\/index.php?rest_route=\/wp\/v2\/media\/23409"}],"wp:attachment":[{"href":"https:\/\/www.rwg-bayreuth.de\/home\/index.php?rest_route=%2Fwp%2Fv2%2Fmedia&parent=23407"}],"wp:term":[{"taxonomy":"category","embeddable":true,"href":"https:\/\/www.rwg-bayreuth.de\/home\/index.php?rest_route=%2Fwp%2Fv2%2Fcategories&post=23407"},{"taxonomy":"post_tag","embeddable":true,"href":"https:\/\/www.rwg-bayreuth.de\/home\/index.php?rest_route=%2Fwp%2Fv2%2Ftags&post=23407"}],"curies":[{"name":"wp","href":"https:\/\/api.w.org\/{rel}","templated":true}]}}