{"id":23389,"date":"2019-12-20T00:01:14","date_gmt":"2019-12-19T23:01:14","guid":{"rendered":"http:\/\/www.rwg-bayreuth.de\/home\/?page_id=23389"},"modified":"2024-01-21T13:12:24","modified_gmt":"2024-01-21T12:12:24","slug":"kunstkalender-2020","status":"publish","type":"post","link":"https:\/\/www.rwg-bayreuth.de\/home\/?p=23389","title":{"rendered":"Kunstkalender 2020"},"content":{"rendered":"\n\n\n\n\n\n\n\n\n\n\n\n\n<h4>Kalenderbilder des Jahres 2020<\/h4>\n<div class=\"su-image-carousel  su-image-carousel-columns-2 su-image-carousel-has-spacing su-image-carousel-crop su-image-carousel-crop-3-2 su-image-carousel-has-lightbox su-image-carousel-has-outline su-image-carousel-adaptive su-image-carousel-slides-style-default su-image-carousel-controls-style-light su-image-carousel-align-center\" style=\"max-width:1500px\" data-flickity-options='{\"groupCells\":true,\"cellSelector\":\".su-image-carousel-item\",\"adaptiveHeight\":false,\"cellAlign\":\"left\",\"prevNextButtons\":true,\"pageDots\":true,\"autoPlay\":5000,\"imagesLoaded\":true,\"contain\":true,\"selectedAttraction\":0.025000000000000001,\"friction\":0.28000000000000003}' id=\"su_image_carousel_69f1d9d378a77\"><div class=\"su-image-carousel-item\"><div class=\"su-image-carousel-item-content\"><a href=\"https:\/\/www.rwg-bayreuth.de\/home\/wp-content\/uploads\/2019\/12\/19-20-Kunstkalender-1-Franziska-Fischer-Q11-Heimlich-gespr\u00fcht-und-auf-der-Flucht.jpg\" target=\"_blank\" rel=\"noopener noreferrer\" data-caption=\"Heimlich gespr\u00fcht und auf der Flucht - Franziska Fischer Q11\"><img loading=\"lazy\" decoding=\"async\" width=\"768\" height=\"583\" src=\"https:\/\/www.rwg-bayreuth.de\/home\/wp-content\/uploads\/2019\/12\/19-20-Kunstkalender-1-Franziska-Fischer-Q11-Heimlich-gespr\u00fcht-und-auf-der-Flucht-768x583.jpg\" class=\"\" alt=\"\" srcset=\"https:\/\/www.rwg-bayreuth.de\/home\/wp-content\/uploads\/2019\/12\/19-20-Kunstkalender-1-Franziska-Fischer-Q11-Heimlich-gespr\u00fcht-und-auf-der-Flucht-768x583.jpg 768w, https:\/\/www.rwg-bayreuth.de\/home\/wp-content\/uploads\/2019\/12\/19-20-Kunstkalender-1-Franziska-Fischer-Q11-Heimlich-gespr\u00fcht-und-auf-der-Flucht-450x341.jpg 450w, https:\/\/www.rwg-bayreuth.de\/home\/wp-content\/uploads\/2019\/12\/19-20-Kunstkalender-1-Franziska-Fischer-Q11-Heimlich-gespr\u00fcht-und-auf-der-Flucht-250x190.jpg 250w, https:\/\/www.rwg-bayreuth.de\/home\/wp-content\/uploads\/2019\/12\/19-20-Kunstkalender-1-Franziska-Fischer-Q11-Heimlich-gespr\u00fcht-und-auf-der-Flucht-600x455.jpg 600w, https:\/\/www.rwg-bayreuth.de\/home\/wp-content\/uploads\/2019\/12\/19-20-Kunstkalender-1-Franziska-Fischer-Q11-Heimlich-gespr\u00fcht-und-auf-der-Flucht.jpg 1024w\" sizes=\"(max-width: 768px) 100vw, 768px\" \/><span>Heimlich gespr\u00fcht und auf der Flucht - Franziska Fischer Q11<\/span><\/a><\/div><\/div><div class=\"su-image-carousel-item\"><div class=\"su-image-carousel-item-content\"><a href=\"https:\/\/www.rwg-bayreuth.de\/home\/wp-content\/uploads\/2019\/12\/19-20-Kunstkalender-2-Noelle-Kaufmann-6c-Karneval-der-Tiere.jpg\" target=\"_blank\" rel=\"noopener noreferrer\" data-caption=\"Karneval der Tiere - Noelle Kaufmann 6c\"><img loading=\"lazy\" decoding=\"async\" width=\"768\" height=\"538\" src=\"https:\/\/www.rwg-bayreuth.de\/home\/wp-content\/uploads\/2019\/12\/19-20-Kunstkalender-2-Noelle-Kaufmann-6c-Karneval-der-Tiere-768x538.jpg\" class=\"\" alt=\"\" srcset=\"https:\/\/www.rwg-bayreuth.de\/home\/wp-content\/uploads\/2019\/12\/19-20-Kunstkalender-2-Noelle-Kaufmann-6c-Karneval-der-Tiere-768x538.jpg 768w, https:\/\/www.rwg-bayreuth.de\/home\/wp-content\/uploads\/2019\/12\/19-20-Kunstkalender-2-Noelle-Kaufmann-6c-Karneval-der-Tiere-450x315.jpg 450w, https:\/\/www.rwg-bayreuth.de\/home\/wp-content\/uploads\/2019\/12\/19-20-Kunstkalender-2-Noelle-Kaufmann-6c-Karneval-der-Tiere-250x175.jpg 250w, https:\/\/www.rwg-bayreuth.de\/home\/wp-content\/uploads\/2019\/12\/19-20-Kunstkalender-2-Noelle-Kaufmann-6c-Karneval-der-Tiere-600x420.jpg 600w, https:\/\/www.rwg-bayreuth.de\/home\/wp-content\/uploads\/2019\/12\/19-20-Kunstkalender-2-Noelle-Kaufmann-6c-Karneval-der-Tiere.jpg 1024w\" sizes=\"(max-width: 768px) 100vw, 768px\" \/><span>Karneval der Tiere - Noelle Kaufmann 6c<\/span><\/a><\/div><\/div><div class=\"su-image-carousel-item\"><div class=\"su-image-carousel-item-content\"><a href=\"https:\/\/www.rwg-bayreuth.de\/home\/wp-content\/uploads\/2019\/12\/19-20-Kunstkalender-3-Musik-Ein-CD-Cover.jpg\" target=\"_blank\" rel=\"noopener noreferrer\" data-caption=\"Musik - Ein CD-Cover\"><img loading=\"lazy\" decoding=\"async\" width=\"768\" height=\"770\" src=\"https:\/\/www.rwg-bayreuth.de\/home\/wp-content\/uploads\/2019\/12\/19-20-Kunstkalender-3-Musik-Ein-CD-Cover-768x770.jpg\" class=\"\" alt=\"\" srcset=\"https:\/\/www.rwg-bayreuth.de\/home\/wp-content\/uploads\/2019\/12\/19-20-Kunstkalender-3-Musik-Ein-CD-Cover-768x770.jpg 768w, https:\/\/www.rwg-bayreuth.de\/home\/wp-content\/uploads\/2019\/12\/19-20-Kunstkalender-3-Musik-Ein-CD-Cover-450x450.jpg 450w, https:\/\/www.rwg-bayreuth.de\/home\/wp-content\/uploads\/2019\/12\/19-20-Kunstkalender-3-Musik-Ein-CD-Cover-150x150.jpg 150w, https:\/\/www.rwg-bayreuth.de\/home\/wp-content\/uploads\/2019\/12\/19-20-Kunstkalender-3-Musik-Ein-CD-Cover-250x251.jpg 250w, https:\/\/www.rwg-bayreuth.de\/home\/wp-content\/uploads\/2019\/12\/19-20-Kunstkalender-3-Musik-Ein-CD-Cover-598x600.jpg 598w, https:\/\/www.rwg-bayreuth.de\/home\/wp-content\/uploads\/2019\/12\/19-20-Kunstkalender-3-Musik-Ein-CD-Cover.jpg 1021w\" sizes=\"(max-width: 768px) 100vw, 768px\" \/><span>Musik - Ein CD-Cover<\/span><\/a><\/div><\/div><div class=\"su-image-carousel-item\"><div class=\"su-image-carousel-item-content\"><a href=\"https:\/\/www.rwg-bayreuth.de\/home\/wp-content\/uploads\/2019\/12\/19-20-Kunstkalender-4-Lilli-Fischer-5c-S\u00fcsses-Wohnen.jpg\" target=\"_blank\" rel=\"noopener noreferrer\" data-caption=\"S\u00fcsses Wohnen - Lilli Fischer 5c\"><img loading=\"lazy\" decoding=\"async\" width=\"768\" height=\"590\" src=\"https:\/\/www.rwg-bayreuth.de\/home\/wp-content\/uploads\/2019\/12\/19-20-Kunstkalender-4-Lilli-Fischer-5c-S\u00fcsses-Wohnen-768x590.jpg\" class=\"\" alt=\"\" srcset=\"https:\/\/www.rwg-bayreuth.de\/home\/wp-content\/uploads\/2019\/12\/19-20-Kunstkalender-4-Lilli-Fischer-5c-S\u00fcsses-Wohnen-768x590.jpg 768w, https:\/\/www.rwg-bayreuth.de\/home\/wp-content\/uploads\/2019\/12\/19-20-Kunstkalender-4-Lilli-Fischer-5c-S\u00fcsses-Wohnen-450x346.jpg 450w, https:\/\/www.rwg-bayreuth.de\/home\/wp-content\/uploads\/2019\/12\/19-20-Kunstkalender-4-Lilli-Fischer-5c-S\u00fcsses-Wohnen-250x192.jpg 250w, https:\/\/www.rwg-bayreuth.de\/home\/wp-content\/uploads\/2019\/12\/19-20-Kunstkalender-4-Lilli-Fischer-5c-S\u00fcsses-Wohnen-600x461.jpg 600w, https:\/\/www.rwg-bayreuth.de\/home\/wp-content\/uploads\/2019\/12\/19-20-Kunstkalender-4-Lilli-Fischer-5c-S\u00fcsses-Wohnen.jpg 1024w\" sizes=\"(max-width: 768px) 100vw, 768px\" \/><span>S\u00fcsses Wohnen - Lilli Fischer 5c<\/span><\/a><\/div><\/div><div class=\"su-image-carousel-item\"><div class=\"su-image-carousel-item-content\"><a href=\"https:\/\/www.rwg-bayreuth.de\/home\/wp-content\/uploads\/2019\/12\/19-20-Kunstkalender-5-Emely-Richter-Glasfotografie.jpg\" target=\"_blank\" rel=\"noopener noreferrer\" data-caption=\"Glasfotografie - Emely Richter\"><img loading=\"lazy\" decoding=\"async\" width=\"683\" height=\"1024\" src=\"https:\/\/www.rwg-bayreuth.de\/home\/wp-content\/uploads\/2019\/12\/19-20-Kunstkalender-5-Emely-Richter-Glasfotografie.jpg\" class=\"\" alt=\"\" srcset=\"https:\/\/www.rwg-bayreuth.de\/home\/wp-content\/uploads\/2019\/12\/19-20-Kunstkalender-5-Emely-Richter-Glasfotografie.jpg 683w, https:\/\/www.rwg-bayreuth.de\/home\/wp-content\/uploads\/2019\/12\/19-20-Kunstkalender-5-Emely-Richter-Glasfotografie-300x450.jpg 300w, https:\/\/www.rwg-bayreuth.de\/home\/wp-content\/uploads\/2019\/12\/19-20-Kunstkalender-5-Emely-Richter-Glasfotografie-250x375.jpg 250w, https:\/\/www.rwg-bayreuth.de\/home\/wp-content\/uploads\/2019\/12\/19-20-Kunstkalender-5-Emely-Richter-Glasfotografie-400x600.jpg 400w\" sizes=\"(max-width: 683px) 100vw, 683px\" \/><span>Glasfotografie - Emely Richter<\/span><\/a><\/div><\/div><div class=\"su-image-carousel-item\"><div class=\"su-image-carousel-item-content\"><a href=\"https:\/\/www.rwg-bayreuth.de\/home\/wp-content\/uploads\/2019\/12\/19-20-Kunstkalender-6-Lea-Opel-10b-Ein-surreales-Zimmer.jpg\" target=\"_blank\" rel=\"noopener noreferrer\" data-caption=\"Ein surreales Zimmer - Lea Opel 10b\"><img loading=\"lazy\" decoding=\"async\" width=\"768\" height=\"578\" src=\"https:\/\/www.rwg-bayreuth.de\/home\/wp-content\/uploads\/2019\/12\/19-20-Kunstkalender-6-Lea-Opel-10b-Ein-surreales-Zimmer-768x578.jpg\" class=\"\" alt=\"\" srcset=\"https:\/\/www.rwg-bayreuth.de\/home\/wp-content\/uploads\/2019\/12\/19-20-Kunstkalender-6-Lea-Opel-10b-Ein-surreales-Zimmer-768x578.jpg 768w, https:\/\/www.rwg-bayreuth.de\/home\/wp-content\/uploads\/2019\/12\/19-20-Kunstkalender-6-Lea-Opel-10b-Ein-surreales-Zimmer-450x339.jpg 450w, https:\/\/www.rwg-bayreuth.de\/home\/wp-content\/uploads\/2019\/12\/19-20-Kunstkalender-6-Lea-Opel-10b-Ein-surreales-Zimmer-250x188.jpg 250w, https:\/\/www.rwg-bayreuth.de\/home\/wp-content\/uploads\/2019\/12\/19-20-Kunstkalender-6-Lea-Opel-10b-Ein-surreales-Zimmer-600x452.jpg 600w, https:\/\/www.rwg-bayreuth.de\/home\/wp-content\/uploads\/2019\/12\/19-20-Kunstkalender-6-Lea-Opel-10b-Ein-surreales-Zimmer.jpg 1024w\" sizes=\"(max-width: 768px) 100vw, 768px\" \/><span>Ein surreales Zimmer - Lea Opel 10b<\/span><\/a><\/div><\/div><div class=\"su-image-carousel-item\"><div class=\"su-image-carousel-item-content\"><a href=\"https:\/\/www.rwg-bayreuth.de\/home\/wp-content\/uploads\/2019\/12\/19-20-Kunstkalender-7-E.-Eisenmann-Klasse-5c-Ich-freu-mich-schon-auf-T\u00f6nning.jpg\" target=\"_blank\" rel=\"noopener noreferrer\" data-caption=\"Ich freu mich schon auf T\u00f6nning - E. Eisenmann Klasse 5c\"><img loading=\"lazy\" decoding=\"async\" width=\"768\" height=\"693\" src=\"https:\/\/www.rwg-bayreuth.de\/home\/wp-content\/uploads\/2019\/12\/19-20-Kunstkalender-7-E.-Eisenmann-Klasse-5c-Ich-freu-mich-schon-auf-T\u00f6nning-768x693.jpg\" class=\"\" alt=\"\" srcset=\"https:\/\/www.rwg-bayreuth.de\/home\/wp-content\/uploads\/2019\/12\/19-20-Kunstkalender-7-E.-Eisenmann-Klasse-5c-Ich-freu-mich-schon-auf-T\u00f6nning-768x693.jpg 768w, https:\/\/www.rwg-bayreuth.de\/home\/wp-content\/uploads\/2019\/12\/19-20-Kunstkalender-7-E.-Eisenmann-Klasse-5c-Ich-freu-mich-schon-auf-T\u00f6nning-450x406.jpg 450w, https:\/\/www.rwg-bayreuth.de\/home\/wp-content\/uploads\/2019\/12\/19-20-Kunstkalender-7-E.-Eisenmann-Klasse-5c-Ich-freu-mich-schon-auf-T\u00f6nning-250x226.jpg 250w, https:\/\/www.rwg-bayreuth.de\/home\/wp-content\/uploads\/2019\/12\/19-20-Kunstkalender-7-E.-Eisenmann-Klasse-5c-Ich-freu-mich-schon-auf-T\u00f6nning-600x541.jpg 600w, https:\/\/www.rwg-bayreuth.de\/home\/wp-content\/uploads\/2019\/12\/19-20-Kunstkalender-7-E.-Eisenmann-Klasse-5c-Ich-freu-mich-schon-auf-T\u00f6nning.jpg 1024w\" sizes=\"(max-width: 768px) 100vw, 768px\" \/><span>Ich freu mich schon auf T\u00f6nning - E. Eisenmann Klasse 5c<\/span><\/a><\/div><\/div><div class=\"su-image-carousel-item\"><div class=\"su-image-carousel-item-content\"><a href=\"https:\/\/www.rwg-bayreuth.de\/home\/wp-content\/uploads\/2019\/12\/19-20-Kunstkalender-8-Michelle-Hensch-8b-Eine-Bildergeschichte.jpg\" target=\"_blank\" rel=\"noopener noreferrer\" data-caption=\"Eine Bildergeschichte - Michelle Hensch 8b\"><img loading=\"lazy\" decoding=\"async\" width=\"768\" height=\"1008\" src=\"https:\/\/www.rwg-bayreuth.de\/home\/wp-content\/uploads\/2019\/12\/19-20-Kunstkalender-8-Michelle-Hensch-8b-Eine-Bildergeschichte-768x1008.jpg\" class=\"\" alt=\"\" srcset=\"https:\/\/www.rwg-bayreuth.de\/home\/wp-content\/uploads\/2019\/12\/19-20-Kunstkalender-8-Michelle-Hensch-8b-Eine-Bildergeschichte-768x1008.jpg 768w, https:\/\/www.rwg-bayreuth.de\/home\/wp-content\/uploads\/2019\/12\/19-20-Kunstkalender-8-Michelle-Hensch-8b-Eine-Bildergeschichte-343x450.jpg 343w, https:\/\/www.rwg-bayreuth.de\/home\/wp-content\/uploads\/2019\/12\/19-20-Kunstkalender-8-Michelle-Hensch-8b-Eine-Bildergeschichte-250x328.jpg 250w, https:\/\/www.rwg-bayreuth.de\/home\/wp-content\/uploads\/2019\/12\/19-20-Kunstkalender-8-Michelle-Hensch-8b-Eine-Bildergeschichte-457x600.jpg 457w, https:\/\/www.rwg-bayreuth.de\/home\/wp-content\/uploads\/2019\/12\/19-20-Kunstkalender-8-Michelle-Hensch-8b-Eine-Bildergeschichte.jpg 780w\" sizes=\"(max-width: 768px) 100vw, 768px\" \/><span>Eine Bildergeschichte - Michelle Hensch 8b<\/span><\/a><\/div><\/div><div class=\"su-image-carousel-item\"><div class=\"su-image-carousel-item-content\"><a href=\"https:\/\/www.rwg-bayreuth.de\/home\/wp-content\/uploads\/2019\/12\/19-20-Kunstkalender-9-Antonia-Wohlrab-5c-Fantastisch-Magisches-Tierwesen.jpg\" target=\"_blank\" rel=\"noopener noreferrer\" data-caption=\"Fantastisch Magisches Tierwesen - Antonia Wohlrab 5c\"><img loading=\"lazy\" decoding=\"async\" width=\"768\" height=\"1006\" src=\"https:\/\/www.rwg-bayreuth.de\/home\/wp-content\/uploads\/2019\/12\/19-20-Kunstkalender-9-Antonia-Wohlrab-5c-Fantastisch-Magisches-Tierwesen-768x1006.jpg\" class=\"\" alt=\"\" srcset=\"https:\/\/www.rwg-bayreuth.de\/home\/wp-content\/uploads\/2019\/12\/19-20-Kunstkalender-9-Antonia-Wohlrab-5c-Fantastisch-Magisches-Tierwesen-768x1006.jpg 768w, https:\/\/www.rwg-bayreuth.de\/home\/wp-content\/uploads\/2019\/12\/19-20-Kunstkalender-9-Antonia-Wohlrab-5c-Fantastisch-Magisches-Tierwesen-344x450.jpg 344w, https:\/\/www.rwg-bayreuth.de\/home\/wp-content\/uploads\/2019\/12\/19-20-Kunstkalender-9-Antonia-Wohlrab-5c-Fantastisch-Magisches-Tierwesen-250x327.jpg 250w, https:\/\/www.rwg-bayreuth.de\/home\/wp-content\/uploads\/2019\/12\/19-20-Kunstkalender-9-Antonia-Wohlrab-5c-Fantastisch-Magisches-Tierwesen-458x600.jpg 458w, https:\/\/www.rwg-bayreuth.de\/home\/wp-content\/uploads\/2019\/12\/19-20-Kunstkalender-9-Antonia-Wohlrab-5c-Fantastisch-Magisches-Tierwesen.jpg 782w\" sizes=\"(max-width: 768px) 100vw, 768px\" \/><span>Fantastisch Magisches Tierwesen - Antonia Wohlrab 5c<\/span><\/a><\/div><\/div><div class=\"su-image-carousel-item\"><div class=\"su-image-carousel-item-content\"><a href=\"https:\/\/www.rwg-bayreuth.de\/home\/wp-content\/uploads\/2019\/12\/19-20-Kunstkalender-10-Johannes-Gundermann-5c-Getarnt-im-Wald.jpg\" target=\"_blank\" rel=\"noopener noreferrer\" data-caption=\"Getarnt im Wald - Johannes Gundermann 5c\"><img loading=\"lazy\" decoding=\"async\" width=\"768\" height=\"578\" src=\"https:\/\/www.rwg-bayreuth.de\/home\/wp-content\/uploads\/2019\/12\/19-20-Kunstkalender-10-Johannes-Gundermann-5c-Getarnt-im-Wald-768x578.jpg\" class=\"\" alt=\"\" srcset=\"https:\/\/www.rwg-bayreuth.de\/home\/wp-content\/uploads\/2019\/12\/19-20-Kunstkalender-10-Johannes-Gundermann-5c-Getarnt-im-Wald-768x578.jpg 768w, https:\/\/www.rwg-bayreuth.de\/home\/wp-content\/uploads\/2019\/12\/19-20-Kunstkalender-10-Johannes-Gundermann-5c-Getarnt-im-Wald-450x338.jpg 450w, https:\/\/www.rwg-bayreuth.de\/home\/wp-content\/uploads\/2019\/12\/19-20-Kunstkalender-10-Johannes-Gundermann-5c-Getarnt-im-Wald-250x188.jpg 250w, https:\/\/www.rwg-bayreuth.de\/home\/wp-content\/uploads\/2019\/12\/19-20-Kunstkalender-10-Johannes-Gundermann-5c-Getarnt-im-Wald-600x451.jpg 600w, https:\/\/www.rwg-bayreuth.de\/home\/wp-content\/uploads\/2019\/12\/19-20-Kunstkalender-10-Johannes-Gundermann-5c-Getarnt-im-Wald.jpg 1024w\" sizes=\"(max-width: 768px) 100vw, 768px\" \/><span>Getarnt im Wald - Johannes Gundermann 5c<\/span><\/a><\/div><\/div><div class=\"su-image-carousel-item\"><div class=\"su-image-carousel-item-content\"><a href=\"https:\/\/www.rwg-bayreuth.de\/home\/wp-content\/uploads\/2019\/12\/19-20-Kunstkalender-11-Marie-Leonardt-9e-Lost-Place.jpg\" target=\"_blank\" rel=\"noopener noreferrer\" data-caption=\"Lost Place - Marie Leonardt 9e\"><img loading=\"lazy\" decoding=\"async\" width=\"768\" height=\"589\" src=\"https:\/\/www.rwg-bayreuth.de\/home\/wp-content\/uploads\/2019\/12\/19-20-Kunstkalender-11-Marie-Leonardt-9e-Lost-Place-768x589.jpg\" class=\"\" alt=\"\" srcset=\"https:\/\/www.rwg-bayreuth.de\/home\/wp-content\/uploads\/2019\/12\/19-20-Kunstkalender-11-Marie-Leonardt-9e-Lost-Place-768x589.jpg 768w, https:\/\/www.rwg-bayreuth.de\/home\/wp-content\/uploads\/2019\/12\/19-20-Kunstkalender-11-Marie-Leonardt-9e-Lost-Place-450x345.jpg 450w, https:\/\/www.rwg-bayreuth.de\/home\/wp-content\/uploads\/2019\/12\/19-20-Kunstkalender-11-Marie-Leonardt-9e-Lost-Place-250x192.jpg 250w, https:\/\/www.rwg-bayreuth.de\/home\/wp-content\/uploads\/2019\/12\/19-20-Kunstkalender-11-Marie-Leonardt-9e-Lost-Place-600x460.jpg 600w, https:\/\/www.rwg-bayreuth.de\/home\/wp-content\/uploads\/2019\/12\/19-20-Kunstkalender-11-Marie-Leonardt-9e-Lost-Place.jpg 1024w\" sizes=\"(max-width: 768px) 100vw, 768px\" \/><span>Lost Place - Marie Leonardt 9e<\/span><\/a><\/div><\/div><div class=\"su-image-carousel-item\"><div class=\"su-image-carousel-item-content\"><a href=\"https:\/\/www.rwg-bayreuth.de\/home\/wp-content\/uploads\/2019\/12\/19-20-Kunstkalender-12-G\u00fclnaz-\u00d6ztosun-7a-Spr\u00fcche-Kalligrafisch.jpg\" target=\"_blank\" rel=\"noopener noreferrer\" data-caption=\"Spr\u00fcche-Kalligrafisch - G\u00fclnaz \u00d6ztosun 7a\"><img loading=\"lazy\" decoding=\"async\" width=\"768\" height=\"590\" src=\"https:\/\/www.rwg-bayreuth.de\/home\/wp-content\/uploads\/2019\/12\/19-20-Kunstkalender-12-G\u00fclnaz-\u00d6ztosun-7a-Spr\u00fcche-Kalligrafisch-768x590.jpg\" class=\"\" alt=\"\" srcset=\"https:\/\/www.rwg-bayreuth.de\/home\/wp-content\/uploads\/2019\/12\/19-20-Kunstkalender-12-G\u00fclnaz-\u00d6ztosun-7a-Spr\u00fcche-Kalligrafisch-768x590.jpg 768w, https:\/\/www.rwg-bayreuth.de\/home\/wp-content\/uploads\/2019\/12\/19-20-Kunstkalender-12-G\u00fclnaz-\u00d6ztosun-7a-Spr\u00fcche-Kalligrafisch-450x346.jpg 450w, https:\/\/www.rwg-bayreuth.de\/home\/wp-content\/uploads\/2019\/12\/19-20-Kunstkalender-12-G\u00fclnaz-\u00d6ztosun-7a-Spr\u00fcche-Kalligrafisch-250x192.jpg 250w, https:\/\/www.rwg-bayreuth.de\/home\/wp-content\/uploads\/2019\/12\/19-20-Kunstkalender-12-G\u00fclnaz-\u00d6ztosun-7a-Spr\u00fcche-Kalligrafisch-600x461.jpg 600w, https:\/\/www.rwg-bayreuth.de\/home\/wp-content\/uploads\/2019\/12\/19-20-Kunstkalender-12-G\u00fclnaz-\u00d6ztosun-7a-Spr\u00fcche-Kalligrafisch.jpg 1024w\" sizes=\"(max-width: 768px) 100vw, 768px\" \/><span>Spr\u00fcche-Kalligrafisch - G\u00fclnaz \u00d6ztosun 7a<\/span><\/a><\/div><\/div><\/div><script id=\"su_image_carousel_69f1d9d378a77_script\">if(window.SUImageCarousel){setTimeout(function() {window.SUImageCarousel.initGallery(document.getElementById(\"su_image_carousel_69f1d9d378a77\"))}, 0);}var su_image_carousel_69f1d9d378a77_script=document.getElementById(\"su_image_carousel_69f1d9d378a77_script\");if(su_image_carousel_69f1d9d378a77_script){su_image_carousel_69f1d9d378a77_script.parentNode.removeChild(su_image_carousel_69f1d9d378a77_script);}<\/script>\n","protected":false},"excerpt":{"rendered":"<p>Kalenderbilder des Jahres 2020<\/p>\n","protected":false},"author":11,"featured_media":23492,"comment_status":"closed","ping_status":"closed","sticky":false,"template":"","format":"standard","meta":{"footnotes":""},"categories":[1],"tags":[51],"_links":{"self":[{"href":"https:\/\/www.rwg-bayreuth.de\/home\/index.php?rest_route=\/wp\/v2\/posts\/23389"}],"collection":[{"href":"https:\/\/www.rwg-bayreuth.de\/home\/index.php?rest_route=\/wp\/v2\/posts"}],"about":[{"href":"https:\/\/www.rwg-bayreuth.de\/home\/index.php?rest_route=\/wp\/v2\/types\/post"}],"author":[{"embeddable":true,"href":"https:\/\/www.rwg-bayreuth.de\/home\/index.php?rest_route=\/wp\/v2\/users\/11"}],"replies":[{"embeddable":true,"href":"https:\/\/www.rwg-bayreuth.de\/home\/index.php?rest_route=%2Fwp%2Fv2%2Fcomments&post=23389"}],"version-history":[{"count":24,"href":"https:\/\/www.rwg-bayreuth.de\/home\/index.php?rest_route=\/wp\/v2\/posts\/23389\/revisions"}],"predecessor-version":[{"id":35691,"href":"https:\/\/www.rwg-bayreuth.de\/home\/index.php?rest_route=\/wp\/v2\/posts\/23389\/revisions\/35691"}],"wp:featuredmedia":[{"embeddable":true,"href":"https:\/\/www.rwg-bayreuth.de\/home\/index.php?rest_route=\/wp\/v2\/media\/23492"}],"wp:attachment":[{"href":"https:\/\/www.rwg-bayreuth.de\/home\/index.php?rest_route=%2Fwp%2Fv2%2Fmedia&parent=23389"}],"wp:term":[{"taxonomy":"category","embeddable":true,"href":"https:\/\/www.rwg-bayreuth.de\/home\/index.php?rest_route=%2Fwp%2Fv2%2Fcategories&post=23389"},{"taxonomy":"post_tag","embeddable":true,"href":"https:\/\/www.rwg-bayreuth.de\/home\/index.php?rest_route=%2Fwp%2Fv2%2Ftags&post=23389"}],"curies":[{"name":"wp","href":"https:\/\/api.w.org\/{rel}","templated":true}]}}