{"id":23181,"date":"2019-11-01T23:17:46","date_gmt":"2019-11-01T22:17:46","guid":{"rendered":"http:\/\/www.rwg-bayreuth.de\/home\/?p=23181"},"modified":"2020-02-16T16:05:44","modified_gmt":"2020-02-16T15:05:44","slug":"schuelerseminar-tutzing","status":"publish","type":"post","link":"https:\/\/www.rwg-bayreuth.de\/home\/?p=23181","title":{"rendered":"&#8222;UN-Friedenskonferenz&#8220; zum Nahen Osten"},"content":{"rendered":"<div class=\"su-image-carousel  su-image-carousel-has-spacing su-image-carousel-crop su-image-carousel-crop-4-3 su-image-carousel-has-lightbox su-image-carousel-has-outline su-image-carousel-adaptive su-image-carousel-slides-style-minimal su-image-carousel-controls-style-light su-image-carousel-align-center\" style=\"max-width:450px\" data-flickity-options='{\"groupCells\":true,\"cellSelector\":\".su-image-carousel-item\",\"adaptiveHeight\":false,\"cellAlign\":\"left\",\"prevNextButtons\":true,\"pageDots\":true,\"autoPlay\":4000,\"imagesLoaded\":true,\"contain\":true,\"selectedAttraction\":0.025000000000000001,\"friction\":0.28000000000000003}' id=\"su_image_carousel_69f1caa93628e\"><div class=\"su-image-carousel-item\"><div class=\"su-image-carousel-item-content\"><a href=\"https:\/\/www.rwg-bayreuth.de\/home\/wp-content\/uploads\/2019\/11\/19-20-Sch\u00fclerseminar-Tutzing-1.jpg\" target=\"_blank\" rel=\"noopener noreferrer\" data-caption=\"Planspiel zum Nahost-Konflikt\"><img loading=\"lazy\" decoding=\"async\" width=\"450\" height=\"338\" src=\"https:\/\/www.rwg-bayreuth.de\/home\/wp-content\/uploads\/2019\/11\/19-20-Sch\u00fclerseminar-Tutzing-1-450x338.jpg\" class=\"\" alt=\"\" srcset=\"https:\/\/www.rwg-bayreuth.de\/home\/wp-content\/uploads\/2019\/11\/19-20-Sch\u00fclerseminar-Tutzing-1-450x338.jpg 450w, https:\/\/www.rwg-bayreuth.de\/home\/wp-content\/uploads\/2019\/11\/19-20-Sch\u00fclerseminar-Tutzing-1-768x576.jpg 768w, https:\/\/www.rwg-bayreuth.de\/home\/wp-content\/uploads\/2019\/11\/19-20-Sch\u00fclerseminar-Tutzing-1.jpg 1024w, https:\/\/www.rwg-bayreuth.de\/home\/wp-content\/uploads\/2019\/11\/19-20-Sch\u00fclerseminar-Tutzing-1-250x188.jpg 250w\" sizes=\"(max-width: 450px) 100vw, 450px\" \/><span>Planspiel zum Nahost-Konflikt<\/span><\/a><\/div><\/div><div class=\"su-image-carousel-item\"><div class=\"su-image-carousel-item-content\"><a href=\"https:\/\/www.rwg-bayreuth.de\/home\/wp-content\/uploads\/2019\/11\/19-20-Sch\u00fclerseminar-4.jpg\" target=\"_blank\" rel=\"noopener noreferrer\" data-caption=\"Vorbereitung zum Planspiel\"><img loading=\"lazy\" decoding=\"async\" width=\"450\" height=\"338\" src=\"https:\/\/www.rwg-bayreuth.de\/home\/wp-content\/uploads\/2019\/11\/19-20-Sch\u00fclerseminar-4-450x338.jpg\" class=\"\" alt=\"\" srcset=\"https:\/\/www.rwg-bayreuth.de\/home\/wp-content\/uploads\/2019\/11\/19-20-Sch\u00fclerseminar-4-450x338.jpg 450w, https:\/\/www.rwg-bayreuth.de\/home\/wp-content\/uploads\/2019\/11\/19-20-Sch\u00fclerseminar-4-768x576.jpg 768w, https:\/\/www.rwg-bayreuth.de\/home\/wp-content\/uploads\/2019\/11\/19-20-Sch\u00fclerseminar-4.jpg 1024w, https:\/\/www.rwg-bayreuth.de\/home\/wp-content\/uploads\/2019\/11\/19-20-Sch\u00fclerseminar-4-250x188.jpg 250w\" sizes=\"(max-width: 450px) 100vw, 450px\" \/><span>Vorbereitung zum Planspiel<\/span><\/a><\/div><\/div><div class=\"su-image-carousel-item\"><div class=\"su-image-carousel-item-content\"><a href=\"https:\/\/www.rwg-bayreuth.de\/home\/wp-content\/uploads\/2019\/11\/19-20-Sch\u00fclerseminar-3.jpg\" target=\"_blank\" rel=\"noopener noreferrer\" data-caption=\"Rollenspiele zum Thema Integration\"><img loading=\"lazy\" decoding=\"async\" width=\"450\" height=\"338\" src=\"https:\/\/www.rwg-bayreuth.de\/home\/wp-content\/uploads\/2019\/11\/19-20-Sch\u00fclerseminar-3-450x338.jpg\" class=\"\" alt=\"\" srcset=\"https:\/\/www.rwg-bayreuth.de\/home\/wp-content\/uploads\/2019\/11\/19-20-Sch\u00fclerseminar-3-450x338.jpg 450w, https:\/\/www.rwg-bayreuth.de\/home\/wp-content\/uploads\/2019\/11\/19-20-Sch\u00fclerseminar-3-768x576.jpg 768w, https:\/\/www.rwg-bayreuth.de\/home\/wp-content\/uploads\/2019\/11\/19-20-Sch\u00fclerseminar-3.jpg 1024w, https:\/\/www.rwg-bayreuth.de\/home\/wp-content\/uploads\/2019\/11\/19-20-Sch\u00fclerseminar-3-250x188.jpg 250w\" sizes=\"(max-width: 450px) 100vw, 450px\" \/><span>Rollenspiele zum Thema Integration<\/span><\/a><\/div><\/div><div class=\"su-image-carousel-item\"><div class=\"su-image-carousel-item-content\"><a href=\"https:\/\/www.rwg-bayreuth.de\/home\/wp-content\/uploads\/2019\/11\/19-20-Sch\u00fclerseminar-2.jpg\" target=\"_blank\" rel=\"noopener noreferrer\" data-caption=\"&quot;Generalsekret\u00e4rin Ant\u00f3nia Guterres und die Vorsitzende von Amnesty International, Kumi Naidoo, bei der Er\u00f6ffnung der UN-Debatte&quot;\"><img loading=\"lazy\" decoding=\"async\" width=\"450\" height=\"338\" src=\"https:\/\/www.rwg-bayreuth.de\/home\/wp-content\/uploads\/2019\/11\/19-20-Sch\u00fclerseminar-2-450x338.jpg\" class=\"\" alt=\"\" srcset=\"https:\/\/www.rwg-bayreuth.de\/home\/wp-content\/uploads\/2019\/11\/19-20-Sch\u00fclerseminar-2-450x338.jpg 450w, https:\/\/www.rwg-bayreuth.de\/home\/wp-content\/uploads\/2019\/11\/19-20-Sch\u00fclerseminar-2-768x576.jpg 768w, https:\/\/www.rwg-bayreuth.de\/home\/wp-content\/uploads\/2019\/11\/19-20-Sch\u00fclerseminar-2.jpg 1024w, https:\/\/www.rwg-bayreuth.de\/home\/wp-content\/uploads\/2019\/11\/19-20-Sch\u00fclerseminar-2-250x188.jpg 250w\" sizes=\"(max-width: 450px) 100vw, 450px\" \/><span>\"Generalsekret\u00e4rin Ant\u00f3nia Guterres und die Vorsitzende von Amnesty International, Kumi Naidoo, bei der Er\u00f6ffnung der UN-Debatte\"<\/span><\/a><\/div><\/div><\/div><script id=\"su_image_carousel_69f1caa93628e_script\">if(window.SUImageCarousel){setTimeout(function() {window.SUImageCarousel.initGallery(document.getElementById(\"su_image_carousel_69f1caa93628e\"))}, 0);}var su_image_carousel_69f1caa93628e_script=document.getElementById(\"su_image_carousel_69f1caa93628e_script\");if(su_image_carousel_69f1caa93628e_script){su_image_carousel_69f1caa93628e_script.parentNode.removeChild(su_image_carousel_69f1caa93628e_script);}<\/script>\n<p>Dieses Jahr durften zum ersten Mal die Sch\u00fclerInnen eines Sozialkundekurses der Q11 in Begleitung von Frau Steininger und Frau Scriba, die Akademie f\u00fcr politische Bildung in Tutzing am Starnberger See besuchen.<\/p>\n<p>Mit Hilfe ihres Seminarleiters Michael Ingber, setzten sich die Sch\u00fclerInnen der Oberstufe drei Tage lang intensiv mit der Nah-Ost Region auseinander. Genauer gesagt mit den dort herrschenden<br \/>\nKonflikten, wie vor allem dem Konflikt zwischen Pal\u00e4stina und Israel, aber auch weiteren wie z.B. in Syrien und Jemen.<\/p>\n<p>Mit guter Verpflegung, einer sch\u00f6nen Unterkunft und kurzen Pausen am wunderbaren See, konnten die Sch\u00fclerInnen sehr konzentriert arbeiten, den lehrreichen Vortr\u00e4gen des Referenten folgen und gemeinsam<br \/>\ndiskutieren.<\/p>\n<p>Zum Abschluss recherchierten die Sch\u00fclerInnen selbst\u00e4ndig, um sich auf das Planspiel \u201eInternationale Friedenskonferenz\u201c im Bezug auf den Nahen-Osten vorzubereiten. Dort wurde dann \u00fcber  Konflikte und<br \/>\njeweilige L\u00f6sungen debattiert, wobei jeder Sch\u00fcler ein bestimmtes Land, eine Bev\u00f6lkerungsgruppe oder auch eine Organisation repr\u00e4sentierte. In der anschlie\u00dfenden hitzigen &#8222;internationalen&#8220; Debatte wurde die Komplexit\u00e4t dieser Konflikte aufgrund der vielen Akteure und Interessen schnell deutlich.<\/p>\n<p>Swantje R\u00fcschen, Nesma Gro\u00dfmann<\/p>\n","protected":false},"excerpt":{"rendered":"<p>Dieses Jahr durften zum ersten Mal die Sch\u00fclerInnen eines Sozialkundekurses der Q11 in Begleitung von Frau Steininger und Frau Scriba, die Akademie f\u00fcr politische Bildung in Tutzing am Starnberger See besuchen. Mit Hilfe ihres Seminarleiters Michael Ingber, setzten sich die Sch\u00fclerInnen der Oberstufe drei Tage lang intensiv mit der Nah-Ost Region auseinander. Genauer gesagt mit&hellip;<\/p>\n","protected":false},"author":11,"featured_media":23187,"comment_status":"closed","ping_status":"closed","sticky":false,"template":"","format":"standard","meta":{"footnotes":""},"categories":[1],"tags":[126,51,52],"_links":{"self":[{"href":"https:\/\/www.rwg-bayreuth.de\/home\/index.php?rest_route=\/wp\/v2\/posts\/23181"}],"collection":[{"href":"https:\/\/www.rwg-bayreuth.de\/home\/index.php?rest_route=\/wp\/v2\/posts"}],"about":[{"href":"https:\/\/www.rwg-bayreuth.de\/home\/index.php?rest_route=\/wp\/v2\/types\/post"}],"author":[{"embeddable":true,"href":"https:\/\/www.rwg-bayreuth.de\/home\/index.php?rest_route=\/wp\/v2\/users\/11"}],"replies":[{"embeddable":true,"href":"https:\/\/www.rwg-bayreuth.de\/home\/index.php?rest_route=%2Fwp%2Fv2%2Fcomments&post=23181"}],"version-history":[{"count":11,"href":"https:\/\/www.rwg-bayreuth.de\/home\/index.php?rest_route=\/wp\/v2\/posts\/23181\/revisions"}],"predecessor-version":[{"id":23226,"href":"https:\/\/www.rwg-bayreuth.de\/home\/index.php?rest_route=\/wp\/v2\/posts\/23181\/revisions\/23226"}],"wp:featuredmedia":[{"embeddable":true,"href":"https:\/\/www.rwg-bayreuth.de\/home\/index.php?rest_route=\/wp\/v2\/media\/23187"}],"wp:attachment":[{"href":"https:\/\/www.rwg-bayreuth.de\/home\/index.php?rest_route=%2Fwp%2Fv2%2Fmedia&parent=23181"}],"wp:term":[{"taxonomy":"category","embeddable":true,"href":"https:\/\/www.rwg-bayreuth.de\/home\/index.php?rest_route=%2Fwp%2Fv2%2Fcategories&post=23181"},{"taxonomy":"post_tag","embeddable":true,"href":"https:\/\/www.rwg-bayreuth.de\/home\/index.php?rest_route=%2Fwp%2Fv2%2Ftags&post=23181"}],"curies":[{"name":"wp","href":"https:\/\/api.w.org\/{rel}","templated":true}]}}