{"id":22805,"date":"2019-11-07T19:15:07","date_gmt":"2019-11-07T18:15:07","guid":{"rendered":"http:\/\/www.rwg-bayreuth.de\/home\/?p=22805"},"modified":"2019-12-26T09:13:51","modified_gmt":"2019-12-26T08:13:51","slug":"1-kurstag-der-chemieexperten","status":"publish","type":"post","link":"https:\/\/www.rwg-bayreuth.de\/home\/?p=22805","title":{"rendered":"1. Kurstag der Chemieexperten"},"content":{"rendered":"<p><a href=\"https:\/\/www.rwg-bayreuth.de\/home\/wp-content\/uploads\/2019\/11\/19-20-ChExp-Was-steckt-im-Tintenkiller.jpg\"><img loading=\"lazy\" decoding=\"async\" src=\"https:\/\/www.rwg-bayreuth.de\/home\/wp-content\/uploads\/2019\/11\/19-20-ChExp-Was-steckt-im-Tintenkiller-450x298.jpg\" alt=\"\" width=\"450\" height=\"298\" class=\"aligncenter size-medium wp-image-22821\" srcset=\"https:\/\/www.rwg-bayreuth.de\/home\/wp-content\/uploads\/2019\/11\/19-20-ChExp-Was-steckt-im-Tintenkiller-450x298.jpg 450w, https:\/\/www.rwg-bayreuth.de\/home\/wp-content\/uploads\/2019\/11\/19-20-ChExp-Was-steckt-im-Tintenkiller-768x509.jpg 768w, https:\/\/www.rwg-bayreuth.de\/home\/wp-content\/uploads\/2019\/11\/19-20-ChExp-Was-steckt-im-Tintenkiller.jpg 1024w, https:\/\/www.rwg-bayreuth.de\/home\/wp-content\/uploads\/2019\/11\/19-20-ChExp-Was-steckt-im-Tintenkiller-250x166.jpg 250w\" sizes=\"(max-width: 450px) 100vw, 450px\" \/><\/a><\/p>\n<p style=\"margin-bottom:0px\">Am 6.11. trafen sich sieben Sch\u00fclerinnen des RWG aus den Jahrgangsstufen 7, 9 und 10 zu einem ganzt\u00e4gigen Praktikum in der Chemie. Der Kurs \u201eChemieexperten\u201c wird im Rahmen der regionalen Begabtenf\u00f6rderung angeboten.<br \/>\nNachdem ersten Kennenlernen und der Kl\u00e4rung einiger organisatorischer Fragen konnte es dann endlich mit dem praktischen Arbeiten losgehen. Alles steht dieses Jahr unter dem Motto<\/p>\n<div style=\"text-align: center; font-weight:bold; white-space:nowrap; font-size: 100px\"><span style=\"color: LimeGreen\">F<\/span><span style=\"color: blue\">A<\/span><span style=\"color: Red\">R<\/span><span style=\"color: gold\">B<\/span><span style=\"color: DarkCyan\">E<\/span><\/div>\n<p>und wir k\u00f6nnen erwarten, dass es dabei sehr bunt zugehen wird.<br \/>\nAm ersten Kurstag stand die F\u00fcllertinte im Fokus der chemischen Experimente. Mit gro\u00dfem Eifer wurden Tintenkiller und Tintenpatronen zers\u00e4gt, um die Inhaltsstoffe n\u00e4her zu untersuchen und Tests mit ihnen durchzuf\u00fchren. Die Beobachtungen wurden protokolliert und in einer Forschungsarbeit ausgewertet und diskutiert. Ziel ist die Teilnahme an der diesj\u00e4hrigen JuniorScienceOlympiade.<\/p>\n<p><a href=\"https:\/\/www.rwg-bayreuth.de\/home\/wp-content\/uploads\/2019\/11\/19-20-ChExp-Fokussiert.jpg\"><img loading=\"lazy\" decoding=\"async\" src=\"https:\/\/www.rwg-bayreuth.de\/home\/wp-content\/uploads\/2019\/11\/19-20-ChExp-Fokussiert-150x150.jpg\" alt=\"\" width=\"150\" height=\"150\" class=\"alignleft size-thumbnail wp-image-22820\" \/><\/a><\/p>\n<p><a href=\"https:\/\/www.rwg-bayreuth.de\/home\/wp-content\/uploads\/2019\/11\/19-20-ChExp-Farbenbegegnensich.jpg\"><img loading=\"lazy\" decoding=\"async\" src=\"https:\/\/www.rwg-bayreuth.de\/home\/wp-content\/uploads\/2019\/11\/19-20-ChExp-Farbenbegegnensich-150x150.jpg\" alt=\"\" width=\"150\" height=\"150\" class=\"alignleft size-thumbnail wp-image-22823\" \/><\/a><\/p>\n<p><a href=\"https:\/\/www.rwg-bayreuth.de\/home\/wp-content\/uploads\/2019\/11\/19-20-ChExp-ExaktesAbmessen.jpg\"><img loading=\"lazy\" decoding=\"async\" src=\"https:\/\/www.rwg-bayreuth.de\/home\/wp-content\/uploads\/2019\/11\/19-20-ChExp-ExaktesAbmessen-150x150.jpg\" alt=\"\" width=\"150\" height=\"150\" class=\"alignleft size-thumbnail wp-image-22822\" \/><\/a><\/p>\n","protected":false},"excerpt":{"rendered":"<p>Am 6.11. trafen sich sieben Sch\u00fclerinnen des RWG aus den Jahrgangsstufen 7, 9 und 10 zu einem ganzt\u00e4gigen Praktikum in der Chemie. Der Kurs \u201eChemieexperten\u201c wird im Rahmen der regionalen Begabtenf\u00f6rderung angeboten. Nachdem ersten Kennenlernen und der Kl\u00e4rung einiger organisatorischer Fragen konnte es dann endlich mit dem praktischen Arbeiten losgehen. Alles steht dieses Jahr unter&hellip;<\/p>\n","protected":false},"author":11,"featured_media":22821,"comment_status":"closed","ping_status":"closed","sticky":false,"template":"","format":"standard","meta":{"footnotes":""},"categories":[1],"tags":[102,101,51,96],"_links":{"self":[{"href":"https:\/\/www.rwg-bayreuth.de\/home\/index.php?rest_route=\/wp\/v2\/posts\/22805"}],"collection":[{"href":"https:\/\/www.rwg-bayreuth.de\/home\/index.php?rest_route=\/wp\/v2\/posts"}],"about":[{"href":"https:\/\/www.rwg-bayreuth.de\/home\/index.php?rest_route=\/wp\/v2\/types\/post"}],"author":[{"embeddable":true,"href":"https:\/\/www.rwg-bayreuth.de\/home\/index.php?rest_route=\/wp\/v2\/users\/11"}],"replies":[{"embeddable":true,"href":"https:\/\/www.rwg-bayreuth.de\/home\/index.php?rest_route=%2Fwp%2Fv2%2Fcomments&post=22805"}],"version-history":[{"count":16,"href":"https:\/\/www.rwg-bayreuth.de\/home\/index.php?rest_route=\/wp\/v2\/posts\/22805\/revisions"}],"predecessor-version":[{"id":23588,"href":"https:\/\/www.rwg-bayreuth.de\/home\/index.php?rest_route=\/wp\/v2\/posts\/22805\/revisions\/23588"}],"wp:featuredmedia":[{"embeddable":true,"href":"https:\/\/www.rwg-bayreuth.de\/home\/index.php?rest_route=\/wp\/v2\/media\/22821"}],"wp:attachment":[{"href":"https:\/\/www.rwg-bayreuth.de\/home\/index.php?rest_route=%2Fwp%2Fv2%2Fmedia&parent=22805"}],"wp:term":[{"taxonomy":"category","embeddable":true,"href":"https:\/\/www.rwg-bayreuth.de\/home\/index.php?rest_route=%2Fwp%2Fv2%2Fcategories&post=22805"},{"taxonomy":"post_tag","embeddable":true,"href":"https:\/\/www.rwg-bayreuth.de\/home\/index.php?rest_route=%2Fwp%2Fv2%2Ftags&post=22805"}],"curies":[{"name":"wp","href":"https:\/\/api.w.org\/{rel}","templated":true}]}}