{"id":2274,"date":"2013-07-14T10:10:42","date_gmt":"2013-07-14T09:10:42","guid":{"rendered":"http:\/\/www.rwg-bayreuth.de\/home\/?p=2274"},"modified":"2013-07-14T10:10:42","modified_gmt":"2013-07-14T09:10:42","slug":"verabschiedung-der-abiturienten","status":"publish","type":"post","link":"https:\/\/www.rwg-bayreuth.de\/home\/?p=2274","title":{"rendered":"Verabschiedung der Abiturienten"},"content":{"rendered":"<div id=\"attachment_2254\" style=\"width: 610px\" class=\"wp-caption aligncenter\"><a href=\"https:\/\/www.rwg-bayreuth.de\/home\/wp-content\/uploads\/2013\/06\/2013_Abiturienten_web1.jpg\"><img loading=\"lazy\" decoding=\"async\" aria-describedby=\"caption-attachment-2254\" src=\"https:\/\/www.rwg-bayreuth.de\/home\/wp-content\/uploads\/2013\/06\/2013_Abiturienten_web1.jpg\" alt=\"Die Abiturientinnen und Abiturienten 2013 stellten sich f\u00fcr ein letztes gemeinsames Foto auf. Wohin wird  nun der Lebensweg jedes Einzelnen f\u00fchren?\" width=\"600\" height=\"233\" class=\"size-full wp-image-2254\" \/><\/a><p id=\"caption-attachment-2254\" class=\"wp-caption-text\">Die Abiturientinnen und Abiturienten 2013 stellten sich f\u00fcr ein letztes gemeinsames Foto auf. Wohin wird  nun der Lebensweg jedes Einzelnen f\u00fchren?<\/p><\/div>\nMit einem gro\u00dfen Fest in einem Bindlacher Hotel ging f\u00fcr die Abiturientinnen und Abiturienten des RWG die Schulzeit zu Ende: F\u00fcr die Eltern, Verwandten, Freunde, die Lehrer und nat\u00fcrlich vor allem die Beteiligten selbst war dies ein Anlass, ein letztes Mal gemeinsam zu feiern, zun\u00e4chst mit einem Gottesdienst, anschlie\u00dfend bei einem \u00fcppigen B\u00fcfett, bei dem es schlie\u00dflich auch die lang ersehnten Abiturzeugnisse gab. Die Ergebnisse k\u00f6nnen sich durchaus sehen lassen: Der Schnitt aller Sch\u00fclerinnen und Sch\u00fcler liegt bei 2,2; insgesamt dreimal gab es den Durchschnitt 1,0. Schulleiterin Ursula Graf w\u00fcnschte allen viel Erfolg auf dem weiteren Lebensweg. Pfarrer Dietrich Rusam hatte vorher das Abitur mit einer goldenen Kugel im Gef\u00e4\u00df des Lebens verglichen: Es sei noch viel Platz, um es nun sinnvoll zu f\u00fcllen. Die ganze Schule w\u00fcnscht daf\u00fcr den Abiturientinnen und Abiturienten daf\u00fcr alles Gute!<\/p>\n","protected":false},"excerpt":{"rendered":"<p>Mit einem gro\u00dfen Fest in einem Bindlacher Hotel ging f\u00fcr die Abiturientinnen und Abiturienten des RWG die Schulzeit zu Ende: F\u00fcr die Eltern, Verwandten, Freunde, die Lehrer und nat\u00fcrlich vor allem die Beteiligten selbst war dies ein Anlass, ein letztes Mal gemeinsam zu feiern, zun\u00e4chst mit einem Gottesdienst, anschlie\u00dfend bei einem \u00fcppigen B\u00fcfett, bei dem&hellip;<\/p>\n","protected":false},"author":2,"featured_media":0,"comment_status":"closed","ping_status":"closed","sticky":false,"template":"","format":"standard","meta":{"footnotes":""},"categories":[1],"tags":[],"_links":{"self":[{"href":"https:\/\/www.rwg-bayreuth.de\/home\/index.php?rest_route=\/wp\/v2\/posts\/2274"}],"collection":[{"href":"https:\/\/www.rwg-bayreuth.de\/home\/index.php?rest_route=\/wp\/v2\/posts"}],"about":[{"href":"https:\/\/www.rwg-bayreuth.de\/home\/index.php?rest_route=\/wp\/v2\/types\/post"}],"author":[{"embeddable":true,"href":"https:\/\/www.rwg-bayreuth.de\/home\/index.php?rest_route=\/wp\/v2\/users\/2"}],"replies":[{"embeddable":true,"href":"https:\/\/www.rwg-bayreuth.de\/home\/index.php?rest_route=%2Fwp%2Fv2%2Fcomments&post=2274"}],"version-history":[{"count":1,"href":"https:\/\/www.rwg-bayreuth.de\/home\/index.php?rest_route=\/wp\/v2\/posts\/2274\/revisions"}],"predecessor-version":[{"id":2275,"href":"https:\/\/www.rwg-bayreuth.de\/home\/index.php?rest_route=\/wp\/v2\/posts\/2274\/revisions\/2275"}],"wp:attachment":[{"href":"https:\/\/www.rwg-bayreuth.de\/home\/index.php?rest_route=%2Fwp%2Fv2%2Fmedia&parent=2274"}],"wp:term":[{"taxonomy":"category","embeddable":true,"href":"https:\/\/www.rwg-bayreuth.de\/home\/index.php?rest_route=%2Fwp%2Fv2%2Fcategories&post=2274"},{"taxonomy":"post_tag","embeddable":true,"href":"https:\/\/www.rwg-bayreuth.de\/home\/index.php?rest_route=%2Fwp%2Fv2%2Ftags&post=2274"}],"curies":[{"name":"wp","href":"https:\/\/api.w.org\/{rel}","templated":true}]}}