{"id":22716,"date":"2019-09-30T10:10:17","date_gmt":"2019-09-30T08:10:17","guid":{"rendered":"http:\/\/www.rwg-bayreuth.de\/home\/?p=22716"},"modified":"2019-12-26T09:23:48","modified_gmt":"2019-12-26T08:23:48","slug":"bayreuther-ausbildungs-und-studienmesse","status":"publish","type":"post","link":"https:\/\/www.rwg-bayreuth.de\/home\/?p=22716","title":{"rendered":"Bayreuther Ausbildungs- und Studienmesse"},"content":{"rendered":"<p><a href=\"https:\/\/www.rwg-bayreuth.de\/home\/wp-content\/uploads\/2019\/10\/Foto-Ausbildungsmesse.jpg\"><img loading=\"lazy\" decoding=\"async\" src=\"https:\/\/www.rwg-bayreuth.de\/home\/wp-content\/uploads\/2019\/10\/Foto-Ausbildungsmesse-450x338.jpg\" alt=\"\" width=\"450\" height=\"338\" class=\"aligncenter size-medium wp-image-22717\" srcset=\"https:\/\/www.rwg-bayreuth.de\/home\/wp-content\/uploads\/2019\/10\/Foto-Ausbildungsmesse-450x338.jpg 450w, https:\/\/www.rwg-bayreuth.de\/home\/wp-content\/uploads\/2019\/10\/Foto-Ausbildungsmesse-768x576.jpg 768w, https:\/\/www.rwg-bayreuth.de\/home\/wp-content\/uploads\/2019\/10\/Foto-Ausbildungsmesse.jpg 1024w, https:\/\/www.rwg-bayreuth.de\/home\/wp-content\/uploads\/2019\/10\/Foto-Ausbildungsmesse-250x188.jpg 250w\" sizes=\"(max-width: 450px) 100vw, 450px\" \/><\/a><\/p>\n<p>Am 28. September 2019 fand zum insgesamt 18. Mal die Bayreuther Ausbildungs- und Studienmesse statt. Die Sch\u00fclerinnen und Sch\u00fcler der Q 11 des RWG hatten im Rahmen ihrer BuS-Phase die M\u00f6glichkeit, diese zu besuchen.<br \/>\nDass sich die Ausstellung, die wieder unter dem Motto \u201eEs ist deine Zukunft\u201c stand, zu einem wichtigen Termin f\u00fcr Unternehmen und Interessierte entwickelt hat, zeigt die Rekordzahl von \u00fcber 160 Ausstellern sowie der hohe Besucheranstrom. Nach Angaben des Veranstalters kamen an diesem Samstag rund 5.000 Menschen in die Oberfrankenhalle, um sich \u00fcber die verschiedenen Berufsbilder sowie Ausbildungs- und Studieng\u00e4nge zu informieren.<br \/>\nHauptzielgruppe waren Schulabg\u00e4ngerinnen und Schulabg\u00e4nger, und zwar gleicherma\u00dfen f\u00fcr alle Schultypen. So konnten sich Haupt- und Realsch\u00fcler, aber auch Gymnasiasten an den Messest\u00e4nden aktiv \u00fcber die Chancen und Anforderungen ihres Traumberufes erkundigen, gerade die noch wenig Entschlossenen hatten jedoch auch die M\u00f6glichkeit, sich zun\u00e4chst einmal einen \u00dcberblick \u00fcber Alternativen zu verschaffen.<br \/>\nDie \u00fcberwiegend aus Bayreuth und der Region vertretenen Unternehmen, Beh\u00f6rden, aber auch Hochschulen konnten ausgehend von den pers\u00f6nlichen St\u00e4rken und Neigungen Orientierungshilfen geben, sei es in Richtung beruflicher Ausbildung, klassischem Hochschulstudium oder dualem Studium. Besonders wertvoll waren die Gespr\u00e4che mit Azubis und Studierenden, die an zahlreichen St\u00e4nden \u00fcber ihre ganz pers\u00f6nlichen Erfahrungen berichteten.<br \/>\nIn den Nebenr\u00e4umen der Oberfrankenhalle bestand zus\u00e4tzlich die M\u00f6glichkeit, Vortr\u00e4ge zu besuchen, die unter anderem auch Tipps und Hinweise f\u00fcr eine Bewerbung bzw. f\u00fcr Vorstellungsgespr\u00e4che und sonstige Einstellungsverfahren beinhalteten.<br \/>\nAnschauliche Flyer, die zu allen Berufs- und Studieng\u00e4ngen erh\u00e4ltlich waren, sorgten daf\u00fcr, dass man auch mit etwas Abstand nochmals die vielf\u00e4ltigen Informationen nachlesen und miteinander vergleichen konnte.<br \/>\nWer wollte, konnte die Veranstaltung auch nutzen, um mit den Verantwortlichen Termine in den einzelnen Unternehmen f\u00fcr weiter gehende Informationen zu Ihrer Wunschausbildung zu vereinbaren \u2013 zum Beispiel im Rahmen eines Praktikums.<br \/>\nF\u00fcr die Fragen \u201eWas mache ich nach der Schule?\u201c oder \u201eWo und wie finde ich eine Ausbildungsstelle?\u201c stellt die Ausbildungs- und Studienmesse eine gute Plattform dar, um sich zu informieren, Tipps zu holen und im Anschluss daran gezielter \u00fcber die eigene berufliche Zukunft nachzudenken.<\/p>\n<p>Daniel Roschlau, Q11<\/p>\n","protected":false},"excerpt":{"rendered":"<p>Am 28. September 2019 fand zum insgesamt 18. Mal die Bayreuther Ausbildungs- und Studienmesse statt. Die Sch\u00fclerinnen und Sch\u00fcler der Q 11 des RWG hatten im Rahmen ihrer BuS-Phase die M\u00f6glichkeit, diese zu besuchen. Dass sich die Ausstellung, die wieder unter dem Motto \u201eEs ist deine Zukunft\u201c stand, zu einem wichtigen Termin f\u00fcr Unternehmen und&hellip;<\/p>\n","protected":false},"author":11,"featured_media":22718,"comment_status":"closed","ping_status":"closed","sticky":false,"template":"","format":"standard","meta":{"footnotes":""},"categories":[1],"tags":[37,51],"_links":{"self":[{"href":"https:\/\/www.rwg-bayreuth.de\/home\/index.php?rest_route=\/wp\/v2\/posts\/22716"}],"collection":[{"href":"https:\/\/www.rwg-bayreuth.de\/home\/index.php?rest_route=\/wp\/v2\/posts"}],"about":[{"href":"https:\/\/www.rwg-bayreuth.de\/home\/index.php?rest_route=\/wp\/v2\/types\/post"}],"author":[{"embeddable":true,"href":"https:\/\/www.rwg-bayreuth.de\/home\/index.php?rest_route=\/wp\/v2\/users\/11"}],"replies":[{"embeddable":true,"href":"https:\/\/www.rwg-bayreuth.de\/home\/index.php?rest_route=%2Fwp%2Fv2%2Fcomments&post=22716"}],"version-history":[{"count":3,"href":"https:\/\/www.rwg-bayreuth.de\/home\/index.php?rest_route=\/wp\/v2\/posts\/22716\/revisions"}],"predecessor-version":[{"id":22732,"href":"https:\/\/www.rwg-bayreuth.de\/home\/index.php?rest_route=\/wp\/v2\/posts\/22716\/revisions\/22732"}],"wp:featuredmedia":[{"embeddable":true,"href":"https:\/\/www.rwg-bayreuth.de\/home\/index.php?rest_route=\/wp\/v2\/media\/22718"}],"wp:attachment":[{"href":"https:\/\/www.rwg-bayreuth.de\/home\/index.php?rest_route=%2Fwp%2Fv2%2Fmedia&parent=22716"}],"wp:term":[{"taxonomy":"category","embeddable":true,"href":"https:\/\/www.rwg-bayreuth.de\/home\/index.php?rest_route=%2Fwp%2Fv2%2Fcategories&post=22716"},{"taxonomy":"post_tag","embeddable":true,"href":"https:\/\/www.rwg-bayreuth.de\/home\/index.php?rest_route=%2Fwp%2Fv2%2Ftags&post=22716"}],"curies":[{"name":"wp","href":"https:\/\/api.w.org\/{rel}","templated":true}]}}