{"id":22639,"date":"2019-09-28T15:43:22","date_gmt":"2019-09-28T13:43:22","guid":{"rendered":"http:\/\/www.rwg-bayreuth.de\/home\/?p=22639"},"modified":"2019-10-10T07:49:34","modified_gmt":"2019-10-10T05:49:34","slug":"das-cafe-%cf%80-ist-wieder-geoeffnet","status":"publish","type":"post","link":"https:\/\/www.rwg-bayreuth.de\/home\/?p=22639","title":{"rendered":"Das Caf\u00e9 \u03c0 ist wieder ge\u00f6ffnet!"},"content":{"rendered":"<p><a href=\"https:\/\/www.rwg-bayreuth.de\/home\/wp-content\/uploads\/2019\/09\/19-20-CafePi-Cafe-bei-Betrieb.jpg\"><img loading=\"lazy\" decoding=\"async\" src=\"https:\/\/www.rwg-bayreuth.de\/home\/wp-content\/uploads\/2019\/09\/19-20-CafePi-Cafe-bei-Betrieb-450x253.jpg\" alt=\"\" width=\"450\" height=\"300\" class=\"aligncenter size-medium wp-image-22641\" \/><\/a><\/p>\n<p>Seit drei Jahren bietet das Caf\u00e9 \u03c0 Sch\u00fclern und Sch\u00fclerinnen der Unter- und Mittelstufe die M\u00f6glichkeit, ihre Mathematikkenntnisse zu verbessern. Auch dieses Schuljahr helfen mathematikbegeisterte Sch\u00fcler und Sch\u00fclerinnen der Q11 und Q12 nach dem Motto \u201evon Sch\u00fclern f\u00fcr Sch\u00fcler erkl\u00e4rt\u201c jeweils in Zweier-Gruppen, Hausaufgaben zu bew\u00e4ltigen und verschiedenste mathematische Fragen zu kl\u00e4ren. <\/p>\n<p>Man trifft uns montags und donnerstags jeweils in der Mittagspause im Raum 218 im Altbau an. Unser Caf\u00e9 ist am Dienstag von 13:30 bis 14:15&nbsp;Uhr zus\u00e4tzlich auch f\u00fcr die Sch\u00fcler und Sch\u00fclerinnen der Ganztagsbetreuung ge\u00f6ffnet. Bei Interesse kann man uns jederzeit ohne Voranmeldung besuchen, wir helfen sehr gerne bei Hausaufgaben und bei der Schulaufgabenvorbereitung. Bei uns gibt es ebenfalls die M\u00f6glichkeit f\u00fcr einen kleinen Imbiss, so kann man in entspannter Caf\u00e9-Atmosph\u00e4re seine mathematischen F\u00e4higkeiten verbessern.<\/p>\n<h4>\u00d6ffnungszeiten<\/h4>\n<p>Montag 12:45-13:30&nbsp;Uhr<br \/>\ndienstag 13:30-14:15&nbsp;Uhr<br \/>\nDonnerstag 12:45-13:30&nbsp;Uhr<br \/>\nRaum 218 im Altbau<\/p>\n<h4 class=\"clear\">Eure Caf\u00e9 \u03c0 Teams<\/h4>\n<h6>Montag:<\/h6>\n<div id=\"attachment_22644\" style=\"width: 310px\" class=\"wp-caption alignleft\"><a href=\"https:\/\/www.rwg-bayreuth.de\/home\/wp-content\/uploads\/2019\/09\/19-20-CafePi-Leonie-Maria.jpg\"><img loading=\"lazy\" decoding=\"async\" aria-describedby=\"caption-attachment-22644\" src=\"https:\/\/www.rwg-bayreuth.de\/home\/wp-content\/uploads\/2019\/09\/19-20-CafePi-Leonie-Maria-450x300.jpg\" alt=\"\" width=\"450\" height=\"300\" class=\"size-medium wp-image-22644\" srcset=\"https:\/\/www.rwg-bayreuth.de\/home\/wp-content\/uploads\/2019\/09\/19-20-CafePi-Leonie-Maria-450x300.jpg 450w, https:\/\/www.rwg-bayreuth.de\/home\/wp-content\/uploads\/2019\/09\/19-20-CafePi-Leonie-Maria-768x512.jpg 768w, https:\/\/www.rwg-bayreuth.de\/home\/wp-content\/uploads\/2019\/09\/19-20-CafePi-Leonie-Maria.jpg 1024w, https:\/\/www.rwg-bayreuth.de\/home\/wp-content\/uploads\/2019\/09\/19-20-CafePi-Leonie-Maria-250x167.jpg 250w, https:\/\/www.rwg-bayreuth.de\/home\/wp-content\/uploads\/2019\/09\/19-20-CafePi-Leonie-Maria-900x600.jpg 900w\" sizes=\"(max-width: 450px) 100vw, 450px\" \/><\/a><p id=\"caption-attachment-22644\" class=\"wp-caption-text\">Leonie &#038; Maria<\/p><\/div>\n<div id=\"attachment_22645\" style=\"width: 310px\" class=\"wp-caption alignleft\"><a href=\"https:\/\/www.rwg-bayreuth.de\/home\/wp-content\/uploads\/2019\/09\/19-20-CafePi-Selina-Gina.jpg\"><img loading=\"lazy\" decoding=\"async\" aria-describedby=\"caption-attachment-22645\" src=\"https:\/\/www.rwg-bayreuth.de\/home\/wp-content\/uploads\/2019\/09\/19-20-CafePi-Selina-Gina-450x300.jpg\" alt=\"\" width=\"450\" height=\"300\" class=\"size-medium wp-image-22645\" srcset=\"https:\/\/www.rwg-bayreuth.de\/home\/wp-content\/uploads\/2019\/09\/19-20-CafePi-Selina-Gina-450x300.jpg 450w, https:\/\/www.rwg-bayreuth.de\/home\/wp-content\/uploads\/2019\/09\/19-20-CafePi-Selina-Gina-768x512.jpg 768w, https:\/\/www.rwg-bayreuth.de\/home\/wp-content\/uploads\/2019\/09\/19-20-CafePi-Selina-Gina.jpg 1024w, https:\/\/www.rwg-bayreuth.de\/home\/wp-content\/uploads\/2019\/09\/19-20-CafePi-Selina-Gina-250x167.jpg 250w, https:\/\/www.rwg-bayreuth.de\/home\/wp-content\/uploads\/2019\/09\/19-20-CafePi-Selina-Gina-900x600.jpg 900w\" sizes=\"(max-width: 450px) 100vw, 450px\" \/><\/a><p id=\"caption-attachment-22645\" class=\"wp-caption-text\">Selina &#038; Gina<\/p><\/div>\n<h6 class=\"clear\">Dienstag:<\/h6>\n<div id=\"attachment_22642\" style=\"width: 310px\" class=\"wp-caption alignleft\"><a href=\"https:\/\/www.rwg-bayreuth.de\/home\/wp-content\/uploads\/2019\/09\/19-20-CafePi-Christian-Josefine-Fabian.jpg\"><img loading=\"lazy\" decoding=\"async\" aria-describedby=\"caption-attachment-22642\" src=\"https:\/\/www.rwg-bayreuth.de\/home\/wp-content\/uploads\/2019\/09\/19-20-CafePi-Christian-Josefine-Fabian-450x300.jpg\" alt=\"\" width=\"450\" height=\"300\" class=\"size-medium wp-image-22642\" srcset=\"https:\/\/www.rwg-bayreuth.de\/home\/wp-content\/uploads\/2019\/09\/19-20-CafePi-Christian-Josefine-Fabian-450x300.jpg 450w, https:\/\/www.rwg-bayreuth.de\/home\/wp-content\/uploads\/2019\/09\/19-20-CafePi-Christian-Josefine-Fabian-768x512.jpg 768w, https:\/\/www.rwg-bayreuth.de\/home\/wp-content\/uploads\/2019\/09\/19-20-CafePi-Christian-Josefine-Fabian.jpg 1024w, https:\/\/www.rwg-bayreuth.de\/home\/wp-content\/uploads\/2019\/09\/19-20-CafePi-Christian-Josefine-Fabian-250x167.jpg 250w, https:\/\/www.rwg-bayreuth.de\/home\/wp-content\/uploads\/2019\/09\/19-20-CafePi-Christian-Josefine-Fabian-900x600.jpg 900w\" sizes=\"(max-width: 450px) 100vw, 450px\" \/><\/a><p id=\"caption-attachment-22642\" class=\"wp-caption-text\">Christian, Josefine &#038; Fabian<\/p><\/div>\n<h6 class=\"clear\">Donnerstag:<\/h6>\n<div id=\"attachment_22640\" style=\"width: 310px\" class=\"wp-caption alignleft\"><a href=\"https:\/\/www.rwg-bayreuth.de\/home\/wp-content\/uploads\/2019\/09\/19-20-CafePi-Tim-Eray.jpg\"><img loading=\"lazy\" decoding=\"async\" aria-describedby=\"caption-attachment-22640\" src=\"https:\/\/www.rwg-bayreuth.de\/home\/wp-content\/uploads\/2019\/09\/19-20-CafePi-Tim-Eray-450x300.jpg\" alt=\"\" width=\"450\" height=\"300\" class=\"size-medium wp-image-22640\" srcset=\"https:\/\/www.rwg-bayreuth.de\/home\/wp-content\/uploads\/2019\/09\/19-20-CafePi-Tim-Eray-450x300.jpg 450w, https:\/\/www.rwg-bayreuth.de\/home\/wp-content\/uploads\/2019\/09\/19-20-CafePi-Tim-Eray-768x512.jpg 768w, https:\/\/www.rwg-bayreuth.de\/home\/wp-content\/uploads\/2019\/09\/19-20-CafePi-Tim-Eray.jpg 1024w, https:\/\/www.rwg-bayreuth.de\/home\/wp-content\/uploads\/2019\/09\/19-20-CafePi-Tim-Eray-250x167.jpg 250w, https:\/\/www.rwg-bayreuth.de\/home\/wp-content\/uploads\/2019\/09\/19-20-CafePi-Tim-Eray-900x600.jpg 900w\" sizes=\"(max-width: 450px) 100vw, 450px\" \/><\/a><p id=\"caption-attachment-22640\" class=\"wp-caption-text\">Tim &#038; Eray<\/p><\/div>\n<div id=\"attachment_22643\" style=\"width: 310px\" class=\"wp-caption alignleft\"><a href=\"https:\/\/www.rwg-bayreuth.de\/home\/wp-content\/uploads\/2019\/09\/19-20-CafePi-Leonie-Ann-Katrin.jpg\"><img loading=\"lazy\" decoding=\"async\" aria-describedby=\"caption-attachment-22643\" src=\"https:\/\/www.rwg-bayreuth.de\/home\/wp-content\/uploads\/2019\/09\/19-20-CafePi-Leonie-Ann-Katrin-450x300.jpg\" alt=\"\" width=\"450\" height=\"300\" class=\"size-medium wp-image-22643\" srcset=\"https:\/\/www.rwg-bayreuth.de\/home\/wp-content\/uploads\/2019\/09\/19-20-CafePi-Leonie-Ann-Katrin-450x300.jpg 450w, https:\/\/www.rwg-bayreuth.de\/home\/wp-content\/uploads\/2019\/09\/19-20-CafePi-Leonie-Ann-Katrin-768x512.jpg 768w, https:\/\/www.rwg-bayreuth.de\/home\/wp-content\/uploads\/2019\/09\/19-20-CafePi-Leonie-Ann-Katrin.jpg 1024w, https:\/\/www.rwg-bayreuth.de\/home\/wp-content\/uploads\/2019\/09\/19-20-CafePi-Leonie-Ann-Katrin-250x167.jpg 250w, https:\/\/www.rwg-bayreuth.de\/home\/wp-content\/uploads\/2019\/09\/19-20-CafePi-Leonie-Ann-Katrin-900x600.jpg 900w\" sizes=\"(max-width: 450px) 100vw, 450px\" \/><\/a><p id=\"caption-attachment-22643\" class=\"wp-caption-text\">Leonie &#038; Ann-Kathrin<\/p><\/div>\n","protected":false},"excerpt":{"rendered":"<p>Seit drei Jahren bietet das Caf\u00e9 \u03c0 Sch\u00fclern und Sch\u00fclerinnen der Unter- und Mittelstufe die M\u00f6glichkeit, ihre Mathematikkenntnisse zu verbessern. Auch dieses Schuljahr helfen mathematikbegeisterte Sch\u00fcler und Sch\u00fclerinnen der Q11 und Q12 nach dem Motto \u201evon Sch\u00fclern f\u00fcr Sch\u00fcler erkl\u00e4rt\u201c jeweils in Zweier-Gruppen, Hausaufgaben zu bew\u00e4ltigen und verschiedenste mathematische Fragen zu kl\u00e4ren. Man trifft uns&hellip;<\/p>\n","protected":false},"author":11,"featured_media":22690,"comment_status":"closed","ping_status":"closed","sticky":false,"template":"","format":"standard","meta":{"footnotes":""},"categories":[1],"tags":[99,51,70,96,64],"_links":{"self":[{"href":"https:\/\/www.rwg-bayreuth.de\/home\/index.php?rest_route=\/wp\/v2\/posts\/22639"}],"collection":[{"href":"https:\/\/www.rwg-bayreuth.de\/home\/index.php?rest_route=\/wp\/v2\/posts"}],"about":[{"href":"https:\/\/www.rwg-bayreuth.de\/home\/index.php?rest_route=\/wp\/v2\/types\/post"}],"author":[{"embeddable":true,"href":"https:\/\/www.rwg-bayreuth.de\/home\/index.php?rest_route=\/wp\/v2\/users\/11"}],"replies":[{"embeddable":true,"href":"https:\/\/www.rwg-bayreuth.de\/home\/index.php?rest_route=%2Fwp%2Fv2%2Fcomments&post=22639"}],"version-history":[{"count":8,"href":"https:\/\/www.rwg-bayreuth.de\/home\/index.php?rest_route=\/wp\/v2\/posts\/22639\/revisions"}],"predecessor-version":[{"id":22655,"href":"https:\/\/www.rwg-bayreuth.de\/home\/index.php?rest_route=\/wp\/v2\/posts\/22639\/revisions\/22655"}],"wp:featuredmedia":[{"embeddable":true,"href":"https:\/\/www.rwg-bayreuth.de\/home\/index.php?rest_route=\/wp\/v2\/media\/22690"}],"wp:attachment":[{"href":"https:\/\/www.rwg-bayreuth.de\/home\/index.php?rest_route=%2Fwp%2Fv2%2Fmedia&parent=22639"}],"wp:term":[{"taxonomy":"category","embeddable":true,"href":"https:\/\/www.rwg-bayreuth.de\/home\/index.php?rest_route=%2Fwp%2Fv2%2Fcategories&post=22639"},{"taxonomy":"post_tag","embeddable":true,"href":"https:\/\/www.rwg-bayreuth.de\/home\/index.php?rest_route=%2Fwp%2Fv2%2Ftags&post=22639"}],"curies":[{"name":"wp","href":"https:\/\/api.w.org\/{rel}","templated":true}]}}