{"id":22607,"date":"2019-09-16T17:29:16","date_gmt":"2019-09-16T15:29:16","guid":{"rendered":"http:\/\/www.rwg-bayreuth.de\/home\/?p=22607"},"modified":"2019-09-16T17:29:16","modified_gmt":"2019-09-16T15:29:16","slug":"gott-hat-andere-massstaebe","status":"publish","type":"post","link":"https:\/\/www.rwg-bayreuth.de\/home\/?p=22607","title":{"rendered":"Gott hat andere Ma\u00dfst\u00e4be"},"content":{"rendered":"<p><a href=\"https:\/\/www.rwg-bayreuth.de\/home\/wp-content\/uploads\/2019\/09\/19-20-Anfangsgottesdienst-1.jpg\"><img loading=\"lazy\" decoding=\"async\" src=\"https:\/\/www.rwg-bayreuth.de\/home\/wp-content\/uploads\/2019\/09\/19-20-Anfangsgottesdienst-1-450x338.jpg\" alt=\"\" width=\"450\" height=\"338\" class=\"aligncenter size-medium wp-image-22609\" srcset=\"https:\/\/www.rwg-bayreuth.de\/home\/wp-content\/uploads\/2019\/09\/19-20-Anfangsgottesdienst-1-450x338.jpg 450w, https:\/\/www.rwg-bayreuth.de\/home\/wp-content\/uploads\/2019\/09\/19-20-Anfangsgottesdienst-1-768x576.jpg 768w, https:\/\/www.rwg-bayreuth.de\/home\/wp-content\/uploads\/2019\/09\/19-20-Anfangsgottesdienst-1.jpg 1024w, https:\/\/www.rwg-bayreuth.de\/home\/wp-content\/uploads\/2019\/09\/19-20-Anfangsgottesdienst-1-250x188.jpg 250w\" sizes=\"(max-width: 450px) 100vw, 450px\" \/><\/a><\/p>\n<p>Zum Schulanfangsgottesdienst am 11. September f\u00fcllten die Sch\u00fclerinnen und Sch\u00fcler des Richard-Wagner-Gymnasiums traditionell die ganze Stadtkirche. <a href=\"https:\/\/www.rwg-bayreuth.de\/home\/wp-content\/uploads\/2019\/09\/19-20-Anfangsgottesdienst-2.jpg\"><img loading=\"lazy\" decoding=\"async\" src=\"https:\/\/www.rwg-bayreuth.de\/home\/wp-content\/uploads\/2019\/09\/19-20-Anfangsgottesdienst-2-338x450.jpg\" alt=\"\" width=\"338\" height=\"450\" class=\"alignright size-medium wp-image-22608\" srcset=\"https:\/\/www.rwg-bayreuth.de\/home\/wp-content\/uploads\/2019\/09\/19-20-Anfangsgottesdienst-2-338x450.jpg 338w, https:\/\/www.rwg-bayreuth.de\/home\/wp-content\/uploads\/2019\/09\/19-20-Anfangsgottesdienst-2.jpg 768w, https:\/\/www.rwg-bayreuth.de\/home\/wp-content\/uploads\/2019\/09\/19-20-Anfangsgottesdienst-2-250x333.jpg 250w\" sizes=\"(max-width: 338px) 100vw, 338px\" \/><\/a>Der \u00f6kumenische Gottesdienst stand unter dem Thema \u201eGott hat andere Ma\u00dfst\u00e4be als die Schule\u201c. Frau Kemnitzer begr\u00fc\u00dfte die gesamte Schulfamilie mit einem sehr pers\u00f6nlichen Gru\u00dfwort. Weil sie im Februar 2020 in den Ruhestand gehen wird, war das nach vielen Jahren ihr letzter Schulanfangsgottesdienst als Lehrkraft am RWG. In seiner kurzen Predigt machte Herr Rusam deutlich, dass die Schule zwar nicht ohne das Leistungsprinzip auskommt, aber dass bei Gott diese Leistung nicht z\u00e4hlt \u2026 nicht einmal die Relinote. Um dies zu veranschaulichen, wurde ein Ma\u00dfband als Symbol f\u00fcr die Leistungsmessung in der Schule zerschnitten. Lange bevor wir Menschen miteinander teilen, auch einmal nachgeben und so lernen, gut miteinander auszukommen, hat Gott zu jedem einzelnen gesagt: \u201eSo wie Du bist, bist Du mein geliebtes Kind!\u201c Darauf k\u00f6nnen wir vertrauen, besonders dann, wenn wieder mal etwas schief gelaufen ist. Das neue Schuljahr soll unter diesem Segen Gottes stehen.<\/p>\n","protected":false},"excerpt":{"rendered":"<p>Zum Schulanfangsgottesdienst am 11. September f\u00fcllten die Sch\u00fclerinnen und Sch\u00fcler des Richard-Wagner-Gymnasiums traditionell die ganze Stadtkirche. Der \u00f6kumenische Gottesdienst stand unter dem Thema \u201eGott hat andere Ma\u00dfst\u00e4be als die Schule\u201c. Frau Kemnitzer begr\u00fc\u00dfte die gesamte Schulfamilie mit einem sehr pers\u00f6nlichen Gru\u00dfwort. Weil sie im Februar 2020 in den Ruhestand gehen wird, war das nach vielen&hellip;<\/p>\n","protected":false},"author":11,"featured_media":22610,"comment_status":"closed","ping_status":"closed","sticky":false,"template":"","format":"standard","meta":{"footnotes":""},"categories":[1],"tags":[51,61,62],"_links":{"self":[{"href":"https:\/\/www.rwg-bayreuth.de\/home\/index.php?rest_route=\/wp\/v2\/posts\/22607"}],"collection":[{"href":"https:\/\/www.rwg-bayreuth.de\/home\/index.php?rest_route=\/wp\/v2\/posts"}],"about":[{"href":"https:\/\/www.rwg-bayreuth.de\/home\/index.php?rest_route=\/wp\/v2\/types\/post"}],"author":[{"embeddable":true,"href":"https:\/\/www.rwg-bayreuth.de\/home\/index.php?rest_route=\/wp\/v2\/users\/11"}],"replies":[{"embeddable":true,"href":"https:\/\/www.rwg-bayreuth.de\/home\/index.php?rest_route=%2Fwp%2Fv2%2Fcomments&post=22607"}],"version-history":[{"count":1,"href":"https:\/\/www.rwg-bayreuth.de\/home\/index.php?rest_route=\/wp\/v2\/posts\/22607\/revisions"}],"predecessor-version":[{"id":22611,"href":"https:\/\/www.rwg-bayreuth.de\/home\/index.php?rest_route=\/wp\/v2\/posts\/22607\/revisions\/22611"}],"wp:featuredmedia":[{"embeddable":true,"href":"https:\/\/www.rwg-bayreuth.de\/home\/index.php?rest_route=\/wp\/v2\/media\/22610"}],"wp:attachment":[{"href":"https:\/\/www.rwg-bayreuth.de\/home\/index.php?rest_route=%2Fwp%2Fv2%2Fmedia&parent=22607"}],"wp:term":[{"taxonomy":"category","embeddable":true,"href":"https:\/\/www.rwg-bayreuth.de\/home\/index.php?rest_route=%2Fwp%2Fv2%2Fcategories&post=22607"},{"taxonomy":"post_tag","embeddable":true,"href":"https:\/\/www.rwg-bayreuth.de\/home\/index.php?rest_route=%2Fwp%2Fv2%2Ftags&post=22607"}],"curies":[{"name":"wp","href":"https:\/\/api.w.org\/{rel}","templated":true}]}}