{"id":22584,"date":"2019-09-12T14:13:46","date_gmt":"2019-09-12T12:13:46","guid":{"rendered":"http:\/\/www.rwg-bayreuth.de\/home\/?p=22584"},"modified":"2022-10-03T21:55:20","modified_gmt":"2022-10-03T19:55:20","slug":"neue-radbekleidung-fuer-die-mountainbiker-am-rwg","status":"publish","type":"post","link":"https:\/\/www.rwg-bayreuth.de\/home\/?p=22584","title":{"rendered":"Neue Radbekleidung f\u00fcr die Mountainbiker am RWG"},"content":{"rendered":"<p><a href=\"https:\/\/www.rwg-bayreuth.de\/home\/wp-content\/uploads\/2019\/09\/Gruppenbild_MTB.jpg\"><img loading=\"lazy\" decoding=\"async\" src=\"https:\/\/www.rwg-bayreuth.de\/home\/wp-content\/uploads\/2019\/09\/Gruppenbild_MTB-450x347.jpg\" alt=\"\" width=\"450\" height=\"347\" class=\"aligncenter size-medium wp-image-22586\" srcset=\"https:\/\/www.rwg-bayreuth.de\/home\/wp-content\/uploads\/2019\/09\/Gruppenbild_MTB-450x347.jpg 450w, https:\/\/www.rwg-bayreuth.de\/home\/wp-content\/uploads\/2019\/09\/Gruppenbild_MTB-768x592.jpg 768w, https:\/\/www.rwg-bayreuth.de\/home\/wp-content\/uploads\/2019\/09\/Gruppenbild_MTB.jpg 1024w, https:\/\/www.rwg-bayreuth.de\/home\/wp-content\/uploads\/2019\/09\/Gruppenbild_MTB-250x193.jpg 250w\" sizes=\"(max-width: 450px) 100vw, 450px\" \/><\/a><\/p>\n<p>P\u00fcnktlich zum Schuljahresbeginn ist die neue RWG Radkollektion eingetroffen.<\/p>\n<p>\u00dcber 30 Sch\u00fclerinnen und Sch\u00fcler des RWG sind aktiv mit dem Mountainbike unterwegs.<br \/>\nHierf\u00fcr gibt es in diesem Schuljahr wieder eine neue schuleigene Radbekleidungskollektion, die unsere Sch\u00fcler einerseits auf den Strecken in und um Bayreuth gut sichtbar macht und andererseits f\u00fcr jedes Wetter wappnet.<br \/>\nUmgesetzt konnte dies werden, da sich dankenswerter Weise verschiedene Sponsoren fanden, die das Projekt unterst\u00fctzen. Ganz herzlichen Dank hierf\u00fcr!<\/p>\n","protected":false},"excerpt":{"rendered":"<p>P\u00fcnktlich zum Schuljahresbeginn ist die neue RWG Radkollektion eingetroffen. \u00dcber 30 Sch\u00fclerinnen und Sch\u00fcler des RWG sind aktiv mit dem Mountainbike unterwegs. Hierf\u00fcr gibt es in diesem Schuljahr wieder eine neue schuleigene Radbekleidungskollektion, die unsere Sch\u00fcler einerseits auf den Strecken in und um Bayreuth gut sichtbar macht und andererseits f\u00fcr jedes Wetter wappnet. Umgesetzt konnte&hellip;<\/p>\n","protected":false},"author":11,"featured_media":22585,"comment_status":"closed","ping_status":"closed","sticky":false,"template":"","format":"standard","meta":{"footnotes":""},"categories":[1],"tags":[51,135,63],"_links":{"self":[{"href":"https:\/\/www.rwg-bayreuth.de\/home\/index.php?rest_route=\/wp\/v2\/posts\/22584"}],"collection":[{"href":"https:\/\/www.rwg-bayreuth.de\/home\/index.php?rest_route=\/wp\/v2\/posts"}],"about":[{"href":"https:\/\/www.rwg-bayreuth.de\/home\/index.php?rest_route=\/wp\/v2\/types\/post"}],"author":[{"embeddable":true,"href":"https:\/\/www.rwg-bayreuth.de\/home\/index.php?rest_route=\/wp\/v2\/users\/11"}],"replies":[{"embeddable":true,"href":"https:\/\/www.rwg-bayreuth.de\/home\/index.php?rest_route=%2Fwp%2Fv2%2Fcomments&post=22584"}],"version-history":[{"count":1,"href":"https:\/\/www.rwg-bayreuth.de\/home\/index.php?rest_route=\/wp\/v2\/posts\/22584\/revisions"}],"predecessor-version":[{"id":22587,"href":"https:\/\/www.rwg-bayreuth.de\/home\/index.php?rest_route=\/wp\/v2\/posts\/22584\/revisions\/22587"}],"wp:featuredmedia":[{"embeddable":true,"href":"https:\/\/www.rwg-bayreuth.de\/home\/index.php?rest_route=\/wp\/v2\/media\/22585"}],"wp:attachment":[{"href":"https:\/\/www.rwg-bayreuth.de\/home\/index.php?rest_route=%2Fwp%2Fv2%2Fmedia&parent=22584"}],"wp:term":[{"taxonomy":"category","embeddable":true,"href":"https:\/\/www.rwg-bayreuth.de\/home\/index.php?rest_route=%2Fwp%2Fv2%2Fcategories&post=22584"},{"taxonomy":"post_tag","embeddable":true,"href":"https:\/\/www.rwg-bayreuth.de\/home\/index.php?rest_route=%2Fwp%2Fv2%2Ftags&post=22584"}],"curies":[{"name":"wp","href":"https:\/\/api.w.org\/{rel}","templated":true}]}}