{"id":22564,"date":"2019-09-10T19:20:57","date_gmt":"2019-09-10T17:20:57","guid":{"rendered":"http:\/\/www.rwg-bayreuth.de\/home\/?p=22564"},"modified":"2021-11-14T18:55:59","modified_gmt":"2021-11-14T17:55:59","slug":"ein-neues-schuljahr","status":"publish","type":"post","link":"https:\/\/www.rwg-bayreuth.de\/home\/?p=22564","title":{"rendered":"Ein neues Schuljahr"},"content":{"rendered":"<p><a href=\"https:\/\/www.rwg-bayreuth.de\/home\/wp-content\/uploads\/2019\/09\/neues_schuljahr_01.jpg\"><img loading=\"lazy\" decoding=\"async\" class=\"aligncenter size-full wp-image-22574\" src=\"https:\/\/www.rwg-bayreuth.de\/home\/wp-content\/uploads\/2019\/09\/neues_schuljahr_01.jpg\" alt=\"\" width=\"450\" height=\"337\" srcset=\"https:\/\/www.rwg-bayreuth.de\/home\/wp-content\/uploads\/2019\/09\/neues_schuljahr_01.jpg 450w, https:\/\/www.rwg-bayreuth.de\/home\/wp-content\/uploads\/2019\/09\/neues_schuljahr_01-250x187.jpg 250w\" sizes=\"(max-width: 450px) 100vw, 450px\" \/><\/a><br \/>\nDas Schuljahr 2019\/2020 hat begonnen. F\u00fcr unsere 102 F\u00fcnftkl\u00e4ssler ist es sogar ein neues erstes Schuljahr, es ist ihr erstes am Gymnasium. F\u00fcr sie wurden vier Klassen eingerichtet.<br \/>\nEtwa 760 Sch\u00fclerinnen und Sch\u00fcler verteilen sich auf 22 Klassen. Im Schnitt besteht eine Klasse aus knapp 25 Sch\u00fclern.<br \/>\nDie Klasseneinteilung der neuen f\u00fcnften Klassen erfolgte in der Turnhalle. Auch Eltern, Geschwister, Verwandte und zahlreiche Gro\u00dfeltern blickten erwartungsfroh.<br \/>\n<a href=\"https:\/\/www.rwg-bayreuth.de\/home\/wp-content\/uploads\/2019\/09\/neues_schuljahr_02.jpg\"><img loading=\"lazy\" decoding=\"async\" class=\"aligncenter size-full wp-image-22572\" src=\"https:\/\/www.rwg-bayreuth.de\/home\/wp-content\/uploads\/2019\/09\/neues_schuljahr_02.jpg\" alt=\"\" width=\"450\" height=\"337\" srcset=\"https:\/\/www.rwg-bayreuth.de\/home\/wp-content\/uploads\/2019\/09\/neues_schuljahr_02.jpg 450w, https:\/\/www.rwg-bayreuth.de\/home\/wp-content\/uploads\/2019\/09\/neues_schuljahr_02-250x187.jpg 250w\" sizes=\"(max-width: 450px) 100vw, 450px\" \/><\/a><br \/>\nSchulleiterin Graf verglich in ihrer Begr\u00fc\u00dfungsansprache die kommenden neun Jahre mit einer aufregenden, manchmal sicher auch beschwerlichen Bergwanderung, die am Ende vom Erfolg gekr\u00f6nt sein soll: Der erfolgreiche Schulabschluss wird grandiose R\u00fcckblicke und Ausblicke erm\u00f6glichen!<br \/>\nBesondere und nun schon bew\u00e4hrte Profilf\u00e4cher wurden f\u00fcr die neuen f\u00fcnften Klassen eingerichtet. In den Bereichen \u201eForschen und Entdecken\u201c, \u201eSport\u201c, \u201eTheater\u201c, \u201eKreativ sein beim Basteln und Kochen\u201c sowie \u201eMusik und Tanz\u201c gibt es ein besonderes Profilfach-Angebot, das es erm\u00f6glichen soll, neben den \u00fcblichen gymnasialen F\u00e4chern auch die besonderen pers\u00f6nlichen Interessen zu entwickeln. Dieses Profilprogramm ist in den Stundenplan integriert und ben\u00f6tigt keinen zus\u00e4tzlichen Nachmitagsunterricht. <a href=\"https:\/\/www.rwg-bayreuth.de\/home\/?page_id=29773\">[mehr zu den Profilf\u00e4chern\u2026]<\/a><\/p>\n","protected":false},"excerpt":{"rendered":"<p>Das Schuljahr 2019\/2020 hat begonnen. F\u00fcr unsere 102 F\u00fcnftkl\u00e4ssler ist es sogar ein neues erstes Schuljahr, es ist ihr erstes am Gymnasium. F\u00fcr sie wurden vier Klassen eingerichtet. Etwa 760 Sch\u00fclerinnen und Sch\u00fcler verteilen sich auf 22 Klassen. Im Schnitt besteht eine Klasse aus knapp 25 Sch\u00fclern. Die Klasseneinteilung der neuen f\u00fcnften Klassen erfolgte in&hellip;<\/p>\n","protected":false},"author":1,"featured_media":22595,"comment_status":"closed","ping_status":"closed","sticky":false,"template":"","format":"standard","meta":{"footnotes":""},"categories":[1],"tags":[51],"_links":{"self":[{"href":"https:\/\/www.rwg-bayreuth.de\/home\/index.php?rest_route=\/wp\/v2\/posts\/22564"}],"collection":[{"href":"https:\/\/www.rwg-bayreuth.de\/home\/index.php?rest_route=\/wp\/v2\/posts"}],"about":[{"href":"https:\/\/www.rwg-bayreuth.de\/home\/index.php?rest_route=\/wp\/v2\/types\/post"}],"author":[{"embeddable":true,"href":"https:\/\/www.rwg-bayreuth.de\/home\/index.php?rest_route=\/wp\/v2\/users\/1"}],"replies":[{"embeddable":true,"href":"https:\/\/www.rwg-bayreuth.de\/home\/index.php?rest_route=%2Fwp%2Fv2%2Fcomments&post=22564"}],"version-history":[{"count":19,"href":"https:\/\/www.rwg-bayreuth.de\/home\/index.php?rest_route=\/wp\/v2\/posts\/22564\/revisions"}],"predecessor-version":[{"id":29797,"href":"https:\/\/www.rwg-bayreuth.de\/home\/index.php?rest_route=\/wp\/v2\/posts\/22564\/revisions\/29797"}],"wp:featuredmedia":[{"embeddable":true,"href":"https:\/\/www.rwg-bayreuth.de\/home\/index.php?rest_route=\/wp\/v2\/media\/22595"}],"wp:attachment":[{"href":"https:\/\/www.rwg-bayreuth.de\/home\/index.php?rest_route=%2Fwp%2Fv2%2Fmedia&parent=22564"}],"wp:term":[{"taxonomy":"category","embeddable":true,"href":"https:\/\/www.rwg-bayreuth.de\/home\/index.php?rest_route=%2Fwp%2Fv2%2Fcategories&post=22564"},{"taxonomy":"post_tag","embeddable":true,"href":"https:\/\/www.rwg-bayreuth.de\/home\/index.php?rest_route=%2Fwp%2Fv2%2Ftags&post=22564"}],"curies":[{"name":"wp","href":"https:\/\/api.w.org\/{rel}","templated":true}]}}