{"id":22484,"date":"2018-01-31T18:02:13","date_gmt":"2018-01-31T17:02:13","guid":{"rendered":"http:\/\/www.rwg-bayreuth.de\/home\/?p=22484"},"modified":"2019-08-15T08:51:34","modified_gmt":"2019-08-15T06:51:34","slug":"rwg-jubilaeumsgottesdienst-die-himmel-erzaehlen","status":"publish","type":"post","link":"https:\/\/www.rwg-bayreuth.de\/home\/?p=22484","title":{"rendered":"RWG Jubil\u00e4ums&shy;gottes&shy;dienst &#8211; Die Himmel erz\u00e4hlen"},"content":{"rendered":"<div class=\"elastic-video\"><iframe loading=\"lazy\" width=\"867\" height=\"488\" src=\"https:\/\/www.youtube.com\/embed\/N328VMjsmqA\" frameborder=\"0\" allow=\"accelerometer; autoplay; encrypted-media; gyroscope; picture-in-picture\" allowfullscreen><\/iframe><\/div>\n<p><\/br><\/p>\n<p>Joseph Haydn (1732-1809) komponierte &#8222;die Sch\u00f6pfung&#8220; (Hob. XXI:2) 1798 als ein Oratorium, welches die biblische Geschichte von der Erschaffung der Welt vertont. Anl\u00e4sslich des Geburtstages seiner Schule f\u00fchrt der Oberstufenchor des RWG die Nr. 13 &#8222;Die Himmel erz\u00e4hlen die Ehre Gottes&#8220; daraus im Rahmen des Festgottesdienstes am 13.10.2017 auf. <\/p>\n<p>Leitung: F. Mehling<br \/>\nKlavier: H. Mehling<br \/>\nSolisten: L. Bitterwolf, C. Dippold, C. He\u00df<\/p>\n","protected":false},"excerpt":{"rendered":"<p>Joseph Haydn (1732-1809) komponierte &#8222;die Sch\u00f6pfung&#8220; (Hob. XXI:2) 1798 als ein Oratorium, welches die biblische Geschichte von der Erschaffung der Welt vertont. Anl\u00e4sslich des Geburtstages seiner Schule f\u00fchrt der Oberstufenchor des RWG die Nr. 13 &#8222;Die Himmel erz\u00e4hlen die Ehre Gottes&#8220; daraus im Rahmen des Festgottesdienstes am 13.10.2017 auf. Leitung: F. Mehling Klavier: H. Mehling&hellip;<\/p>\n","protected":false},"author":11,"featured_media":22486,"comment_status":"closed","ping_status":"closed","sticky":false,"template":"","format":"standard","meta":{"footnotes":""},"categories":[1],"tags":[44,116],"_links":{"self":[{"href":"https:\/\/www.rwg-bayreuth.de\/home\/index.php?rest_route=\/wp\/v2\/posts\/22484"}],"collection":[{"href":"https:\/\/www.rwg-bayreuth.de\/home\/index.php?rest_route=\/wp\/v2\/posts"}],"about":[{"href":"https:\/\/www.rwg-bayreuth.de\/home\/index.php?rest_route=\/wp\/v2\/types\/post"}],"author":[{"embeddable":true,"href":"https:\/\/www.rwg-bayreuth.de\/home\/index.php?rest_route=\/wp\/v2\/users\/11"}],"replies":[{"embeddable":true,"href":"https:\/\/www.rwg-bayreuth.de\/home\/index.php?rest_route=%2Fwp%2Fv2%2Fcomments&post=22484"}],"version-history":[{"count":2,"href":"https:\/\/www.rwg-bayreuth.de\/home\/index.php?rest_route=\/wp\/v2\/posts\/22484\/revisions"}],"predecessor-version":[{"id":22506,"href":"https:\/\/www.rwg-bayreuth.de\/home\/index.php?rest_route=\/wp\/v2\/posts\/22484\/revisions\/22506"}],"wp:featuredmedia":[{"embeddable":true,"href":"https:\/\/www.rwg-bayreuth.de\/home\/index.php?rest_route=\/wp\/v2\/media\/22486"}],"wp:attachment":[{"href":"https:\/\/www.rwg-bayreuth.de\/home\/index.php?rest_route=%2Fwp%2Fv2%2Fmedia&parent=22484"}],"wp:term":[{"taxonomy":"category","embeddable":true,"href":"https:\/\/www.rwg-bayreuth.de\/home\/index.php?rest_route=%2Fwp%2Fv2%2Fcategories&post=22484"},{"taxonomy":"post_tag","embeddable":true,"href":"https:\/\/www.rwg-bayreuth.de\/home\/index.php?rest_route=%2Fwp%2Fv2%2Ftags&post=22484"}],"curies":[{"name":"wp","href":"https:\/\/api.w.org\/{rel}","templated":true}]}}