{"id":22329,"date":"2019-07-25T11:02:40","date_gmt":"2019-07-25T09:02:40","guid":{"rendered":"http:\/\/www.rwg-bayreuth.de\/home\/?p=22329"},"modified":"2019-08-06T14:49:46","modified_gmt":"2019-08-06T12:49:46","slug":"antisemitismus-in-deutschland-ein-vortrag-im-iwalewahaus","status":"publish","type":"post","link":"https:\/\/www.rwg-bayreuth.de\/home\/?p=22329","title":{"rendered":"&#8222;Antisemitismus in Deutschland&#8220; &#8211; ein Vortrag im Iwalewahaus"},"content":{"rendered":"<p><a href=\"https:\/\/www.rwg-bayreuth.de\/home\/wp-content\/uploads\/2019\/07\/Antisemitismus-q.jpg\"><img loading=\"lazy\" decoding=\"async\" src=\"https:\/\/www.rwg-bayreuth.de\/home\/wp-content\/uploads\/2019\/07\/Antisemitismus-q-450x362.jpg\" alt=\"\" width=\"450\" height=\"362\" class=\"aligncenter size-medium wp-image-22332\" \/><\/a><\/p>\n<p>Antisemitismus ist nicht nur ein Ph\u00e4nomen des politischen Extremismus. Immer deutlicher werden Diskriminierungen von J\u00fcdinnen und Juden auch im Alltag sichtbar. Nicht selten wird Judenhass als vermeintliche Meinungsfreiheit getarnt. Welche Rolle spielen dabei Sprache, Internet und Soziale Medien? Welche Entwicklungen sind zu beobachten? Und welches Engagement besteht gegen diese Erscheinungsformen des Antisemitismus?<br \/>\nDiese Fragen stellten sich Sch\u00fclerinnen und Sch\u00fcler der 11.&nbsp;Klasse mit ihrem Geschichtskurs im Iwalewahaus der Universit\u00e4t Bayreuth. <\/p>\n<p>Im Rahmen einer Tagung der Universit\u00e4t Bayreuth zum Thema \u201eAntisemitismus in Deutschland\u201c fand eine Podiumsdiskussion statt, zu der der Geschichtskurs eingeladen war.<br \/>\nDie Moderatorin Eva Hell vom Bayerischen Rundfunk f\u00fchrte mit vielen spannende Fragen und den Einbezug des Publikums durch die Debatte. Ihre Gespr\u00e4chspartner auf der B\u00fchne waren der Vorsitzende der Israelischen Kultusgemeinde N\u00fcrnberg, Jo-Achim Hamburger sowie der Staatsminister a.&nbsp;D. und Beauftragte der Bayerischen Staatsregierung f\u00fcr j\u00fcdisches Leben und gegen Antisemitismus, f\u00fcr Erinnerungsarbeit und geschichtliches Erbe, Dr.&nbsp;Ludwig Spaenle.<br \/>\nDabei wurden viele Entwicklungen aufgezeigt, die deutlich machen, wie n\u00f6tig ein breites gesellschaftlichen Engagement gegen antisemitistische Tendenzen ist.<br \/>\nSo gab es nach der Veranstaltung noch viel Redebedarf und Austausch innerhalb des Kurses \u00fcber die geh\u00f6rten Stellungnahmen.<br \/>\nEs war ein Besuch, der im Ged\u00e4chtnis bleiben wird und zu eigenem Engagement angeregt hat.<\/p>\n","protected":false},"excerpt":{"rendered":"<p>Antisemitismus ist nicht nur ein Ph\u00e4nomen des politischen Extremismus. Immer deutlicher werden Diskriminierungen von J\u00fcdinnen und Juden auch im Alltag sichtbar. Nicht selten wird Judenhass als vermeintliche Meinungsfreiheit getarnt. Welche Rolle spielen dabei Sprache, Internet und Soziale Medien? Welche Entwicklungen sind zu beobachten? Und welches Engagement besteht gegen diese Erscheinungsformen des Antisemitismus? Diese Fragen stellten&hellip;<\/p>\n","protected":false},"author":11,"featured_media":22332,"comment_status":"closed","ping_status":"closed","sticky":false,"template":"","format":"standard","meta":{"footnotes":""},"categories":[1],"tags":[90,51],"_links":{"self":[{"href":"https:\/\/www.rwg-bayreuth.de\/home\/index.php?rest_route=\/wp\/v2\/posts\/22329"}],"collection":[{"href":"https:\/\/www.rwg-bayreuth.de\/home\/index.php?rest_route=\/wp\/v2\/posts"}],"about":[{"href":"https:\/\/www.rwg-bayreuth.de\/home\/index.php?rest_route=\/wp\/v2\/types\/post"}],"author":[{"embeddable":true,"href":"https:\/\/www.rwg-bayreuth.de\/home\/index.php?rest_route=\/wp\/v2\/users\/11"}],"replies":[{"embeddable":true,"href":"https:\/\/www.rwg-bayreuth.de\/home\/index.php?rest_route=%2Fwp%2Fv2%2Fcomments&post=22329"}],"version-history":[{"count":3,"href":"https:\/\/www.rwg-bayreuth.de\/home\/index.php?rest_route=\/wp\/v2\/posts\/22329\/revisions"}],"predecessor-version":[{"id":22369,"href":"https:\/\/www.rwg-bayreuth.de\/home\/index.php?rest_route=\/wp\/v2\/posts\/22329\/revisions\/22369"}],"wp:featuredmedia":[{"embeddable":true,"href":"https:\/\/www.rwg-bayreuth.de\/home\/index.php?rest_route=\/wp\/v2\/media\/22332"}],"wp:attachment":[{"href":"https:\/\/www.rwg-bayreuth.de\/home\/index.php?rest_route=%2Fwp%2Fv2%2Fmedia&parent=22329"}],"wp:term":[{"taxonomy":"category","embeddable":true,"href":"https:\/\/www.rwg-bayreuth.de\/home\/index.php?rest_route=%2Fwp%2Fv2%2Fcategories&post=22329"},{"taxonomy":"post_tag","embeddable":true,"href":"https:\/\/www.rwg-bayreuth.de\/home\/index.php?rest_route=%2Fwp%2Fv2%2Ftags&post=22329"}],"curies":[{"name":"wp","href":"https:\/\/api.w.org\/{rel}","templated":true}]}}