{"id":22301,"date":"2019-07-26T13:50:20","date_gmt":"2019-07-26T11:50:20","guid":{"rendered":"http:\/\/www.rwg-bayreuth.de\/home\/?p=22301"},"modified":"2019-08-10T08:24:56","modified_gmt":"2019-08-10T06:24:56","slug":"der-fruehsommernachtstraum-eine-gerittene-variante-des-sommernachtstraums","status":"publish","type":"post","link":"https:\/\/www.rwg-bayreuth.de\/home\/?p=22301","title":{"rendered":"Der Fr\u00fchsommer&shy;nachts&shy;traum &#8211; eine gerittene Variante des \u201eSommer&shy;nachtstraums\u201c"},"content":{"rendered":"<p><a href=\"https:\/\/www.rwg-bayreuth.de\/home\/wp-content\/uploads\/2019\/07\/18-19-Theater-Bild_S1.jpg\"><img loading=\"lazy\" decoding=\"async\" src=\"https:\/\/www.rwg-bayreuth.de\/home\/wp-content\/uploads\/2019\/07\/18-19-Theater-Bild_S1-450x338.jpg\" alt=\"\" width=\"450\" height=\"338\" class=\"aligncenter size-medium wp-image-22305\" srcset=\"https:\/\/www.rwg-bayreuth.de\/home\/wp-content\/uploads\/2019\/07\/18-19-Theater-Bild_S1-450x338.jpg 450w, https:\/\/www.rwg-bayreuth.de\/home\/wp-content\/uploads\/2019\/07\/18-19-Theater-Bild_S1-768x576.jpg 768w, https:\/\/www.rwg-bayreuth.de\/home\/wp-content\/uploads\/2019\/07\/18-19-Theater-Bild_S1.jpg 1024w, https:\/\/www.rwg-bayreuth.de\/home\/wp-content\/uploads\/2019\/07\/18-19-Theater-Bild_S1-250x188.jpg 250w\" sizes=\"(max-width: 450px) 100vw, 450px\" \/><\/a><\/p>\n<p>Gemeinsam mit dem Waldherrn schweben 12 als Waldelfen verkleidete Sch\u00fclerinnen der Reit-AG in die ganz im Thema des Fr\u00fchsommernachtstraum dekorierte Reithalle in Lindau ein und beginnen zu dem Lied \u201eAvalon\u201c die Leuchtpois in einer von ihnen selbst entworfenen Choreographie zu schwingen. <a href=\"https:\/\/www.rwg-bayreuth.de\/home\/wp-content\/uploads\/2019\/07\/18-19-Theater-Bild_S2.jpg\"><img loading=\"lazy\" decoding=\"async\" src=\"https:\/\/www.rwg-bayreuth.de\/home\/wp-content\/uploads\/2019\/07\/18-19-Theater-Bild_S2-355x450.jpg\" alt=\"\" width=\"355\" height=\"450\" class=\"alignright size-medium wp-image-22306\" srcset=\"https:\/\/www.rwg-bayreuth.de\/home\/wp-content\/uploads\/2019\/07\/18-19-Theater-Bild_S2-355x450.jpg 355w, https:\/\/www.rwg-bayreuth.de\/home\/wp-content\/uploads\/2019\/07\/18-19-Theater-Bild_S2-768x973.jpg 768w, https:\/\/www.rwg-bayreuth.de\/home\/wp-content\/uploads\/2019\/07\/18-19-Theater-Bild_S2.jpg 808w, https:\/\/www.rwg-bayreuth.de\/home\/wp-content\/uploads\/2019\/07\/18-19-Theater-Bild_S2-250x317.jpg 250w\" sizes=\"(max-width: 355px) 100vw, 355px\" \/><\/a>Das Publikum verfolgt diese, wie auch u.a. die Balletteinlage der T\u00e4nzerin Anna-Lena Holzbeierlein, die als Pucki mit der Elbin Titania ein Pas des Deux tanzt und reitet, ganz gebannt.  <\/p>\n<p>Der Auftritt in Reithalle Lindau, organisiert von dem mit der Schule kooperierenden Verein \u201ePferdefreunde Eckersdorf\u201c, wurde im Anschluss an die w\u00f6chentlichen Reitstunden in der Reitanlage F\u00fcrsetz einge\u00fcbt. Der Tanz mit den Pois dient zudem dazu, die Koordinationsf\u00e4higkeit der Sch\u00fclerInnen zu f\u00f6rdern, was nat\u00fcrlich wieder dem Erlernen des Reitens zutr\u00e4glich ist. Immer freitags treffen sich die Teilnehmer der Reit-AG, um auf ihren Lieblingspferden das Wochenende mit \u201edem gr\u00f6\u00dften Gl\u00fcck der Erde\u201c einzul\u00e4uten. Meist findet der Unterricht in der Halle oder dem Reitplatz statt, wo best\u00e4ndig an der Vervollkommnung der reiterlichen F\u00e4higkeiten gearbeitet wird. Inzwischen sind alle Reitsch\u00fcler der AG soweit, dass sie selbst\u00e4ndig auch au\u00dferhalb der Reitabteilung ihre Pferde in allen drei Gangarten \u2013 Schritt, Trab, Galopp &#8211; sicher beherrschen. So ist es an besonders sch\u00f6nen Freitagen im Winter im Schnee oder im Sommer \u00fcber die Wald- und Feldwege m\u00f6glich, gemeinsam auszureiten, was nat\u00fcrlich besonders viel Spa\u00df macht. Abgerundet wird die Reitstunde immer mit einem Theorieteil, denn nur, wenn man das Pferd verstehen lernt, kann man noch mehr Freude an dem Pferd und dem Reitsport entwickeln. Gl\u00fccklich und sichtlich ausgepowert freuen sich die Reiter dann am Freitagnachmittag schon auf das n\u00e4chste Wochenende. <\/p>\n<p><a href=\"https:\/\/www.rwg-bayreuth.de\/home\/wp-content\/uploads\/2019\/07\/18-19-Theater-Bild_S3.jpg\"><img loading=\"lazy\" decoding=\"async\" src=\"https:\/\/www.rwg-bayreuth.de\/home\/wp-content\/uploads\/2019\/07\/18-19-Theater-Bild_S3-150x150.jpg\" alt=\"\" width=\"150\" height=\"150\" class=\"alignleft size-thumbnail wp-image-22302\" \/><\/a><a href=\"https:\/\/www.rwg-bayreuth.de\/home\/wp-content\/uploads\/2019\/07\/18-19-Theater-Bild_S5.jpg\"><img loading=\"lazy\" decoding=\"async\" src=\"https:\/\/www.rwg-bayreuth.de\/home\/wp-content\/uploads\/2019\/07\/18-19-Theater-Bild_S5-150x150.jpg\" alt=\"\" width=\"150\" height=\"150\" class=\"alignleft size-thumbnail wp-image-22304\" srcset=\"https:\/\/www.rwg-bayreuth.de\/home\/wp-content\/uploads\/2019\/07\/18-19-Theater-Bild_S5-150x150.jpg 150w, https:\/\/www.rwg-bayreuth.de\/home\/wp-content\/uploads\/2019\/07\/18-19-Theater-Bild_S5-768x768.jpg 768w\" sizes=\"(max-width: 150px) 100vw, 150px\" \/><\/a><a href=\"https:\/\/www.rwg-bayreuth.de\/home\/wp-content\/uploads\/2019\/07\/18-19-Theater-Bild_S4.jpg\"><img loading=\"lazy\" decoding=\"async\" src=\"https:\/\/www.rwg-bayreuth.de\/home\/wp-content\/uploads\/2019\/07\/18-19-Theater-Bild_S4-150x150.jpg\" alt=\"\" width=\"150\" height=\"150\" class=\"alignleft size-thumbnail wp-image-22303\" \/><\/a><\/p>\n","protected":false},"excerpt":{"rendered":"<p>Gemeinsam mit dem Waldherrn schweben 12 als Waldelfen verkleidete Sch\u00fclerinnen der Reit-AG in die ganz im Thema des Fr\u00fchsommernachtstraum dekorierte Reithalle in Lindau ein und beginnen zu dem Lied \u201eAvalon\u201c die Leuchtpois in einer von ihnen selbst entworfenen Choreographie zu schwingen. Das Publikum verfolgt diese, wie auch u.a. die Balletteinlage der T\u00e4nzerin Anna-Lena Holzbeierlein, die&hellip;<\/p>\n","protected":false},"author":11,"featured_media":22374,"comment_status":"closed","ping_status":"closed","sticky":false,"template":"","format":"standard","meta":{"footnotes":""},"categories":[1],"tags":[43,51,36],"_links":{"self":[{"href":"https:\/\/www.rwg-bayreuth.de\/home\/index.php?rest_route=\/wp\/v2\/posts\/22301"}],"collection":[{"href":"https:\/\/www.rwg-bayreuth.de\/home\/index.php?rest_route=\/wp\/v2\/posts"}],"about":[{"href":"https:\/\/www.rwg-bayreuth.de\/home\/index.php?rest_route=\/wp\/v2\/types\/post"}],"author":[{"embeddable":true,"href":"https:\/\/www.rwg-bayreuth.de\/home\/index.php?rest_route=\/wp\/v2\/users\/11"}],"replies":[{"embeddable":true,"href":"https:\/\/www.rwg-bayreuth.de\/home\/index.php?rest_route=%2Fwp%2Fv2%2Fcomments&post=22301"}],"version-history":[{"count":5,"href":"https:\/\/www.rwg-bayreuth.de\/home\/index.php?rest_route=\/wp\/v2\/posts\/22301\/revisions"}],"predecessor-version":[{"id":22397,"href":"https:\/\/www.rwg-bayreuth.de\/home\/index.php?rest_route=\/wp\/v2\/posts\/22301\/revisions\/22397"}],"wp:featuredmedia":[{"embeddable":true,"href":"https:\/\/www.rwg-bayreuth.de\/home\/index.php?rest_route=\/wp\/v2\/media\/22374"}],"wp:attachment":[{"href":"https:\/\/www.rwg-bayreuth.de\/home\/index.php?rest_route=%2Fwp%2Fv2%2Fmedia&parent=22301"}],"wp:term":[{"taxonomy":"category","embeddable":true,"href":"https:\/\/www.rwg-bayreuth.de\/home\/index.php?rest_route=%2Fwp%2Fv2%2Fcategories&post=22301"},{"taxonomy":"post_tag","embeddable":true,"href":"https:\/\/www.rwg-bayreuth.de\/home\/index.php?rest_route=%2Fwp%2Fv2%2Ftags&post=22301"}],"curies":[{"name":"wp","href":"https:\/\/api.w.org\/{rel}","templated":true}]}}